{"id":339026,"date":"2025-08-23T18:05:10","date_gmt":"2025-08-23T18:05:10","guid":{"rendered":"https:\/\/www.europesays.com\/fr\/339026\/"},"modified":"2025-08-23T18:05:10","modified_gmt":"2025-08-23T18:05:10","slug":"cyclisme-tour-dallemagne-pogacar-prend-la-defense-de-van-poppel-le-clair-vainqueur","status":"publish","type":"post","link":"https:\/\/www.europesays.com\/fr\/339026\/","title":{"rendered":"Cyclisme. Tour d&rsquo;Allemagne &#8211; Pogacar prend la d\u00e9fense de Van Poppel \u00able clair vainqueur\u00bb"},"content":{"rendered":"<p><strong>Tadej Pogacar <\/strong>n\u2019a pas tard\u00e9 \u00e0 r\u00e9agir au d\u00e9classement de<strong> Danny Van Poppel<\/strong> lors de la 3e \u00e9tape du <strong><a href=\"https:\/\/www.cyclismactu.net\/..\/news-cyclisme-route-tour-d-allemagne-van-poppel-3e-etape-puis-declasse-waerenskjold-vainqueur-89749.html\" target=\"_blank\" rel=\"nofollow noopener\">Tour d\u2019Allemagne<\/a><\/strong>, ce samedi. Le sprinteur n\u00e9erlandais, premier \u00e0 franchir la ligne, a \u00e9t\u00e9 r\u00e9trograd\u00e9 par le jury des commissaires au profit de <strong>Soren Waerenskjold<\/strong> (Uno-X Mobility). Une d\u00e9cision que le Slov\u00e8ne juge totalement injustifi\u00e9e. \u00ab\u00a0Le clair vainqueur de l\u2019\u00e9tape du jour\u00a0\u00bb, a \u00e9crit <strong>Pogacar <\/strong>dans une story Instagram, en soutien \u00e0 l\u2019homme fort de <strong>Red Bull-BORA-hansgrohe<\/strong>. \u00ab\u00a0Ces d\u00e9classements sont des pures blagues et sont incorrects. Le travail est mal fait\u2026 comme bien d\u2019autres fois cette ann\u00e9e. F\u00e9licitations Danny Van Poppel, tu as gagn\u00e9 !\u00a0\u00bb<\/p>\n<p>Vid\u00e9o &#8211; Le r\u00e9sum\u00e9 de cette 3e \u00e9tape du Tour d&rsquo;Allemagne Lire la suite de l&rsquo;article&#13;<\/p>\n<p>\u00a0<\/p>\n<p>&#13;<br \/>\nVan Poppel un habitu\u00e9 des manoeuvres dangereuses&#13;<\/p>\n<p><strong>Van Poppel <\/strong>n\u2019en est pas \u00e0 sa premi\u00e8re sanction. D\u00e9j\u00e0 sanctionn\u00e9 \u00e0 plusieurs reprises cette saison, dont lors du <strong>Tour de France <\/strong>en juillet, le N\u00e9erlandais compte d\u00e9sormais trois cartons jaunes. Un quatri\u00e8me pourrait lui \u00eatre attribu\u00e9 apr\u00e8s cet \u00e9pisode. R\u00e8glement en main, une suspension de trente jours est pr\u00e9vue en cas de six cartons jaunes re\u00e7us sur une p\u00e9riode de douze mois.<\/p>\n<p>&#13;<\/p>\n<p>Au-del\u00e0 du cas <strong>Van Poppel<\/strong>, la sortie de Pogacar illustre la pol\u00e9mique r\u00e9currente autour de l\u2019arbitrage des sprints, o\u00f9 la fronti\u00e8re entre man\u0153uvre risqu\u00e9e et irr\u00e9gularit\u00e9 continue d\u2019alimenter le d\u00e9bat.<\/p>\n<p>Lidl Tour d&rsquo;Allemagne &#8211; Classement de la 3\u00e8 \u00e9tape Lidl Tour d&rsquo;Allemagne &#8211; Classement g\u00e9n\u00e9ral provisoire apr\u00e8s la 3\u00e8 \u00e9tape<\/p>\n","protected":false},"excerpt":{"rendered":"Tadej Pogacar n\u2019a pas tard\u00e9 \u00e0 r\u00e9agir au d\u00e9classement de Danny Van Poppel lors de la 3e \u00e9tape&hellip;\n","protected":false},"author":2,"featured_media":339027,"comment_status":"","ping_status":"","sticky":false,"template":"","format":"standard","meta":{"footnotes":""},"categories":[1587],"tags":[11,672,1804,207,1805,1803,1777,674,1801,12,1802,209,3318,208],"class_list":{"0":"post-339026","1":"post","2":"type-post","3":"status-publish","4":"format-standard","5":"has-post-thumbnail","7":"category-allemagne","8":"tag-actualites","9":"tag-allemagne","10":"tag-bundesrepublik-deutschland","11":"tag-cyclisme","12":"tag-de","13":"tag-deutschland","14":"tag-eu","15":"tag-europe","16":"tag-germany","17":"tag-news","18":"tag-republique-federale-dallemagne","19":"tag-route","20":"tag-tour-d","21":"tag-velo"},"share_on_mastodon":{"url":"https:\/\/pubeurope.com\/@fr\/115079408776872065","error":""},"_links":{"self":[{"href":"https:\/\/www.europesays.com\/fr\/wp-json\/wp\/v2\/posts\/339026","targetHints":{"allow":["GET"]}}],"collection":[{"href":"https:\/\/www.europesays.com\/fr\/wp-json\/wp\/v2\/posts"}],"about":[{"href":"https:\/\/www.europesays.com\/fr\/wp-json\/wp\/v2\/types\/post"}],"author":[{"embeddable":true,"href":"https:\/\/www.europesays.com\/fr\/wp-json\/wp\/v2\/users\/2"}],"replies":[{"embeddable":true,"href":"https:\/\/www.europesays.com\/fr\/wp-json\/wp\/v2\/comments?post=339026"}],"version-history":[{"count":0,"href":"https:\/\/www.europesays.com\/fr\/wp-json\/wp\/v2\/posts\/339026\/revisions"}],"wp:featuredmedia":[{"embeddable":true,"href":"https:\/\/www.europesays.com\/fr\/wp-json\/wp\/v2\/media\/339027"}],"wp:attachment":[{"href":"https:\/\/www.europesays.com\/fr\/wp-json\/wp\/v2\/media?parent=339026"}],"wp:term":[{"taxonomy":"category","embeddable":true,"href":"https:\/\/www.europesays.com\/fr\/wp-json\/wp\/v2\/categories?post=339026"},{"taxonomy":"post_tag","embeddable":true,"href":"https:\/\/www.europesays.com\/fr\/wp-json\/wp\/v2\/tags?post=339026"}],"curies":[{"name":"wp","href":"https:\/\/api.w.org\/{rel}","templated":true}]}}