{"id":339030,"date":"2025-08-23T18:07:12","date_gmt":"2025-08-23T18:07:12","guid":{"rendered":"https:\/\/www.europesays.com\/fr\/339030\/"},"modified":"2025-08-23T18:07:12","modified_gmt":"2025-08-23T18:07:12","slug":"jasper-philipsen-en-rouge-sur-la-vuelta-jai-eu-pas-mal-de-malchance-cette-saison-mais-il-y-a-eu-de-belles-victoires","status":"publish","type":"post","link":"https:\/\/www.europesays.com\/fr\/339030\/","title":{"rendered":"Jasper Philipsen en rouge sur la Vuelta\u00a0: &lsquo;J\u2019ai eu pas mal de malchance cette saison, mais il y a eu de belles victoires&rsquo;"},"content":{"rendered":"<p>\u00ab\u00a0C\u2019est toujours chouette de gagner, surtout quand il y a une r\u00e9compense comme un maillot, c\u2019est un beau cadeau\u00a0\u00bb, a comment\u00e9 le coureur d\u2019Alpecin-Deceuninck au micro des organisateurs apr\u00e8s sa victoire.<\/p>\n<p>Philipsen a domin\u00e9 le sprint massif attendu dans le Pi\u00e9mont. \u00ab\u00a0J\u2019ai fait confiance \u00e0 mes \u00e9quipiers\u00a0\u00bb, a-t-il racont\u00e9. \u00ab\u00a0On a fait en sorte de mettre en place le train comme on le voulait. Les autres \u00e9quipes \u00e9taient fortes aussi. J\u2019ai pu rester dans les roues de mes \u00e9quipiers, en particulier de Jonas Rickaert et Edward Planckaert, dans les derniers kilom\u00e8tres. Le train \u00e9tait parfait. J\u2019ai \u00e9t\u00e9 lanc\u00e9 \u00e0 quelques centaines de m\u00e8tres de l\u2019arriv\u00e9e, c\u2019\u00e9tait la situation id\u00e9ale. Je suis content pour l\u2019\u00e9quipe d\u2019avoir pu conclure.\u00a0\u00bb<\/p>\n","protected":false},"excerpt":{"rendered":"\u00ab\u00a0C\u2019est toujours chouette de gagner, surtout quand il y a une r\u00e9compense comme un maillot, c\u2019est un beau&hellip;\n","protected":false},"author":2,"featured_media":339031,"comment_status":"","ping_status":"","sticky":false,"template":"","format":"standard","meta":{"footnotes":""},"categories":[1586],"tags":[11,1777,674,1779,1011,27,12,25,1778,364],"class_list":{"0":"post-339030","1":"post","2":"type-post","3":"status-publish","4":"format-standard","5":"has-post-thumbnail","7":"category-europe","8":"tag-actualites","9":"tag-eu","10":"tag-europe","11":"tag-european-union","12":"tag-fr","13":"tag-france","14":"tag-news","15":"tag-republique-francaise","16":"tag-ue","17":"tag-union-europeenne"},"share_on_mastodon":{"url":"https:\/\/pubeurope.com\/@fr\/115079416637577423","error":""},"_links":{"self":[{"href":"https:\/\/www.europesays.com\/fr\/wp-json\/wp\/v2\/posts\/339030","targetHints":{"allow":["GET"]}}],"collection":[{"href":"https:\/\/www.europesays.com\/fr\/wp-json\/wp\/v2\/posts"}],"about":[{"href":"https:\/\/www.europesays.com\/fr\/wp-json\/wp\/v2\/types\/post"}],"author":[{"embeddable":true,"href":"https:\/\/www.europesays.com\/fr\/wp-json\/wp\/v2\/users\/2"}],"replies":[{"embeddable":true,"href":"https:\/\/www.europesays.com\/fr\/wp-json\/wp\/v2\/comments?post=339030"}],"version-history":[{"count":0,"href":"https:\/\/www.europesays.com\/fr\/wp-json\/wp\/v2\/posts\/339030\/revisions"}],"wp:featuredmedia":[{"embeddable":true,"href":"https:\/\/www.europesays.com\/fr\/wp-json\/wp\/v2\/media\/339031"}],"wp:attachment":[{"href":"https:\/\/www.europesays.com\/fr\/wp-json\/wp\/v2\/media?parent=339030"}],"wp:term":[{"taxonomy":"category","embeddable":true,"href":"https:\/\/www.europesays.com\/fr\/wp-json\/wp\/v2\/categories?post=339030"},{"taxonomy":"post_tag","embeddable":true,"href":"https:\/\/www.europesays.com\/fr\/wp-json\/wp\/v2\/tags?post=339030"}],"curies":[{"name":"wp","href":"https:\/\/api.w.org\/{rel}","templated":true}]}}