{"id":339037,"date":"2025-08-23T18:11:33","date_gmt":"2025-08-23T18:11:33","guid":{"rendered":"https:\/\/www.europesays.com\/fr\/339037\/"},"modified":"2025-08-23T18:11:33","modified_gmt":"2025-08-23T18:11:33","slug":"matthew-fitzpatrick-prend-les-renes-du-tournoi-devant-un-panel-de-joueurs-qui-sent-bon-la-ryder-cup-top-10-pour-tom-vaillant-et-julien-guerrier","status":"publish","type":"post","link":"https:\/\/www.europesays.com\/fr\/339037\/","title":{"rendered":"Matthew Fitzpatrick prend les r\u00eanes du tournoi devant un panel de joueurs qui sent bon la Ryder Cup. Top 10 pour Tom Vaillant et Julien Guerrier"},"content":{"rendered":"<p>\t\t\t\t\t\t<img width=\"770\" height=\"557\" src=\"https:\/\/www.europesays.com\/fr\/wp-content\/uploads\/2025\/08\/mattfitzbritishmasters-770x557.jpg\" class=\"img-responsive wp-post-image\" alt=\"\" decoding=\"async\" fetchpriority=\"high\"  \/>\t\t\t\t\t<\/p>\n<p>\t\t\t\t\t\t Partager cet article <\/p>\n<p class=\"screen-reader-text juiz_sps_maybe_hidden_text\">Partager la publication \u00ab\u00a0Matthew Fitzpatrick prend les r\u00eanes du tournoi devant un panel de joueurs qui sent bon la Ryder Cup. Top 10 pour Tom Vaillant et Julien Guerrier\u00a0\u00bb<\/p>\n<p><strong>Grand favori de ce British Masters 2025, Matthew Fitzpatrick s\u2019empare des commandes du tournoi apr\u00e8s 54 trous. L\u2019Anglais, 35e mondial, tr\u00f4ne \u00e0 -12 (204) devant le Su\u00e9dois Alex Noren (-11). Nicolai H\u00f8jgaard et Marco Penge, auteur d\u2019un ph\u00e9nom\u00e9nal 63 (-9), sont troisi\u00e8mes \u00e0 -10 (206). Beau rapproch\u00e9 des Fran\u00e7ais Tom Vaillant et Julien Guerrier qui accrochent la 8e place \u00e0 -8 (208) avec deux cartes de 66 (-6) et 68 (-4). 14e \u00e0 -7 (209), Rasmus H\u00f8jgaard est toujours virtuellement qualifi\u00e9 pour la 45e Ryder Cup \u00e0 Bethpage !\u00a0<\/strong><\/p>\n<p>\u00a0<\/p>\n<p><strong>L.V.<\/strong><\/p>\n<p>Les \u00e9changes par t\u00e9l\u00e9phone ou par textos doivent \u00eatre intenses en ce moment entre <strong>Luke Donald<\/strong> et ses vice-capitaines. La faute \u00e0 plusieurs candidats \u00e0 cette <strong>45e Ryder Cup de l\u2019histoire<\/strong> qui ont eu la m\u00eame id\u00e9e de briller cette semaine au <strong>British Masters<\/strong>. Quatre d\u2019entre eux, et non des moindres, occupent en effet apr\u00e8s 54 trous les quatre premi\u00e8res places.<\/p>\n<p><a href=\"https:\/\/www.europeantour.com\/dpworld-tour\/betfred-british-masters-hosted-by-sir-nick-faldo-2025\/leaderboard?round=4\" target=\"_blank\" rel=\"noopener nofollow\">Retrouvez le classement complet et les tee times du 4e tour<\/a><\/p>\n<p>Quasiment \u00ab\u00a0qualifi\u00e9\u00a0\u00bb avant m\u00eame le d\u00e9but du tournoi au vue de sa saison (4e au <strong>Scottish Open<\/strong> puis \u00e0 <strong>The Open<\/strong> au <strong>Royal Portrush<\/strong> par exemple) et de son exp\u00e9rience, <strong>Matthew Fitzpatrick<\/strong> confirme sa tr\u00e8s grande forme actuelle en prenant la t\u00eate \u00e0 -12 (204) gr\u00e2ce \u00e0 une nouvelle tr\u00e8s solide carte de 68 (-4) avec notamment un eagle plant\u00e9 sur le par 5 du 15 (ci-dessous).<\/p>\n<p>Le 35e joueur mondial, pr\u00e9sent la semaine pass\u00e9e au <strong>BMW Championship<\/strong>, deuxi\u00e8me \u00e9tape des <strong>Playoffs de la FedEx Cup<\/strong>, vise clairement dans la banlieue de Birmingham un second succ\u00e8s au <strong>Belfry<\/strong>, dix ans apr\u00e8s, et, bien s\u00fbr, une s\u00e9lection au sein de la Team Europe pour <strong>Bethpage<\/strong> dans un peu plus d\u2019un mois maintenant.<\/p>\n<p>\t\t\t\t\t<a id=\"180479\" href=\"https:\/\/www.swing.fr\/voyage\/35-14eme-edition-des-doubles-gosset-by-beachcomber\" target=\"_blank\" rel=\"sponsorised nofollow noopener\"><img decoding=\"async\" src=\"data:image\/svg+xml,%3Csvg%20xmlns=\" http:=\"\" class=\"img-responsive\" alt=\"\" data-lazy-src=\"https:\/\/www.europesays.com\/fr\/wp-content\/uploads\/2025\/07\/beachcomber-e01-doubles-gosset-26-1170x275-1.jpg\"\/><\/a><\/p>\n<blockquote class=\"twitter-tweet\">\n<p dir=\"ltr\" lang=\"en\">Matt Fitzpatrick chips in for eagle to take the outright lead! <a href=\"https:\/\/twitter.com\/hashtag\/BetfredBritishMasters?src=hash&amp;ref_src=twsrc%5Etfw\" rel=\"nofollow noopener\" target=\"_blank\">#BetfredBritishMasters<\/a> <a href=\"https:\/\/t.co\/cmIhgr7xNU\" rel=\"nofollow\">pic.twitter.com\/cmIhgr7xNU<\/a><\/p>\n<p>\u2014 DP World Tour (@DPWorldTour) <a href=\"https:\/\/twitter.com\/DPWorldTour\/status\/1959271315317133336?ref_src=twsrc%5Etfw\" rel=\"nofollow noopener\" target=\"_blank\">August 23, 2025<\/a><\/p>\n<\/blockquote>\n<p>\t\t\t\t\t<a id=\"181417\" href=\"https:\/\/cabotbordeaux.com\/fr\/booking\/training-golf\" target=\"_blank\" rel=\"sponsorised nofollow noopener\"><img decoding=\"async\" src=\"data:image\/svg+xml,%3Csvg%20xmlns=\" http:=\"\" class=\"img-responsive\" alt=\"\" data-lazy-src=\"https:\/\/www.europesays.com\/fr\/wp-content\/uploads\/2025\/08\/cabot-e04-stage-septembre-1170x275-1.gif\"\/><\/a><\/p>\n<p>\u00ab\u00a0Oui, j\u2019esp\u00e8re y \u00eatre, avoue doucement l\u2019Anglais. La semaine derni\u00e8re, Luke (Donald) m\u2019a propos\u00e9 de venir apr\u00e8s une conversation que nous avons eue le week-end pass\u00e9, et vu o\u00f9 j\u2019en \u00e9tais dans mon emploi du temps, j\u2019essayais de viser mon Top 50 du PGA Tour. Donc oui, mon objectif en m\u2019inscrivant ici \u00e9tait de faire le mieux possible. J\u2019ai d\u00e9j\u00e0 r\u00e9alis\u00e9 trois bons tours et j\u2019esp\u00e8re pouvoir continuer sur cette lanc\u00e9e demain.\u00a0\u00bb<\/p>\n<blockquote><p>\nJe n\u2019ai pas assez jou\u00e9 pour\u2026 Je n\u2019ai pas assez particip\u00e9 \u00e0 ces tournois avec les grands. En fait, pour \u00eatre franc, je n\u2019y pense pas vraiment.<\/p>\n<p>Alex Noren au sujet de la Ryder Cup<\/p>\n<\/blockquote>\n<p>A un coup derri\u00e8re le vainqueur de l\u2019<strong>U.S. Open 2022<\/strong> \u00e0 <strong>Brookline<\/strong>, on retrouve un vieux briscard des fairways. <strong>Alex Noren<\/strong>, 43 ans, dix victoires sur le Tour europ\u00e9en, s\u2019est r\u00e9gal\u00e9 sur le <strong>Brabazon Course<\/strong> avec un 65 (-7) sans la moindre erreur. Le Su\u00e9dois a \u00e9videmment \u00e9t\u00e9 interrog\u00e9 sur la question qui turlupine tous les observateurs\u00a0: pense-t-il \u00e0 la Ryder Cup, lui qui l\u2019a d\u00e9j\u00e0 remport\u00e9 en 2018 au <strong>Golf National<\/strong>\u00a0?<\/p>\n<p>\u00ab\u00a0Je vais peut-\u00eatre vous surprendre mais je ne me concentre pas vraiment l\u00e0-dessus, temp\u00e8re le Scandinave, bless\u00e9 durant plus de six mois. Je me concentre davantage sur mon jeu. Je n\u2019ai pas assez jou\u00e9 pour\u2026 Je n\u2019ai pas assez particip\u00e9 \u00e0 ces tournois avec les grands. En fait, pour \u00eatre franc, je n\u2019y pense pas vraiment. C\u2019est agr\u00e9able de retrouver un bon niveau de jeu. C\u2019est tout ce que j\u2019essaie de faire. Essayer de jouer \u00e0 un jeu qui me pla\u00eet, et pas seulement comme hier, quand je ne me sens pas bien et qu\u2019il faut se battre. Prendre du plaisir sur le parcours, c\u2019est ce que j\u2019ai justement fait aujourd\u2019hui.\u00a0\u00bb<\/p>\n<blockquote><p>\nJ\u2019adorerais y \u00eatre, bien s\u00fbr, mais je pense que la course est un peu termin\u00e9e pour moi. Je me suis pr\u00e9par\u00e9 \u00e0 ne pas jouer.<\/p>\n<p>Nicolai H\u00f8jgaard<\/p>\n<\/blockquote>\n<p>Si Noren a, sans d\u00e9tour, avou\u00e9 qu\u2019il ne se voyait pas faire le voyage dans la banlieue de New York \u00e0 la fin du mois de septembre, <strong>Nicolai H\u00f8jgaard<\/strong>, lui, ne serait pas contre pour encha\u00eener avec un seconde Ryder Cup apr\u00e8s celle de Rome en 2023. M\u00eame s\u2019il reste tr\u00e8s lucide sur la queston. Le Danois de 24 ans pointe ainsi \u00e0 la 3e place \u00e0 -10 apr\u00e8s avoir \u00ab explos\u00e9 \u00bb la partie retour du parcours avec un \u00e9norme 29 (-7) constell\u00e9 de 7 birdies, dont quatre du 15 au 18.<\/p>\n<p>\u00ab\u00a0D\u2019apr\u00e8s ce que je vois et la fa\u00e7on dont je per\u00e7ois l\u2019\u00e9quipe (de Ryder Cup), elle semble d\u00e9j\u00e0 bien \u00e9tablie, souligne-t-il, plut\u00f4t lucide. Donc, ce que j\u2019esp\u00e8re pour l\u2019instant, c\u2019est \u00e9videmment de continuer \u00e0 bien jouer tout en esp\u00e9rant que Ras (son fr\u00e8re Rasmus) int\u00e8gre l\u2019\u00e9quipe. La semaine pass\u00e9e, j\u2019\u00e9tais \u00e0 court d\u2019id\u00e9es. Mais je ne sais pas. Je ne sais pas \u00e0 quoi \u00e7a va ressembler. Je ne me concentre plus l\u00e0-dessus. J\u2019adorerais y \u00eatre, bien s\u00fbr, mais je pense que la course est un peu termin\u00e9e pour moi. Je me suis pr\u00e9par\u00e9 \u00e0 ne pas jouer. Apr\u00e8s, je vais faire de mon mieux ces deux semaines pour prouver que je m\u00e9rite une place.\u00a0\u00bb<\/p>\n<p>\t\t\t\t\t<a id=\"182585\" href=\"https:\/\/www.golfcapdagde.com\/\" target=\"_blank\" rel=\"sponsorised nofollow noopener\"><img decoding=\"async\" src=\"data:image\/svg+xml,%3Csvg%20xmlns=\" http:=\"\" class=\"img-responsive\" alt=\"\" data-lazy-src=\"https:\/\/www.europesays.com\/fr\/wp-content\/uploads\/2025\/06\/capdagdegolf-e01-experience-golf-1170x275-1.gif\"\/><\/a><\/p>\n<blockquote class=\"twitter-tweet\">\n<p dir=\"ltr\" lang=\"en\">From T42 to 1st \ud83d\udcc8<\/p>\n<p>Marco Penge is currently nine under par for his round! <a href=\"https:\/\/twitter.com\/hashtag\/BetfredBritishMasters?src=hash&amp;ref_src=twsrc%5Etfw\" rel=\"nofollow noopener\" target=\"_blank\">#BetfredBritishMasters<\/a> <a href=\"https:\/\/t.co\/MFTccEHoVW\" rel=\"nofollow\">pic.twitter.com\/MFTccEHoVW<\/a><\/p>\n<p>\u2014 DP World Tour (@DPWorldTour) <a href=\"https:\/\/twitter.com\/DPWorldTour\/status\/1959229535934726583?ref_src=twsrc%5Etfw\" rel=\"nofollow noopener\" target=\"_blank\">August 23, 2025<\/a><\/p>\n<\/blockquote>\n<p>\t\t\t\t\t<a id=\"174987\" href=\"https:\/\/www.sudfrancegolf.com\/fr\/\" target=\"_blank\" rel=\"sponsorised nofollow noopener\"><img decoding=\"async\" src=\"data:image\/svg+xml,%3Csvg%20xmlns=\" http:=\"\" class=\"img-responsive\" alt=\"\" data-lazy-src=\"https:\/\/www.europesays.com\/fr\/wp-content\/uploads\/2025\/06\/giesudfrancegolf-e02-egolf-pass-2025-v2-1170x275-1.gif\"\/><\/a><\/p>\n<p>Lui aussi m\u00e9riterait d\u2019en \u00eatre. <strong>Marco Penge<\/strong>, <a href=\"https:\/\/www.golfplanete.com\/actualites\/marco-penge-plus-fort-que-rasmus-hojgaard-simpose-au-danemark-et-peut-rever-de-ryder-cup\/\" target=\"_blank\" rel=\"noopener nofollow\">vainqueur au Danemark dimanche dernier<\/a>, a une fois encore d\u00e9montr\u00e9 tout son talent ce samedi en \u00e9galant le record du parcours avec un monstrueux 63 (-9) sans bogey. Leader un moment \u00e0 -10, il s\u2019est m\u00eame retrouv\u00e9 projet\u00e9 en t\u00eate de la Race devant un certain <strong>Rory McIlroy<\/strong> !<\/p>\n<p>\u00ab\u00a0La Ryder Cup, c\u2019est mon objectif depuis que j\u2019ai senti que j\u2019avais la chance d\u2019\u00eatre dans le coup et d\u2019\u00eatre m\u00eame \u00e9voqu\u00e9, d\u00e9clare l\u2019Anglais \u00e0 la sortie du recording.\u00a0J\u2019ai senti il \u200b\u200by a quelques semaines qu\u2019il y avait une opportunit\u00e9. Je n\u2019\u00e9tais pas cens\u00e9 jouer la semaine derni\u00e8re et la raison pour laquelle je l\u2019ai fait \u00e9tait d\u2019avoir plus d\u2019\u00e9v\u00e9nements pour prouver quelque chose.\u00a0\u00bb<\/p>\n<p>\u00ab Gagner l\u00e0-bas (au Danish Golf Championship) \u00e9tait formidable, mais au final, ce n\u2019est pas \u00e0 moi de d\u00e9cider, ajoute-t-il. J\u2019essaie simplement de bien jouer au golf, quel que soit le r\u00e9sultat. Au d\u00e9but de cette ann\u00e9e, je n\u2019\u00e9tais jamais dans cette position, donc s\u2019ils veulent me prendre, tant mieux, mais sinon, je continuerai. \u00bb<\/p>\n<p>\t\t\t\t\t<a id=\"179385\" href=\"https:\/\/tickets.europeantour.com\/eut\/#\/c6906933-bb43-434b-a22d-0ae172a572d4\/shop\/custom-pack?fac=EUT&amp;locale=fr&amp;skin=pgaetodf&amp;utm_campaign=ODF&amp;utm_content=Ticketing&amp;utm_medium=Web&amp;utm_source=Partner&amp;utm_term=PavonGolfPlanete\" target=\"_blank\" rel=\"sponsorised nofollow noopener\"><img decoding=\"async\" src=\"data:image\/svg+xml,%3Csvg%20xmlns=\" http:=\"\" class=\"img-responsive\" alt=\"\" data-lazy-src=\"https:\/\/www.europesays.com\/fr\/wp-content\/uploads\/2025\/07\/opendefrance-e03-plateau-1407-1170x275-1.jpg\"\/><\/a><\/p>\n<blockquote class=\"twitter-tweet\">\n<p dir=\"ltr\" lang=\"da\">Rasmus H\u00f8jgaard makes the famous Belfry 10th look easy \ud83d\ude4c <a href=\"https:\/\/t.co\/Q88xAk48ul\" rel=\"nofollow\">pic.twitter.com\/Q88xAk48ul<\/a><\/p>\n<p>\u2014 DP World Tour (@DPWorldTour) <a href=\"https:\/\/twitter.com\/DPWorldTour\/status\/1959248383689810238?ref_src=twsrc%5Etfw\" rel=\"nofollow noopener\" target=\"_blank\">August 23, 2025<\/a><\/p>\n<\/blockquote>\n<p>\t\t\t\t<img loading=\"lazy\" decoding=\"async\" src=\"data:image\/svg+xml,%3Csvg%20xmlns=\" http:=\"\" attributionsrc=\"\" border=\"0\" height=\"1\" width=\"1\" alt=\"Advertisement\" data-lazy-src=\"https:\/\/www.europesays.com\/fr\/wp-content\/uploads\/2025\/05\/B33047934.421787844;dc_trk_aid=614154864;dc_trk_cid=235296214;ord=[timestamp];dc_lat=;dc_rdid=;tag_f.gif\"\/><\/p>\n<p>\t\t\t\t\t<a id=\"173261\" href=\"https:\/\/ad.doubleclick.net\/ddm\/trackclk\/N1153799.3770024GOLFPLANATE\/B33047934.421787844;dc_trk_aid=614154864;dc_trk_cid=235296214;dc_lat=;dc_rdid=;tag_for_child_directed_treatment=;tfua=;gdpr=${GDPR};gdpr_consent=${GDPR_CONSENT_755};ltd=;dc_tdv=1\" target=\"_blank\" rel=\"sponsorised nofollow noopener\"><img decoding=\"async\" src=\"data:image\/svg+xml,%3Csvg%20xmlns=\" http:=\"\" class=\"img-responsive\" alt=\"\" data-lazy-src=\"https:\/\/www.europesays.com\/fr\/wp-content\/uploads\/2025\/05\/callaway-e03-aione-square2square-1170x275-1.jpg\"\/><\/a><\/p>\n<p>14e \u00e0 -7 apr\u00e8s avoir jou\u00e9 69 (-3) dans ce Moving Day tout en offrant un golf une fois encore sur courant alternatif (double bogey au 4, eagle au 10), <strong>Rasmus H\u00f8jgaard<\/strong> est d\u00e9sormais \u00e0 dix-huit trous de la terre promise. C\u2019est-\u00e0-dire cette <a href=\"https:\/\/www.rydercup.com\/eu-rankings\" target=\"_blank\" rel=\"noopener nofollow\">6e place au Ranking europ\u00e9en<\/a> qui lui ouvrirait les portes de Bethpage Black. Il doit pour cela toujours rester dans le top 28 final, voire finir 29e ex aequo avec un autre joueur.<\/p>\n<p>\u00ab\u00a0Je sais \u00e0 quelle place je dois terminer, balance l\u2019int\u00e9ress\u00e9. Mais ce que cela signifie en termes de score demain (dimanche), je ne sais pas. Ce n\u2019est pas quelque chose sur lequel je vais trop m\u2019attarder. J\u2019esp\u00e8re encore pouvoir \u00eatre dans le coup (pour la gagne). \u00c7a va d\u00e9pendre aussi des autres. J\u2019ai cinq coups de retard. Donc je vais me concentrer sur le fait de rattraper mon retard et d\u2019avoir une chance. \u00bb<\/p>\n<p>\t\t\t\t\t<a id=\"177181\" href=\"http:\/\/charleskent-golf.com\/andalucia-majors\/\" target=\"_blank\" rel=\"sponsorised nofollow noopener\"><img decoding=\"async\" src=\"data:image\/svg+xml,%3Csvg%20xmlns=\" http:=\"\" class=\"img-responsive\" alt=\"\" data-lazy-src=\"https:\/\/www.europesays.com\/fr\/wp-content\/uploads\/2025\/06\/charleskent-e03-andalucia-majors-1170x275-1.gif\"\/><\/a><br \/>\nQuatre Fran\u00e7ais dans le top 15 !\u00a0<\/p>\n<p>Une vision que doivent partager <strong>Tom Vaillant<\/strong> et <strong>Julien Guerrier<\/strong>, tous les deux 8es \u00e0 -8 apr\u00e8s avoir post\u00e9 respectivement une carte de 66 (-6) et 68. Le premier sera associ\u00e9 ce dimanche \u00e0 partir de 13h20 en France \u00e0 <strong>Matt Wallace<\/strong>, <a href=\"https:\/\/www.golfplanete.com\/actualites\/matt-wallace-accentue-sa-pression-sur-luke-donald\/\" target=\"_blank\" rel=\"noopener nofollow\">un autre s\u00e9rieux candidat \u00e0 la Ryder Cup<\/a>, tandis que le Rochelais, d\u00e9sormais domicili\u00e9 \u00e0 Duba\u00ef avec femme et enfants, partagera sa partie avec le Japonais <strong>Keita Nakajima<\/strong>.<\/p>\n<p>14es \u00e0 -7, <strong>Ugo Coussaud<\/strong> et <strong>Romain Langasque<\/strong> n\u2019ont, eux aussi, pas abdiqu\u00e9. L\u2019Angoumoisin s\u2019offre en tout cas ici un bon bol d\u2019air frais (aucun top 15 depuis d\u00e9but mars en Afrique du Sud) alors que l\u2019Azur\u00e9en, qui s\u2019envolera \u00e0 12h30 en France avec\u2026 Rasmus H\u00f8jgaard, est \u00e0 la recherche d\u2019un second souffle depuis sa 9e place en Belgique au <strong>Soudal Open<\/strong> le 25 mai dernier.<\/p>\n<p>\t\t\t\t\t<a id=\"181972\" href=\"https:\/\/www.azurgolftravel.com\/proamdepalsoct25\" target=\"_blank\" rel=\"sponsorised nofollow noopener\"><img decoding=\"async\" src=\"data:image\/svg+xml,%3Csvg%20xmlns=\" http:=\"\" class=\"img-responsive\" alt=\"\" data-lazy-src=\"https:\/\/www.europesays.com\/fr\/wp-content\/uploads\/2025\/08\/azurgolftravel-e01-proam-catalogne-1170x275-1.jpeg\"\/><\/a><br \/>\nLe leaderboard\u00a0<\/p>\n<p><img loading=\"lazy\" decoding=\"async\" class=\"alignnone wp-image-183093 size-large\" src=\"data:image\/svg+xml,%3Csvg%20xmlns=\" http:=\"\" alt=\"\" width=\"770\" height=\"470\" data-lazy- data-lazy- data-lazy-src=\"https:\/\/www.europesays.com\/fr\/wp-content\/uploads\/2025\/08\/capture1-10-770x470.jpg\"\/><\/p>\n<p><img loading=\"lazy\" decoding=\"async\" class=\"alignnone wp-image-183094 size-large\" src=\"data:image\/svg+xml,%3Csvg%20xmlns=\" http:=\"\" alt=\"\" width=\"770\" height=\"135\" data-lazy- data-lazy- data-lazy-src=\"https:\/\/www.europesays.com\/fr\/wp-content\/uploads\/2025\/08\/capture2-8-770x135.jpg\"\/><\/p>\n<p>\t\t\t\t\t<a id=\"181434\" href=\"https:\/\/www.omegaeuropeanmasters.com\/fr\/tickets\/tickets\" target=\"_blank\" rel=\"sponsorised nofollow noopener\"><img decoding=\"async\" src=\"data:image\/svg+xml,%3Csvg%20xmlns=\" http:=\"\" class=\"img-responsive\" alt=\"\" data-lazy-src=\"https:\/\/www.europesays.com\/fr\/wp-content\/uploads\/2025\/08\/omegamasters-e02-billetterie-om25-1170x275-1.jpg\"\/><\/a><br \/>\nLe leaderboard des autres Fran\u00e7ais<\/p>\n<p><img loading=\"lazy\" decoding=\"async\" class=\"alignnone wp-image-183095 size-large\" src=\"data:image\/svg+xml,%3Csvg%20xmlns=\" http:=\"\" alt=\"\" width=\"770\" height=\"567\" data-lazy- data-lazy- data-lazy-src=\"https:\/\/www.europesays.com\/fr\/wp-content\/uploads\/2025\/08\/capture3-6-770x567.jpg\"\/><\/p>\n<p>\t\t\t\t\t<a id=\"180462\" href=\"https:\/\/www.makilas-golftour.com\/sejour\/makilas-agadir-2023-2-2\/\" target=\"_blank\" rel=\"sponsorised nofollow noopener\"><img decoding=\"async\" src=\"data:image\/svg+xml,%3Csvg%20xmlns=\" http:=\"\" class=\"img-responsive\" alt=\"\" data-lazy-src=\"https:\/\/www.europesays.com\/fr\/wp-content\/uploads\/2025\/07\/challengeorganisation-e01-rencontres-agadir-1170x275-1.jpeg\"\/><\/a><\/p>\n<p>Photo : Andrew Redington\/Getty Images<\/p>\n<p>\t\t\t<script async src=\"https:\/\/platform.twitter.com\/widgets.js\" charset=\"utf-8\"><\/script><\/p>\n","protected":false},"excerpt":{"rendered":"Partager cet article Partager la publication \u00ab\u00a0Matthew Fitzpatrick prend les r\u00eanes du tournoi devant un panel de joueurs&hellip;\n","protected":false},"author":2,"featured_media":339038,"comment_status":"","ping_status":"","sticky":false,"template":"","format":"standard","meta":{"footnotes":""},"categories":[1418],"tags":[1011,27,1472,60],"class_list":{"0":"post-339037","1":"post","2":"type-post","3":"status-publish","4":"format-standard","5":"has-post-thumbnail","7":"category-golf","8":"tag-fr","9":"tag-france","10":"tag-golf","11":"tag-sports"},"share_on_mastodon":{"url":"https:\/\/pubeurope.com\/@fr\/115079432643497297","error":""},"_links":{"self":[{"href":"https:\/\/www.europesays.com\/fr\/wp-json\/wp\/v2\/posts\/339037","targetHints":{"allow":["GET"]}}],"collection":[{"href":"https:\/\/www.europesays.com\/fr\/wp-json\/wp\/v2\/posts"}],"about":[{"href":"https:\/\/www.europesays.com\/fr\/wp-json\/wp\/v2\/types\/post"}],"author":[{"embeddable":true,"href":"https:\/\/www.europesays.com\/fr\/wp-json\/wp\/v2\/users\/2"}],"replies":[{"embeddable":true,"href":"https:\/\/www.europesays.com\/fr\/wp-json\/wp\/v2\/comments?post=339037"}],"version-history":[{"count":0,"href":"https:\/\/www.europesays.com\/fr\/wp-json\/wp\/v2\/posts\/339037\/revisions"}],"wp:featuredmedia":[{"embeddable":true,"href":"https:\/\/www.europesays.com\/fr\/wp-json\/wp\/v2\/media\/339038"}],"wp:attachment":[{"href":"https:\/\/www.europesays.com\/fr\/wp-json\/wp\/v2\/media?parent=339037"}],"wp:term":[{"taxonomy":"category","embeddable":true,"href":"https:\/\/www.europesays.com\/fr\/wp-json\/wp\/v2\/categories?post=339037"},{"taxonomy":"post_tag","embeddable":true,"href":"https:\/\/www.europesays.com\/fr\/wp-json\/wp\/v2\/tags?post=339037"}],"curies":[{"name":"wp","href":"https:\/\/api.w.org\/{rel}","templated":true}]}}