{"id":339048,"date":"2025-08-23T18:19:09","date_gmt":"2025-08-23T18:19:09","guid":{"rendered":"https:\/\/www.europesays.com\/fr\/339048\/"},"modified":"2025-08-23T18:19:09","modified_gmt":"2025-08-23T18:19:09","slug":"jonathan-rowe-na-pas-quitte-marseille","status":"publish","type":"post","link":"https:\/\/www.europesays.com\/fr\/339048\/","title":{"rendered":"Jonathan Rowe n&rsquo;a pas quitt\u00e9 Marseille"},"content":{"rendered":"<p><strong>Jonathan Rowe a toujours le c\u0153ur \u00e0 Marseille.<\/strong><\/p>\n<p>Annonc\u00e9 partant de l\u2019<strong><a href=\"https:\/\/www.les-transferts.com\/club\/marseille\/actualite\/\" rel=\"nofollow noopener\" target=\"_blank\">OM<\/a><\/strong> apr\u00e8s <strong>une altercation avec son co\u00e9quipier Adrien Rabiot<\/strong>, l\u2019ailier anglais <strong><a href=\"https:\/\/www.les-transferts.com\/joueur\/jonathan-rowe\/actualite\/\" rel=\"nofollow noopener\" target=\"_blank\">Jonathan Rowe<\/a><\/strong> reste marseillais. Malgr\u00e9 la fin de son aventure marseillaise annonc\u00e9e apr\u00e8s <strong><a href=\"https:\/\/www.les-transferts.com\/rumeurs-transferts\/om-un-protagoniste-de-la-crise-prend-la-cle-des-champs\/\" rel=\"nofollow noopener\" target=\"_blank\">un accord entre l\u2019OM et Bologne pour son transfert<\/a><\/strong>, le joueur de 22 ans accompagne l\u2019OM ce samedi pour le match de la <strong>2e journ\u00e9e de <a href=\"https:\/\/www.les-transferts.com\/competition\/france\/ligue-1\/actualite\/\" rel=\"nofollow noopener\" target=\"_blank\">Ligue 1<\/a><\/strong> face au Paris FC.<\/p>\n<p>C\u2019est via son compte Instagram que le futur ex-marseillais a <strong>exprim\u00e9 son soutien<\/strong> au club phoc\u00e9en. \u00ab\u00a0Bonne chance les gars\u00a0\u00bb, a-t-il laiss\u00e9 en l\u00e9gende d\u2019une photo de son \u00e9cran affichant le match, <strong>avec un c\u0153ur bleu<\/strong>.<\/p>\n<p>Un post qui illustre la passion gard\u00e9e du jeune anglais dont <strong>l\u2019officialisation du transfert en Serie A<\/strong> devrait tomber dans les prochaines heures.<\/p>\n<p>Ancien footballeur amateur. Actuellement Journaliste TV &amp; Web. Passionn\u00e9 de foot, de voyages et de lecture je suis un inconditionnel de Manchester United.<\/p>\n","protected":false},"excerpt":{"rendered":"Jonathan Rowe a toujours le c\u0153ur \u00e0 Marseille. Annonc\u00e9 partant de l\u2019OM apr\u00e8s une altercation avec son co\u00e9quipier&hellip;\n","protected":false},"author":2,"featured_media":339049,"comment_status":"","ping_status":"","sticky":false,"template":"","format":"standard","meta":{"footnotes":""},"categories":[1410],"tags":[63,1011,27,60],"class_list":{"0":"post-339048","1":"post","2":"type-post","3":"status-publish","4":"format-standard","5":"has-post-thumbnail","7":"category-football","8":"tag-football","9":"tag-fr","10":"tag-france","11":"tag-sports"},"share_on_mastodon":{"url":"https:\/\/pubeurope.com\/@fr\/115079464024640126","error":""},"_links":{"self":[{"href":"https:\/\/www.europesays.com\/fr\/wp-json\/wp\/v2\/posts\/339048","targetHints":{"allow":["GET"]}}],"collection":[{"href":"https:\/\/www.europesays.com\/fr\/wp-json\/wp\/v2\/posts"}],"about":[{"href":"https:\/\/www.europesays.com\/fr\/wp-json\/wp\/v2\/types\/post"}],"author":[{"embeddable":true,"href":"https:\/\/www.europesays.com\/fr\/wp-json\/wp\/v2\/users\/2"}],"replies":[{"embeddable":true,"href":"https:\/\/www.europesays.com\/fr\/wp-json\/wp\/v2\/comments?post=339048"}],"version-history":[{"count":0,"href":"https:\/\/www.europesays.com\/fr\/wp-json\/wp\/v2\/posts\/339048\/revisions"}],"wp:featuredmedia":[{"embeddable":true,"href":"https:\/\/www.europesays.com\/fr\/wp-json\/wp\/v2\/media\/339049"}],"wp:attachment":[{"href":"https:\/\/www.europesays.com\/fr\/wp-json\/wp\/v2\/media?parent=339048"}],"wp:term":[{"taxonomy":"category","embeddable":true,"href":"https:\/\/www.europesays.com\/fr\/wp-json\/wp\/v2\/categories?post=339048"},{"taxonomy":"post_tag","embeddable":true,"href":"https:\/\/www.europesays.com\/fr\/wp-json\/wp\/v2\/tags?post=339048"}],"curies":[{"name":"wp","href":"https:\/\/api.w.org\/{rel}","templated":true}]}}