{"id":33905,"date":"2025-04-18T11:07:31","date_gmt":"2025-04-18T11:07:31","guid":{"rendered":"https:\/\/www.europesays.com\/fr\/33905\/"},"modified":"2025-04-18T11:07:31","modified_gmt":"2025-04-18T11:07:31","slug":"wta-stuttgart-aryna-sabalenka-apres-le-forfait-de-potapova-quelle-devait-affronter-je-lui-ai-envoye-un-message-et-je-me-suis-dit-quest-ce-que-tu-me-fais","status":"publish","type":"post","link":"https:\/\/www.europesays.com\/fr\/33905\/","title":{"rendered":"WTA &#8211; Stuttgart > Aryna Sabalenka, apr\u00e8s le forfait de Potapova, qu&rsquo;elle devait affronter : \u00ab\u00a0Je lui ai envoy\u00e9 un message et je me suis dit : \u00ab\u00a0Qu&rsquo;est-ce que\u00a0tu\u00a0me\u00a0fais\u00a0?\u00a0\u00bb"},"content":{"rendered":"<p>Pr\u00e9sente au WTA 500 de Stuttgart pour pr\u00e9parer sa saison sur terre battue, Aryna Sabalenka ne s\u2019at\u00adten\u00addait pas \u00e0 un tel sc\u00e9nario. Alors qu\u2019elle \u00e9tait suppos\u00e9e faire son entr\u00e9e en lice ce jeudi, son adver\u00adsaire, Anastasia Potapova, s\u2019est retir\u00e9e du tournoi en raison d\u2019une blessure.<\/p>\n<p>La num\u00e9ro 1 mondiale doit donc encore patienter un jour de plus pour disputer son premier match. La Bi\u00e9lorusse a r\u00e9agi \u00e0 cette situa\u00adtion parti\u00adcu\u00adli\u00e8re, en conf\u00e9\u00adrence de presse.<\/p>\n<p><strong>\u00ab\u202fOui, c\u2019est un peu g\u00eanant. Mais je m\u2019in\u00adqui\u00e9\u00adtais de savoir si tout allait bien avec elle, alors je lui ai envoy\u00e9 un message et j\u2019ai compris la situa\u00adtion. Je me suis dit\u00a0: \u00ab\u202fQu\u2019est\u2010ce que tu me fais\u202f? Mon prochain match est vendredi\u202f\u00bb. Oui, c\u2019est un peu g\u00eanant, mais oui, nous avons ajust\u00e9 un peu le programme d\u2019en\u00adtra\u00ee\u00adne\u00adment, et je suppose que c\u2019est du temps en salle de sport pour\u00a0moi.\u202f\u00bb<\/strong><\/p>\n<p class=\"post-published-date\" style=\"color: silver; font-size: 75%; text-align: left;\">Publi\u00e9 le jeudi 17 avril 2025 \u00e0 18:12<\/p>\n","protected":false},"excerpt":{"rendered":"Pr\u00e9sente au WTA 500 de Stuttgart pour pr\u00e9parer sa saison sur terre battue, Aryna Sabalenka ne s\u2019at\u00adten\u00addait pas&hellip;\n","protected":false},"author":2,"featured_media":33906,"comment_status":"","ping_status":"","sticky":false,"template":"","format":"standard","meta":{"footnotes":""},"categories":[1415],"tags":[7615,1011,27,60,1467],"class_list":{"0":"post-33905","1":"post","2":"type-post","3":"status-publish","4":"format-standard","5":"has-post-thumbnail","7":"category-tennis","8":"tag-aryna-sabalenka","9":"tag-fr","10":"tag-france","11":"tag-sports","12":"tag-tennis"},"share_on_mastodon":{"url":"https:\/\/pubeurope.com\/@fr\/114358651654629028","error":""},"_links":{"self":[{"href":"https:\/\/www.europesays.com\/fr\/wp-json\/wp\/v2\/posts\/33905","targetHints":{"allow":["GET"]}}],"collection":[{"href":"https:\/\/www.europesays.com\/fr\/wp-json\/wp\/v2\/posts"}],"about":[{"href":"https:\/\/www.europesays.com\/fr\/wp-json\/wp\/v2\/types\/post"}],"author":[{"embeddable":true,"href":"https:\/\/www.europesays.com\/fr\/wp-json\/wp\/v2\/users\/2"}],"replies":[{"embeddable":true,"href":"https:\/\/www.europesays.com\/fr\/wp-json\/wp\/v2\/comments?post=33905"}],"version-history":[{"count":0,"href":"https:\/\/www.europesays.com\/fr\/wp-json\/wp\/v2\/posts\/33905\/revisions"}],"wp:featuredmedia":[{"embeddable":true,"href":"https:\/\/www.europesays.com\/fr\/wp-json\/wp\/v2\/media\/33906"}],"wp:attachment":[{"href":"https:\/\/www.europesays.com\/fr\/wp-json\/wp\/v2\/media?parent=33905"}],"wp:term":[{"taxonomy":"category","embeddable":true,"href":"https:\/\/www.europesays.com\/fr\/wp-json\/wp\/v2\/categories?post=33905"},{"taxonomy":"post_tag","embeddable":true,"href":"https:\/\/www.europesays.com\/fr\/wp-json\/wp\/v2\/tags?post=33905"}],"curies":[{"name":"wp","href":"https:\/\/api.w.org\/{rel}","templated":true}]}}