{"id":339050,"date":"2025-08-23T18:20:12","date_gmt":"2025-08-23T18:20:12","guid":{"rendered":"https:\/\/www.europesays.com\/fr\/339050\/"},"modified":"2025-08-23T18:20:12","modified_gmt":"2025-08-23T18:20:12","slug":"julien-cazarre-quitte-rothen-senflamme-pour-lancer-une-libre-antenne-sur-rmc","status":"publish","type":"post","link":"https:\/\/www.europesays.com\/fr\/339050\/","title":{"rendered":"Julien Cazarre quitte \u00ab\u00a0Rothen s&rsquo;enflamme\u00a0\u00bb pour lancer une libre antenne sur RMC"},"content":{"rendered":"<p>            <img loading=\"lazy\" decoding=\"async\" src=\"https:\/\/www.europesays.com\/fr\/wp-content\/uploads\/2025\/04\/87-65fc4537aa4a1-35x35-1.jpg\" class=\"author-article-picture\" width=\"35\" height=\"35\"\/><\/p>\n<p>                Par<br \/>\n                                    <a class=\"author-article-bio-link\" href=\"https:\/\/www.ozap.com\/auteur\/olivier-cortinovis_a87\" rel=\"nofollow noopener\" target=\"_blank\">Olivier Cortinovis<\/a><br \/>\n                                                    | Journaliste<\/p>\n<p>\n                Sportif frustr\u00e9 (les ligaments crois\u00e9s tu connais\u2026) qui a choisi le journalisme pour tacler ceux qui ont r\u00e9ussi. Mon volume de jeu me permet aujourd\u2019hui de couvrir toujours autant de terrain, des grands shows de la TNT (Koh-Lanta, Star Academy, P\u00e9kin Express) aux s\u00e9ries les plus confidentielles sur Netflix. Avec un seul credo dans la musette : celui de raconter des histoires avec de l\u2019humain et un peu d\u2019humour dedans\n            <\/p>\n<p>\n    L&rsquo;humoriste r\u00e9cup\u00e8re une nouvelle tranche horaire, au cours de laquelle il interagira avec les auditeurs de la station.\n<\/p>\n<p>                            <img loading=\"lazy\" decoding=\"async\" class=\"player-thumbnail\" src=\"https:\/\/www.europesays.com\/fr\/wp-content\/uploads\/2025\/08\/87d910b2320d584e-580x326-1.jpg\" width=\"580\" height=\"326\"\/><\/p>\n<p>                    Sketch parodique de S\u00e9bastien Thoen et Julien Cazarre sur \u00ab\u00a0L&rsquo;heure des pros\u00a0\u00bb. \u00a9 Abaca<\/p>\n<p>La suite apr\u00e8s la publicit\u00e9<\/p>\n<p><a href=\"https:\/\/www.ozap.com\/actu\/-je-n-en-veux-pas-de-votre-daube-julien-cazarre-parodie-maxime-saada-refusant-de-participer-a-l-appel-d-offres-de-la-ligue-1\/637726\" rel=\"nofollow noopener\" target=\"_blank\">Son humour caustique,<\/a> ses sketches irr\u00e9v\u00e9rencieux et sa cr\u00e9ativit\u00e9 sans limite ont trouv\u00e9 un nouveau refuge sur RMC. Chroniqueur de l&rsquo;\u00e9mission \u00ab\u00a0Rothen s&rsquo;enflamme\u00a0\u00bb (18h-20h du lundi au vendredi) pendant quatre saisons, Julien Cazarre a raccroch\u00e9 les crampons le 27 juin dernier, pour le dernier num\u00e9ro de la saison. Mais le trublion ne les laissera pas trop longtemps au placard puisque \u00ab\u00a0L&rsquo;\u00c9quipe\u00a0\u00bb, confirmant une premi\u00e8re information de \u00ab\u00a0T\u00e9l\u00e9rama\u00a0\u00bb, r\u00e9v\u00e8le ce mercredi 20 ao\u00fbt qu&rsquo;il animera une libre antenne quotidienne sur la station, baptis\u00e9e \u00ab\u00a0Les nuits du Cazarre encha\u00een\u00e9\u00a0\u00bb. <a href=\"https:\/\/www.ozap.com\/actu\/julien-cazarre-et-sebastien-thoen-parodient-l-heure-des-pros-de-pascal-praud\/599075\" rel=\"nofollow noopener\" target=\"_blank\">L&rsquo;ancien complice de S\u00e9bastien Thoen<\/a> du temps d'\u00a0\u00bbAction Discr\u00e8te\u00a0\u00bb sur Canal+ sera associ\u00e9 \u00e0 Jean-Christophe Drouet pour interagir avec les auditeurs et passionn\u00e9s de foot de la station \u00e0 partir de minuit et jusqu&rsquo;\u00e0 1h30 du lundi au vendredi (\u00e0 partir de 0h30 lors des soir\u00e9es de Ligue des champions).<\/p>\n<p>Une carte blanche dans \u00ab\u00a0Tout le sport\u00a0\u00bb<\/p>\n<p>Ces derni\u00e8res saisons, cette tranche horaire tardive \u00e9tait occup\u00e9e sporadiquement par Nicolas Vilas et Thibaut Giangrande. Mais, les deux journalistes appr\u00e9ci\u00e9s des auditeurs ont activ\u00e9 leur clause de cession, valable jusqu&rsquo;au 31 mai dernier. Le premier a d\u00e9j\u00e0 rebondi et a \u00e9t\u00e9 recrut\u00e9 par la cha\u00eene L&rsquo;Equipe pour renforcer les rangs de <a href=\"https:\/\/www.ozap.com\/actu\/-nous-avons-hate-de-le-retrouver-olivier-menard-bientot-de-retour-dans-l-equipe-du-soir-apres-son-agression\/644467\" rel=\"nofollow noopener\" target=\"_blank\">\u00ab\u00a0L&rsquo;Equipe du soir\u00a0\u00bb, toujours pr\u00e9sent\u00e9 par Olivier M\u00e9nard<\/a>.<\/p>\n<p>Julien Cazarre mettra \u00e9galement son talent pour d\u00e9tourner l&rsquo;actualit\u00e9 du ballon rond au service de France T\u00e9l\u00e9visions. Le groupe audiovisuel a annonc\u00e9 dans la foul\u00e9e que l&rsquo;humoriste tiendra une nouvelle chronique avec des \u00ab\u00a0insides exclusifs aupr\u00e8s des clubs\u00a0\u00bb dans \u00ab\u00a0Tout Le Sport\u00a0\u00bb sur France 3 chaque mardi. Sa premi\u00e8re carte blanche, intitul\u00e9e \u00ab\u00a0Version Cazarre\u00a0\u00bb, est pr\u00e9vue pour le 26 ao\u00fbt.<\/p>\n<blockquote class=\"twitter-tweet\">\n<p lang=\"fr\" dir=\"ltr\">\u26bd <a href=\"https:\/\/twitter.com\/hashtag\/TLS?src=hash&amp;ref_src=twsrc%5Etfw\" rel=\"nofollow noopener\" target=\"_blank\">#TLS<\/a> | Julien Cazarre rejoint Tout Le Sport ! <\/p>\n<p>\u2705 Retrouvez chaque mardi \u00ab\u00a0version Cazarre\u00a0\u00bb, la nouvelle chronique de Julien Cazarre sur la Ligue 1. Avec des insides exclusifs aupr\u00e8s des clubs. Premier \u00e9pisode mardi 26 ao\u00fbt. <\/p>\n<p>\ud83d\udcfa L&rsquo;\u00e9mission en replay : <a href=\"https:\/\/t.co\/GFyTuoAK9M\" rel=\"nofollow\">https:\/\/t.co\/GFyTuoAK9M<\/a> <a href=\"https:\/\/t.co\/HwvVqxGUAk\" rel=\"nofollow\">pic.twitter.com\/HwvVqxGUAk<\/a><\/p>\n<p>\u2014 francetvsport (@francetvsport) <a href=\"https:\/\/twitter.com\/francetvsport\/status\/1958595623491363131?ref_src=twsrc%5Etfw\" rel=\"nofollow noopener\" target=\"_blank\">August 21, 2025<\/a><\/p><\/blockquote>\n<p>A lire aussi : <a href=\"https:\/\/www.ozap.com\/actu\/ligue-1-ou-a-quel-prix-et-sur-quelle-chaine-regarder-la-ligue-1-cette-saison\/651200\" rel=\"nofollow noopener\" target=\"_blank\"><strong>Ligue 1 : O\u00f9, \u00e0 quel prix et sur quelle cha\u00eene regarder la Ligue 1 cette saison ?<\/strong><\/a><\/p>\n<p>Mercato agit\u00e9 pour le service des sports de RMC<\/p>\n<p>De retour \u00e0 l&rsquo;antenne depuis le lundi 18 ao\u00fbt, <a href=\"https:\/\/www.ozap.com\/personnalite\/jerome-rothen_e183090\" rel=\"nofollow noopener\" target=\"_blank\">J\u00e9r\u00f4me Rothen<\/a> se retrouve, lui, priv\u00e9 d&rsquo;un nouvel \u00e9l\u00e9ment de son \u00e9quipe. Son complice de toujours, Jean-Louis Tourre, a en effet \u00e9t\u00e9 choisi pour <a href=\"https:\/\/www.ozap.com\/actu\/jai-realise-mon-reve-tres-emu-jean-resseguie-fait-ses-adieux-a-rmc-apres-37-ans-dantenne\/650282\" rel=\"nofollow noopener\" target=\"_blank\">remplacer l&#8217;embl\u00e9matique Jean Ress\u00e9gui\u00e9<\/a> aux commentaires des plus grandes affiches du football tricolore et europ\u00e9en. Fatigu\u00e9e et souhaitant ralentir le rythme, la voix du ballon rond de la station depuis 37 ans met d\u00e9sormais \u00e0 profit \u00ab\u00a0sa grande exp\u00e9rience, son expertise radio et sa passion du football\u00a0\u00bb au service de la cha\u00eene L&rsquo;\u00c9quipe et de RTL. Pas pour donner vie aux matchs, mais pour d\u00e9briefer l&rsquo;actualit\u00e9 sportive dans \u00ab\u00a0L&rsquo;\u00c9quipe de Greg\u00a0\u00bb sur le canal 21 de la TNT et dans \u00ab\u00a0RTL Foot\u00a0\u00bb, \u00e9mission diffus\u00e9e les vendredis, samedis et dimanches soirs. Sur la radio priv\u00e9e, le nouveau chroniqueur remplacera Xavier Domergue, qui commentera au m\u00eame moment les matchs de Ligue 1 sur sa nouvelle plateforme.<\/p>\n<p>        <script async src=\"https:\/\/platform.twitter.com\/widgets.js\" charset=\"utf-8\"><\/script><\/p>\n","protected":false},"excerpt":{"rendered":"Par Olivier Cortinovis | Journaliste Sportif frustr\u00e9 (les ligaments crois\u00e9s tu connais\u2026) qui a choisi le journalisme pour&hellip;\n","protected":false},"author":2,"featured_media":339051,"comment_status":"","ping_status":"","sticky":false,"template":"","format":"standard","meta":{"footnotes":""},"categories":[1359],"tags":[58,59,1011,27,973],"class_list":{"0":"post-339050","1":"post","2":"type-post","3":"status-publish","4":"format-standard","5":"has-post-thumbnail","7":"category-people","8":"tag-divertissement","9":"tag-entertainment","10":"tag-fr","11":"tag-france","12":"tag-people"},"share_on_mastodon":{"url":"https:\/\/pubeurope.com\/@fr\/115079467738660380","error":""},"_links":{"self":[{"href":"https:\/\/www.europesays.com\/fr\/wp-json\/wp\/v2\/posts\/339050","targetHints":{"allow":["GET"]}}],"collection":[{"href":"https:\/\/www.europesays.com\/fr\/wp-json\/wp\/v2\/posts"}],"about":[{"href":"https:\/\/www.europesays.com\/fr\/wp-json\/wp\/v2\/types\/post"}],"author":[{"embeddable":true,"href":"https:\/\/www.europesays.com\/fr\/wp-json\/wp\/v2\/users\/2"}],"replies":[{"embeddable":true,"href":"https:\/\/www.europesays.com\/fr\/wp-json\/wp\/v2\/comments?post=339050"}],"version-history":[{"count":0,"href":"https:\/\/www.europesays.com\/fr\/wp-json\/wp\/v2\/posts\/339050\/revisions"}],"wp:featuredmedia":[{"embeddable":true,"href":"https:\/\/www.europesays.com\/fr\/wp-json\/wp\/v2\/media\/339051"}],"wp:attachment":[{"href":"https:\/\/www.europesays.com\/fr\/wp-json\/wp\/v2\/media?parent=339050"}],"wp:term":[{"taxonomy":"category","embeddable":true,"href":"https:\/\/www.europesays.com\/fr\/wp-json\/wp\/v2\/categories?post=339050"},{"taxonomy":"post_tag","embeddable":true,"href":"https:\/\/www.europesays.com\/fr\/wp-json\/wp\/v2\/tags?post=339050"}],"curies":[{"name":"wp","href":"https:\/\/api.w.org\/{rel}","templated":true}]}}