{"id":339053,"date":"2025-08-23T18:23:12","date_gmt":"2025-08-23T18:23:12","guid":{"rendered":"https:\/\/www.europesays.com\/fr\/339053\/"},"modified":"2025-08-23T18:23:12","modified_gmt":"2025-08-23T18:23:12","slug":"yana-de-saedeleer-jeune-chanteuse-de-29-ans-ancienne-candidate-de-lemission-the-voice-a-ete-retrouvee-morte-dans-sa-chambre-dhotel-lors-lors-dun-voyage-touristique-au-perou","status":"publish","type":"post","link":"https:\/\/www.europesays.com\/fr\/339053\/","title":{"rendered":"Yana De Saedeleer, jeune chanteuse de 29 ans, ancienne candidate de l\u2019\u00e9mission The Voice, a \u00e9t\u00e9 retrouv\u00e9e morte dans sa chambre d&rsquo;h\u00f4tel lors lors d&rsquo;un voyage touristique au P\u00e9rou"},"content":{"rendered":"<p>Yana De Saedeleer, jeune chanteuse de 29 ans, ancienne candidate de l\u2019\u00e9mission The Voice version Flandres, a \u00e9t\u00e9 retrouv\u00e9e morte dans sa chambre d&rsquo;h\u00f4tel lors lors d&rsquo;un voyage touristique au P\u00e9rou. Son corps a \u00e9t\u00e9 d\u00e9couvert sans vie dans la chambre d\u2019h\u00f4tel o\u00f9 elle s\u00e9journait au P\u00e9rou, lors d\u2019un voyage qu\u2019elle effectuait avec son compagnon depuis environ deux semaines.<\/p>\n<p>Selon les premiers \u00e9l\u00e9ments rapport\u00e9s, aucune trace de violence n\u2019a \u00e9t\u00e9 constat\u00e9e.<\/p>\n<p>Le d\u00e9c\u00e8s para\u00eet \u00eatre de cause naturelle, et pourrait \u00eatre li\u00e9 au mal des montagnes, ce mal qui survient en raison des altitudes \u00e9lev\u00e9es et d\u2019une rar\u00e9faction de l\u2019oxyg\u00e8ne dans l\u2019air. Une autopsie devrait confirmer ou infirmer cette hypoth\u00e8se.<\/p>\n<p>\u00a0<\/p>\n<p>Originaire d\u2019Erembodegem, en Flandre orientale, Yana s\u2019\u00e9tait fait conna\u00eetre en 2016 gr\u00e2ce \u00e0 sa prestation poignante du titre Wayfaring Stranger de Johnny Cash, qui avait marqu\u00e9 les esprits des coaches et du public.<\/p>\n<p>Apr\u00e8s son passage \u00e0 The Voice Flandre, elle avait poursuivi sa carri\u00e8re artistique comme chanteuse du groupe The Moores, tout en exer\u00e7ant le m\u00e9tier d\u2019assistante sociale aupr\u00e8s des jeunes \u00e0 Aalst.<\/p>\n<p>L\u2019annonce de son d\u00e9c\u00e8s a provoqu\u00e9 une immense tristesse parmi ses proches, ses coll\u00e8gues et les fans.<\/p>\n<p>Son groupe a exprim\u00e9 sa peine sur les r\u00e9seaux, \u00e9voquant un \u00ab vide irr\u00e9el \u00bb, tandis que ses coll\u00e8gues du centre d\u2019aide pour jeunes OverKop d\u2019Aalst soulignent son altru\u00efsme et son engagement aupr\u00e8s des adolescents.<\/p>\n<p>.<\/p>\n<p style=\"text-align: center;\"><img loading=\"lazy\" decoding=\"async\" src=\"https:\/\/www.europesays.com\/fr\/wp-content\/uploads\/2025\/08\/yana_de_saedeleer.webp.webp\" width=\"640\" height=\"405\"\/><\/p>\n<p>\u00a0<\/p>\n","protected":false},"excerpt":{"rendered":"Yana De Saedeleer, jeune chanteuse de 29 ans, ancienne candidate de l\u2019\u00e9mission The Voice version Flandres, a \u00e9t\u00e9&hellip;\n","protected":false},"author":2,"featured_media":339054,"comment_status":"","ping_status":"","sticky":false,"template":"","format":"standard","meta":{"footnotes":""},"categories":[1356],"tags":[3983,58,59,1011,27,252,3074,1364,47526],"class_list":{"0":"post-339053","1":"post","2":"type-post","3":"status-publish","4":"format-standard","5":"has-post-thumbnail","7":"category-television","8":"tag-deces","9":"tag-divertissement","10":"tag-entertainment","11":"tag-fr","12":"tag-france","13":"tag-television","14":"tag-the-voice","15":"tag-tv","16":"tag-yana-de-saedeleer"},"share_on_mastodon":{"url":"https:\/\/pubeurope.com\/@fr\/115079479592220722","error":""},"_links":{"self":[{"href":"https:\/\/www.europesays.com\/fr\/wp-json\/wp\/v2\/posts\/339053","targetHints":{"allow":["GET"]}}],"collection":[{"href":"https:\/\/www.europesays.com\/fr\/wp-json\/wp\/v2\/posts"}],"about":[{"href":"https:\/\/www.europesays.com\/fr\/wp-json\/wp\/v2\/types\/post"}],"author":[{"embeddable":true,"href":"https:\/\/www.europesays.com\/fr\/wp-json\/wp\/v2\/users\/2"}],"replies":[{"embeddable":true,"href":"https:\/\/www.europesays.com\/fr\/wp-json\/wp\/v2\/comments?post=339053"}],"version-history":[{"count":0,"href":"https:\/\/www.europesays.com\/fr\/wp-json\/wp\/v2\/posts\/339053\/revisions"}],"wp:featuredmedia":[{"embeddable":true,"href":"https:\/\/www.europesays.com\/fr\/wp-json\/wp\/v2\/media\/339054"}],"wp:attachment":[{"href":"https:\/\/www.europesays.com\/fr\/wp-json\/wp\/v2\/media?parent=339053"}],"wp:term":[{"taxonomy":"category","embeddable":true,"href":"https:\/\/www.europesays.com\/fr\/wp-json\/wp\/v2\/categories?post=339053"},{"taxonomy":"post_tag","embeddable":true,"href":"https:\/\/www.europesays.com\/fr\/wp-json\/wp\/v2\/tags?post=339053"}],"curies":[{"name":"wp","href":"https:\/\/api.w.org\/{rel}","templated":true}]}}