{"id":339055,"date":"2025-08-23T18:24:13","date_gmt":"2025-08-23T18:24:13","guid":{"rendered":"https:\/\/www.europesays.com\/fr\/339055\/"},"modified":"2025-08-23T18:24:13","modified_gmt":"2025-08-23T18:24:13","slug":"kendji-girac-devient-le-parrain-dune-nouvelle-emission","status":"publish","type":"post","link":"https:\/\/www.europesays.com\/fr\/339055\/","title":{"rendered":"Kendji Girac devient le parrain d&rsquo;une nouvelle \u00e9mission"},"content":{"rendered":"<p><img decoding=\"async\" src=\"https:\/\/www.europesays.com\/fr\/wp-content\/uploads\/2025\/08\/photo_1755872125.jpg\" class=\"textcenter img-content\" loading=\"lazy\"\/>DR<br \/>\n<br \/>\nEn 2022, Kendji Girac se lan\u00e7ait un double d\u00e9fi : faire ses premiers pas de com\u00e9dien et \u00e9voquer <a href=\"https:\/\/www.chartsinfrance.net\/Kendji-Girac\/news-121828.html\" target=\"_blank\" class=\"spip_out\" rel=\"nofollow noopener\">un sujet intime, l&rsquo;illettrisme<\/a>. Dans la peau de Zack, le chanteur a mis en lumi\u00e8re son combat jusqu&rsquo;ici secret dans <a href=\"https:\/\/www.chartsinfrance.net\/Kendji-Girac\/news-121878.html\" target=\"_blank\" class=\"spip_out\" rel=\"nofollow noopener\">le t\u00e9l\u00e9film \u00ab\u00a0Champion\u00a0\u00bb<\/a>, qui a rassembl\u00e9 <a href=\"https:\/\/www.chartsinfrance.net\/Kendji-Girac\/news-122389.html\" target=\"_blank\" class=\"spip_out\" rel=\"nofollow noopener\">2,99 millions de t\u00e9l\u00e9spectateurs<\/a> sur TF1. \u00ab J&rsquo;avais eu surtout des difficult\u00e9s \u00e0 \u00e9crire. Lire, je l&rsquo;ai appris \u00e0 l\u2019\u00e9cole, mais je ne savais pas \u00e9crire comme une personne qui a eu un parcours scolaire classique \u00bb confiait celui qui a grandi au sein de la communaut\u00e9 des gens du voyage : \u00ab Je faisais beaucoup de fautes d&rsquo;orthographe, j&rsquo;\u00e9crivais en phon\u00e9tique, en fait. \u00c0 l&rsquo;\u00e9poque, je n&rsquo;\u00e9prouvais pas de la honte, plus de la g\u00eane \u00bb. <\/p>\n<p>Le player Dailymotion est en train de se charger&#8230;<\/p>\n<p>\u00ab\u00a0Ce n&rsquo;est pas une honte d&rsquo;avoir des lacunes\u00a0\u00bb<br \/>\nS&rsquo;il a r\u00e9ussi \u00e0 s&rsquo;en sortir, Kendji Girac a toujours voulu braquer les projecteurs sur ce sujet tr\u00e8s important qui touche 7% de la population adulte, soit 3,7 millions de personnes : \u00ab Aujourd&rsquo;hui, l&rsquo;illettrisme ne doit plus \u00eatre un tabou. Je voudrais \u00eatre un porte-parole, j&rsquo;ai rencontr\u00e9 des associations, je vais travailler avec eux sur ce sujet \u00bb. Et l&rsquo;interpr\u00e8te de <a href=\"https:\/\/www.chartsinfrance.net\/Kendji-Girac\/news-133438.html\" target=\"_blank\" class=\"spip_out\" rel=\"nofollow noopener\">\u00ab\u00a0Un, dos, tres\u00a0\u00bb<\/a> a tenu parole. En effet, il devient le parrain d&rsquo;une \u00e9mission sp\u00e9ciale sur l&rsquo;illettrisme qui sera diffus\u00e9e le mardi 9 septembre d\u00e8s 21h10 sur France 2. Baptis\u00e9e \u00ab\u00a0J&rsquo;ai pas les mots &#8211; 8 semaines pour sortir de l&rsquo;illettrisme\u00a0\u00bb, elle sera propos\u00e9e \u00e0 l&rsquo;occasion des journ\u00e9es nationales contre l&rsquo;illettrisme. Les t\u00e9l\u00e9spectateurs y suivront le parcours de sept personnes (dont C\u00e9cile, Patrick, Valentin ou Sahar), d&rsquo;\u00e2ges et d&rsquo;horizons diff\u00e9rents, lors d&rsquo;un programme d&rsquo;apprentissage intensif.<\/p>\n<blockquote class=\"twitter-tweet\">\n<p lang=\"fr\" dir=\"ltr\">Soir\u00e9e \u00e9v\u00e9nementJ&rsquo;ai pas les mots &#8211; 8 semaines pour sortir de l&rsquo;illettrismeMardi 9 septembre \u00e0 21.10 sur France 2Aujourd&rsquo;hui 11 % des jeunes ainsi que 25 % des adultes, \u00e2g\u00e9s de moins de 30 ans, sont en forte difficult\u00e9 avec les comp\u00e9tences de base <a href=\"https:\/\/t.co\/ossWsavwXp\" rel=\"nofollow\">pic.twitter.com\/ossWsavwXp<\/a><\/p>\n<p>\u2014 M\u00e9dias France (@MediasFrance) <a href=\"https:\/\/twitter.com\/MediasFrance\/status\/1958529774977999081?ref_src=twsrc%5Etfw\" rel=\"nofollow noopener\" target=\"_blank\">August 21, 2025<\/a><\/p><\/blockquote>\n<p>\u00ab J&rsquo;ai accept\u00e9 d&rsquo;\u00eatre parrain de cette \u00e9mission parce que moi aussi j&rsquo;ai connu le doute. Aujourd&rsquo;hui, on est ici avec le coeur, pour les aider, pour les accompagner sur leur chemin. Ce n&rsquo;est pas une honte d&rsquo;avoir des lacunes, le plus important, c&rsquo;est d&rsquo;en parler. Si je peux leur faire part de mon histoire pour qu&rsquo;ils se sentent bien, alors je suis l\u00e0, pour avancer avec eux \u00bb explique Kendji Girac qui sera \u00e0 leurs c\u00f4t\u00e9s dans cette aventure, qui prendra fin avec un ultime d\u00e9fi : \u00ab \u00e9crire et lire un discours personnel devant leurs proches, t\u00e9moins de leur courage et de leurs progr\u00e8s \u00bb.<\/p>\n<p><script async src=\"https:\/\/platform.twitter.com\/widgets.js\" charset=\"utf-8\"><\/script><\/p>\n","protected":false},"excerpt":{"rendered":"DR En 2022, Kendji Girac se lan\u00e7ait un double d\u00e9fi : faire ses premiers pas de com\u00e9dien et&hellip;\n","protected":false},"author":2,"featured_media":339056,"comment_status":"","ping_status":"","sticky":false,"template":"","format":"standard","meta":{"footnotes":""},"categories":[1355],"tags":[58,59,1011,27,1361,873],"class_list":{"0":"post-339055","1":"post","2":"type-post","3":"status-publish","4":"format-standard","5":"has-post-thumbnail","7":"category-musique","8":"tag-divertissement","9":"tag-entertainment","10":"tag-fr","11":"tag-france","12":"tag-music","13":"tag-musique"},"share_on_mastodon":{"url":"https:\/\/pubeurope.com\/@fr\/115079483510053216","error":""},"_links":{"self":[{"href":"https:\/\/www.europesays.com\/fr\/wp-json\/wp\/v2\/posts\/339055","targetHints":{"allow":["GET"]}}],"collection":[{"href":"https:\/\/www.europesays.com\/fr\/wp-json\/wp\/v2\/posts"}],"about":[{"href":"https:\/\/www.europesays.com\/fr\/wp-json\/wp\/v2\/types\/post"}],"author":[{"embeddable":true,"href":"https:\/\/www.europesays.com\/fr\/wp-json\/wp\/v2\/users\/2"}],"replies":[{"embeddable":true,"href":"https:\/\/www.europesays.com\/fr\/wp-json\/wp\/v2\/comments?post=339055"}],"version-history":[{"count":0,"href":"https:\/\/www.europesays.com\/fr\/wp-json\/wp\/v2\/posts\/339055\/revisions"}],"wp:featuredmedia":[{"embeddable":true,"href":"https:\/\/www.europesays.com\/fr\/wp-json\/wp\/v2\/media\/339056"}],"wp:attachment":[{"href":"https:\/\/www.europesays.com\/fr\/wp-json\/wp\/v2\/media?parent=339055"}],"wp:term":[{"taxonomy":"category","embeddable":true,"href":"https:\/\/www.europesays.com\/fr\/wp-json\/wp\/v2\/categories?post=339055"},{"taxonomy":"post_tag","embeddable":true,"href":"https:\/\/www.europesays.com\/fr\/wp-json\/wp\/v2\/tags?post=339055"}],"curies":[{"name":"wp","href":"https:\/\/api.w.org\/{rel}","templated":true}]}}