{"id":339063,"date":"2025-08-23T18:28:09","date_gmt":"2025-08-23T18:28:09","guid":{"rendered":"https:\/\/www.europesays.com\/fr\/339063\/"},"modified":"2025-08-23T18:28:09","modified_gmt":"2025-08-23T18:28:09","slug":"camille-lacourt-sa-femme-alice-detollenaere-dans-une-periode-compliquee-elle-sort-du-silence","status":"publish","type":"post","link":"https:\/\/www.europesays.com\/fr\/339063\/","title":{"rendered":"Camille Lacourt : sa femme, Alice Detollenaere, dans \u00ab\u00a0une p\u00e9riode compliqu\u00e9e\u00a0\u00bb, elle sort du silence"},"content":{"rendered":"<p><strong>Alice Detollenaere<\/strong>, la femme de <a href=\"https:\/\/www.closermag.fr\/people\/camille-lacourt-en-pleurs-en-direct-sur-france-2-sequence-emotion-speciale-3568768\" target=\"_blank\" rel=\"noopener\"><br \/>\nCamille Lacourt<\/a>, est pleinement engag\u00e9e dans la lutte contre le<br \/>\ncancer du sein. Un combat qui a commenc\u00e9 en janvier 2020 pour elle,<br \/>\nquand elle avait annonc\u00e9 \u00eatre <strong>atteinte d\u2019un cancer du<br \/>\nsein<\/strong>. Heureusement, elle, qui a d\u00e9cid\u00e9 de se faire retirer<br \/>\nle sein, a gagn\u00e9 son combat contre la maladie.<\/p>\n<p><a href=\"https:\/\/www.closermag.fr\/people\/pas-de-cerveau-dommage-camille-lacourt-se-lache-sur-un-ancien-nageur-3568585\" target=\"_blank\" rel=\"noopener\"><br \/>\nUne \u00e9preuve marquante<\/a> qui a visiblement forg\u00e9 sa motivation<br \/>\ndans sa lutte. Apr\u00e8s tout, elle met volontiers sa notori\u00e9t\u00e9 au<br \/>\nprofit de cette noble cause. Malgr\u00e9 tout, la femme de Camille<br \/>\nLacourt, est loin de se sentir bien. Apr\u00e8s tout, la maman de Marius<br \/>\na <strong>perdu son amie<\/strong>, Juliette, \u00e0 cause du cancer du<br \/>\nsein. <a href=\"https:\/\/www.closermag.fr\/people\/camille-lacourt-le-plus-gros-con-de-la-terre-ce-moment-alcoolise-et-pathetique-qui-la-traumatise-3542976\" target=\"_blank\" rel=\"noopener\"><br \/>\nUne situation difficile<\/a> \u00e0 laquelle elle doit faire face.<\/p>\n<p>Camille Lacourt : sa femme, Alice Detollenaere, exprime sa<br \/>\ndouleur<\/p>\n<p>C\u2019est sur Instagram que la femme de <strong>Camille<br \/>\nLacourt<\/strong> a d\u00e9cid\u00e9 de se confier sur cette <a href=\"https:\/\/www.telestar.fr\/people\/je-vais-avoir-des-problemes-grosse-bourde-de-camille-lacourt-il-se-rattrape-in-extremis-1733686\" target=\"_blank\" rel=\"noopener\"><br \/>\nperte tragique<\/a>, mais aussi la p\u00e9riode difficile qu\u2019elle<br \/>\ntraverse. \u00ab\u00a0En ce moment, c\u2019est vraiment <strong>une<br \/>\np\u00e9riode compliqu\u00e9e<\/strong> pour le moral\u00a0\u00bb, confie<br \/>\n<a href=\"https:\/\/www.closermag.fr\/people\/camille-lacourt-piscine-et-four-a-pizza-a-quoi-ressemble-la-maison-marseillaise-ou-il-vit-avec-alice-detollenaere-3537656\" target=\"_blank\" rel=\"noopener\"><br \/>\nAlice Detollenaere<\/a> dans sa story. Ce message a \u00e9t\u00e9 fait au<br \/>\ncinqui\u00e8me jour de son lumbago. Un mal \u00e0 la base de sa tristesse<br \/>\n\u00e9galement.<\/p>\n<p>\u00ab\u00a0Je ne suis pas \u00e9tonn\u00e9e de m\u2019\u00eatre fait <strong>ce<br \/>\nlumbago<\/strong>. Il y a des choses que je ne peux pas<br \/>\nexpliquer ici\u00a0\u00bb, a-t-elle d\u00e9clar\u00e9 sans en dire plus sur ce mal.<br \/>\nSeulement, il a \u00e9t\u00e9 la raison pour laquelle elle n\u2019a <strong>pas pu<br \/>\nassister aux fun\u00e9railles<\/strong> de son amie, le 20 ao\u00fbt<br \/>\ndernier.<\/p>\n<blockquote class=\"instagram-media\" style=\"background: #ffffff;border: 0;margin: 1px;width: 100%;padding: 0;max-width: 500px;\" data-instgrm-permalink=\"https:\/\/www.instagram.com\/p\/DNYtxvAo4oq\/?utm_source=ig_web_copy_link&amp;igsh=MzRlODBiNWFlZA==\" data-instgrm-version=\"14\"\/><p>\nAlice Detollenaere : la femme de<br \/>\nCamille Lacourt infiniment triste par la mort de son amie<\/p>\n<p>Sur Instagram, <strong>Alice Detollenaere<\/strong> a confi\u00e9 que<br \/>\nne pas pouvoir se rendre aux fun\u00e9railles \u00e0 Bayeux l\u2019avait rendu<br \/>\n\u00ab\u00a0infiniment triste\u00a0\u00bb. \u00ab\u00a0<strong>Les 14 h de<br \/>\ntrain<\/strong> pour l\u2019aller et le retour avec mon dos<br \/>\nn\u2019\u00e9taient pas faisables. \u00c7a ajoute de la tristesse \u00e0 ma tristesse<br \/>\nde ne pas m\u2019y \u00eatre rendue. Je vais <strong>laisser du<br \/>\ntemps \u00e0 mon corps<\/strong> et \u00e0 mon c\u0153ur. L\u2019\u00e9crire soulage<br \/>\nun peu\u00a0\u00bb, pouvait-on lire.<\/p>\n<p>Seulement, la compagne du <a href=\"https:\/\/www.closermag.fr\/tv_tele_realite\/il-lui-a-glisse-son-rib-camille-lacourt-en-roue-libre-sur-leon-marchand-apres-un-nouvel-exploit-3568898\" target=\"_blank\" rel=\"noopener\"><br \/>\nnageur professionnel<\/a> n\u2019a pas manqu\u00e9 de rendre un vibrant<br \/>\nhommage \u00e0 son amie, sur Instagram, le 15 ao\u00fbt dernier. \u00ab\u00a0C\u2019est<br \/>\nl\u2019image que je garderai de toi. Celle d\u2019une femme forte.<br \/>\n<strong>Une femme debout<\/strong>. Une femme qui m\u2019a<br \/>\ndonn\u00e9e la plus grande le\u00e7on de vie; c\u2019est en aidant les autres que<br \/>\nl\u2019on s\u2019aide soi-m\u00eame\u00a0\u00bb, a-t-elle \u00e9crit en l\u00e9gende \u00e0 un tendre<br \/>\nclich\u00e9.<\/p>\n<p><script async src=\"\/\/www.instagram.com\/embed.js\"><\/script><\/p>\n","protected":false},"excerpt":{"rendered":"Alice Detollenaere, la femme de Camille Lacourt, est pleinement engag\u00e9e dans la lutte contre le cancer du sein.&hellip;\n","protected":false},"author":2,"featured_media":339064,"comment_status":"","ping_status":"","sticky":false,"template":"","format":"standard","meta":{"footnotes":""},"categories":[8],"tags":[548,13048,58,59,1011,27],"class_list":{"0":"post-339063","1":"post","2":"type-post","3":"status-publish","4":"format-standard","5":"has-post-thumbnail","7":"category-divertissement","8":"tag-article-simple","9":"tag-camille-lacourt","10":"tag-divertissement","11":"tag-entertainment","12":"tag-fr","13":"tag-france"},"share_on_mastodon":{"url":"https:\/\/pubeurope.com\/@fr\/115079499202206727","error":""},"_links":{"self":[{"href":"https:\/\/www.europesays.com\/fr\/wp-json\/wp\/v2\/posts\/339063","targetHints":{"allow":["GET"]}}],"collection":[{"href":"https:\/\/www.europesays.com\/fr\/wp-json\/wp\/v2\/posts"}],"about":[{"href":"https:\/\/www.europesays.com\/fr\/wp-json\/wp\/v2\/types\/post"}],"author":[{"embeddable":true,"href":"https:\/\/www.europesays.com\/fr\/wp-json\/wp\/v2\/users\/2"}],"replies":[{"embeddable":true,"href":"https:\/\/www.europesays.com\/fr\/wp-json\/wp\/v2\/comments?post=339063"}],"version-history":[{"count":0,"href":"https:\/\/www.europesays.com\/fr\/wp-json\/wp\/v2\/posts\/339063\/revisions"}],"wp:featuredmedia":[{"embeddable":true,"href":"https:\/\/www.europesays.com\/fr\/wp-json\/wp\/v2\/media\/339064"}],"wp:attachment":[{"href":"https:\/\/www.europesays.com\/fr\/wp-json\/wp\/v2\/media?parent=339063"}],"wp:term":[{"taxonomy":"category","embeddable":true,"href":"https:\/\/www.europesays.com\/fr\/wp-json\/wp\/v2\/categories?post=339063"},{"taxonomy":"post_tag","embeddable":true,"href":"https:\/\/www.europesays.com\/fr\/wp-json\/wp\/v2\/tags?post=339063"}],"curies":[{"name":"wp","href":"https:\/\/api.w.org\/{rel}","templated":true}]}}