{"id":339068,"date":"2025-08-23T18:31:10","date_gmt":"2025-08-23T18:31:10","guid":{"rendered":"https:\/\/www.europesays.com\/fr\/339068\/"},"modified":"2025-08-23T18:31:10","modified_gmt":"2025-08-23T18:31:10","slug":"vent-pluie-perturbation-issue-du-cyclone-erin-une-fin-dete-agitee-en-bretagne","status":"publish","type":"post","link":"https:\/\/www.europesays.com\/fr\/339068\/","title":{"rendered":"Vent, pluie, perturbation issue du cyclone Erin\u00a0: une fin d\u2019\u00e9t\u00e9 agit\u00e9e en Bretagne"},"content":{"rendered":"<p>La fin de l\u2019\u00e9t\u00e9 sera agit\u00e9e sur les c\u00f4tes bretonnes. \u00c0 partir de mardi, les restes de l\u2019ouragan Erin, qui a touch\u00e9 l\u2019est des \u00c9tats-Unis, vont se transformer en plusieurs d\u00e9pressions qui se distingueront \u00e0 l\u2019entr\u00e9e de la Manche, en mer d\u2019Iroise et dans le golfe de Gascogne. \u00ab Ce ph\u00e9nom\u00e8ne automnal pourrait durer huit \u00e0 dix jours \u00bb, selon S\u00e9bastien Decaux, de M\u00e9t\u00e9o Bretagne. En Bretagne, un p\u00e9rim\u00e8tre de la c\u00f4te des L\u00e9gendes jusqu\u2019au littoral d\u2019Iroise ainsi que les \u00eeles de Groix, Belle-Ile, voire Quiberon, pourront \u00eatre impact\u00e9s.<\/p>\n<blockquote class=\"twitter-tweet\">\n<p lang=\"fr\" dir=\"ltr\">Les restes d\u2019<a href=\"https:\/\/twitter.com\/hashtag\/Erin?src=hash&amp;ref_src=twsrc%5Etfw\" rel=\"nofollow noopener\" target=\"_blank\">#Erin<\/a> \\ud83c\\udf00vont comme pr\u00e9vu toucher le NO de l\u2019Europe en d\u00e9but de semaine prochaine. Cette d\u00e9pression va g\u00e9n\u00e9rer une forte houle. Des creux de 10 \u00e0 12 m sont mod\u00e9lis\u00e9s au large de l\u2019Irlande lundi. Creux de 4-5 m entre l\u2019entr\u00e9e de Manche et le Golfe de Gascogne mardi. <a href=\"https:\/\/t.co\/KKXOT7qiVh\" rel=\"nofollow\">pic.twitter.com\/KKXOT7qiVh<\/a><\/p>\n<p>\u2014 S\u00e9bastien DECAUX (@SebDecaux) <a href=\"https:\/\/twitter.com\/SebDecaux\/status\/1959255101022871841?ref_src=twsrc%5Etfw\" rel=\"nofollow noopener\" target=\"_blank\">August 23, 2025<\/a><\/p><\/blockquote>\n<p>\u00ab Vent mod\u00e9r\u00e9 mais bonnes vagues \u00bb<\/p>\n<p>Les p\u00e9riodes de <a href=\"https:\/\/www.letelegramme.fr\/bretagne\/les-fortes-chaleurs-ne-cessent-de-gagner-du-terrain-en-bretagne-6874950.php\" target=\"_blank\" rel=\"nofollow noopener\">canicule<\/a> sont r\u00e9volues et l\u2019automne pointe d\u00e9j\u00e0 le bout de son nez. C\u2019est, en somme, le message transmis par S\u00e9bastien Decaux, de M\u00e9t\u00e9o Bretagne : \u00a0\u00bb La perturbation arrivera \u00e0 partir de mardi et sera particuli\u00e8rement active mercredi.<\/p>\n<p>Les temp\u00e9ratures maximales vont baisser pour ne plus d\u00e9passer 20 \u00e0 24 \u00b0C, mardi, puis 19 \u00e0 22 \u00b0C, de jeudi \u00e0 dimanche \u00ab\u00a0.<\/p>\n<p>L\u2019\u00e9volution m\u00e9t\u00e9orologique se remarquera surtout au large : \u00ab La mer sera agit\u00e9e de jeudi \u00e0 dimanche et cr\u00e9era des vagues de 4 \u00e0 5 m\u00e8tres. Le vent reste mod\u00e9r\u00e9 mais des endroits comme Saint-Malo pourront \u00eatre expos\u00e9es \u00e0 de bonnes vagues \u00bb.\u00a0<\/p>\n<p>Des informations \u00ab \u00e0 prendre en consid\u00e9ration si l\u2019on est habitu\u00e9 aux sorties en voilier \u00bb. Les coefficients de mar\u00e9es ne d\u00e9passeront pas 90 mais \u00ab au moment des pleines mers, sur les digues, les vagues seront \u00e9nerg\u00e9tiques \u00bb. \u00ab Prudence aussi pour les baigneurs \u00bb, avertit S\u00e9bastien Decaux.<\/p>\n<p>Les restes du cyclone Erin<\/p>\n<p>L\u2019ancien cyclone Erin est n\u00e9 il y a une dizaine de jours au large du Cap-Vert puis s\u2019est d\u00e9plac\u00e9 jusqu\u2019aux Cara\u00efbes, il y a quelques jours. Il s\u2019est ensuite affaibli, hier, au large de Washington. Cette d\u00e9pression atteindra son paroxysme, lundi, en Europe. Au large de l\u2019Irlande, des creux de 10 \u00e0 12 m\u00e8tres sont attendus. \u00ab En Bretagne, on va subir cette houle qui va se propager \u00bb, analyse le sp\u00e9cialiste de M\u00e9t\u00e9o Bretagne<\/p>\n<p><script async src=\"https:\/\/platform.twitter.com\/widgets.js\" charset=\"utf-8\"><\/script><\/p>\n","protected":false},"excerpt":{"rendered":"La fin de l\u2019\u00e9t\u00e9 sera agit\u00e9e sur les c\u00f4tes bretonnes. \u00c0 partir de mardi, les restes de l\u2019ouragan&hellip;\n","protected":false},"author":2,"featured_media":339069,"comment_status":"","ping_status":"","sticky":false,"template":"","format":"standard","meta":{"footnotes":""},"categories":[5],"tags":[11,829,2171,765,3321,1011,27,848,14,2487,21570,2357,3729,12,28],"class_list":{"0":"post-339068","1":"post","2":"type-post","3":"status-publish","4":"format-standard","5":"has-post-thumbnail","7":"category-international","8":"tag-actualites","9":"tag-bretagne","10":"tag-cotes-darmor","11":"tag-en-continu","12":"tag-finistere","13":"tag-fr","14":"tag-france","15":"tag-ille-et-vilaine","16":"tag-international","17":"tag-meteo","18":"tag-meteo-en-bretagne","19":"tag-meteo-france","20":"tag-morbihan","21":"tag-news","22":"tag-world"},"share_on_mastodon":{"url":"https:\/\/pubeurope.com\/@fr\/115079510993995375","error":""},"_links":{"self":[{"href":"https:\/\/www.europesays.com\/fr\/wp-json\/wp\/v2\/posts\/339068","targetHints":{"allow":["GET"]}}],"collection":[{"href":"https:\/\/www.europesays.com\/fr\/wp-json\/wp\/v2\/posts"}],"about":[{"href":"https:\/\/www.europesays.com\/fr\/wp-json\/wp\/v2\/types\/post"}],"author":[{"embeddable":true,"href":"https:\/\/www.europesays.com\/fr\/wp-json\/wp\/v2\/users\/2"}],"replies":[{"embeddable":true,"href":"https:\/\/www.europesays.com\/fr\/wp-json\/wp\/v2\/comments?post=339068"}],"version-history":[{"count":0,"href":"https:\/\/www.europesays.com\/fr\/wp-json\/wp\/v2\/posts\/339068\/revisions"}],"wp:featuredmedia":[{"embeddable":true,"href":"https:\/\/www.europesays.com\/fr\/wp-json\/wp\/v2\/media\/339069"}],"wp:attachment":[{"href":"https:\/\/www.europesays.com\/fr\/wp-json\/wp\/v2\/media?parent=339068"}],"wp:term":[{"taxonomy":"category","embeddable":true,"href":"https:\/\/www.europesays.com\/fr\/wp-json\/wp\/v2\/categories?post=339068"},{"taxonomy":"post_tag","embeddable":true,"href":"https:\/\/www.europesays.com\/fr\/wp-json\/wp\/v2\/tags?post=339068"}],"curies":[{"name":"wp","href":"https:\/\/api.w.org\/{rel}","templated":true}]}}