{"id":339070,"date":"2025-08-23T18:32:11","date_gmt":"2025-08-23T18:32:11","guid":{"rendered":"https:\/\/www.europesays.com\/fr\/339070\/"},"modified":"2025-08-23T18:32:11","modified_gmt":"2025-08-23T18:32:11","slug":"le-gerant-du-parc-de-loisirs-mis-en-examen","status":"publish","type":"post","link":"https:\/\/www.europesays.com\/fr\/339070\/","title":{"rendered":"le g\u00e9rant du parc de loisirs mis en examen"},"content":{"rendered":"<p>Le g\u00e9rant d\u2019un parc de loisirs situ\u00e9 \u00e0 Port\u00e9-Puymorens, dans le sud des Pyr\u00e9n\u00e9es-Orientales, avait refus\u00e9 l\u2019acc\u00e8s jeudi \u00e0 son \u00e9tablissement aux jeunes, \u00e2g\u00e9s de 8 \u00e0 16 ans, \u00aben raison de \u201cconvictions personnelles\u201d\u00bb.<\/p>\n<p class=\"fig-paragraph\">Le g\u00e9rant d\u2019un parc de loisirs des Pyr\u00e9n\u00e9es-Orientales\u00a0<a href=\"http:\/\/www.lefigaro.fr\/actualite-france\/gerant-en-garde-a-vue-escortes-par-les-gendarmes-enquete-ouverte-ce-que-l-on-sait-des-150-enfants-israeliens-refuses-d-acces-a-un-parc-de-loisirs-20250822\" data-fig-type=\"NewsFlash\" data-gtm-custom-categorie=\"navigation\" data-gtm-custom-action=\"crossclick\" data-gtm-custom-label=\"Contextuel\" data-gtm-event=\"customEventSPE\" data-fig-domain=\"LEFIGARO\" target=\"_blank\" rel=\"noopener\">qui avait refus\u00e9 l\u2019acc\u00e8s \u00e0 un groupe de 150 enfants isra\u00e9liens<\/a>\u00a0a \u00e9t\u00e9 mis en examen samedi pour \u00abdiscrimination fond\u00e9e sur l\u2019origine, l\u2019ethnie ou la nationalit\u00e9\u00bb et laiss\u00e9 en libert\u00e9, a annonc\u00e9 le parquet.<\/p>\n<p class=\"fig-paragraph\">Cette \u00abdiscrimination\u00bb dans le cadre d\u2019un \u00abrefus d\u2019un bien ou d\u2019un service dans un lieu accueillant du public ou pour en interdire l\u2019acc\u00e8s\u00bb le rend passible de cinq ans d\u2019emprisonnement et de 75.000 euros d\u2019amende, pr\u00e9cise le parquet de Perpignan dans un communiqu\u00e9.<\/p>\n<p>                                    <a class=\"fig-a11y-skip a11y-hidden\" href=\"#fig-a11y-skip-main-inarticle\"><br \/>\n        Passer la publicit\u00e9<br \/>\n    <\/a><\/p>\n<p class=\"fig-paragraph\">Pr\u00e9sent\u00e9 devant un juge d\u2019instruction samedi, l\u2019homme de 52 ans, qui \u00e9tait en garde \u00e0 vue depuis jeudi, jour o\u00f9 il a ni\u00e9 l\u2019acc\u00e8s au groupe d\u2019Isra\u00e9liens, a d\u00e9clar\u00e9 que son \u00abrefus (&#8230;) n\u2019\u00e9tait pas li\u00e9 \u00e0 des consid\u00e9rations id\u00e9ologiques, et invoqu\u00e9 des raisons de s\u00e9curit\u00e9\u00bb, poursuit-il. \u00abLe mis en examen, inconnu de la justice, a \u00e9t\u00e9 (&#8230;) laiss\u00e9 libre \u00e0 l\u2019issue de son interrogatoire de premi\u00e8re comparution\u00bb, ajoute-t-il.<\/p>\n<p>\u00abUn \u00e9v\u00e9nement d\u2019une gravit\u00e9 extr\u00eame\u00bb<\/p>\n<p class=\"fig-paragraph\">Jeudi soir, apr\u00e8s avoir \u00e9t\u00e9 refus\u00e9 par ce centre de loisirs de Port\u00e9-Puymorens, le groupe de 150 Isra\u00e9liens, \u00e2g\u00e9s de 8 \u00e0 16 ans, \u00aba modifi\u00e9 son planning et s\u2019est rendu, \u00e0 bord de trois bus, sur un autre site en France, dont la s\u00e9curit\u00e9 est assur\u00e9e par la gendarmerie, sans le moindre incident\u00bb, avait indiqu\u00e9 le parquet \u00e0 l\u2019AFP jeudi en fin de journ\u00e9e.<\/p>\n<p class=\"fig-paragraph\">Le ministre de l\u2019Int\u00e9rieur,\u00a0<a href=\"http:\/\/www.lefigaro.fr\/politique\/de-la-barbarie-pure-bruno-retailleau-s-insurge-de-la-mort-de-jean-pormanove-20250822\" target=\"_blank\" data-fig-type=\"NewsFlash\" rel=\"noopener\" data-gtm-custom-categorie=\"navigation\" data-gtm-custom-action=\"crossclick\" data-gtm-custom-label=\"Contextuel\" data-gtm-event=\"customEventSPE\" data-fig-domain=\"LEFIGARO\">Bruno Retailleau<\/a>, avait vigoureusement d\u00e9nonc\u00e9 cette interdiction d\u2019acc\u00e8s, affirmant sur BFM TV que\u00a0\u00ab ce n\u2019est pas notre conception de la R\u00e9publique\u00bb\u00a0et d\u00e9non\u00e7ant des faits\u00a0\u00abgraves\u00bb. \u00abJ\u2019esp\u00e8re que la justice sera tr\u00e8s ferme. On ne peut rien laisser passer\u00bb, a affirm\u00e9 Bruno Retailleau, jugeant que\u00a0\u00ables actes antis\u00e9mites sont en train d\u2019exploser\u00bb.<\/p>\n<p class=\"fig-paragraph\">De son c\u00f4t\u00e9, la pr\u00e9sidente du Conseil repr\u00e9sentatif des institutions juives de France (Crif) en Languedoc-Roussillon, Perla Danan, a d\u00e9plor\u00e9 vendredi aupr\u00e8s de l\u2019AFP \u00abun \u00e9v\u00e9nement d\u2019une gravit\u00e9 extr\u00eame\u00bb qu\u2019elle a qualifi\u00e9 d\u2019\u00abantis\u00e9mite\u00bb.<\/p>\n","protected":false},"excerpt":{"rendered":"Le g\u00e9rant d\u2019un parc de loisirs situ\u00e9 \u00e0 Port\u00e9-Puymorens, dans le sud des Pyr\u00e9n\u00e9es-Orientales, avait refus\u00e9 l\u2019acc\u00e8s jeudi&hellip;\n","protected":false},"author":2,"featured_media":339071,"comment_status":"","ping_status":"","sticky":false,"template":"","format":"standard","meta":{"footnotes":""},"categories":[4],"tags":[11,1719,1011,27,664,12,25],"class_list":{"0":"post-339070","1":"post","2":"type-post","3":"status-publish","4":"format-standard","5":"has-post-thumbnail","7":"category-france","8":"tag-actualites","9":"tag-enfants","10":"tag-fr","11":"tag-france","12":"tag-israel","13":"tag-news","14":"tag-republique-francaise"},"share_on_mastodon":{"url":"https:\/\/pubeurope.com\/@fr\/115079514918755040","error":""},"_links":{"self":[{"href":"https:\/\/www.europesays.com\/fr\/wp-json\/wp\/v2\/posts\/339070","targetHints":{"allow":["GET"]}}],"collection":[{"href":"https:\/\/www.europesays.com\/fr\/wp-json\/wp\/v2\/posts"}],"about":[{"href":"https:\/\/www.europesays.com\/fr\/wp-json\/wp\/v2\/types\/post"}],"author":[{"embeddable":true,"href":"https:\/\/www.europesays.com\/fr\/wp-json\/wp\/v2\/users\/2"}],"replies":[{"embeddable":true,"href":"https:\/\/www.europesays.com\/fr\/wp-json\/wp\/v2\/comments?post=339070"}],"version-history":[{"count":0,"href":"https:\/\/www.europesays.com\/fr\/wp-json\/wp\/v2\/posts\/339070\/revisions"}],"wp:featuredmedia":[{"embeddable":true,"href":"https:\/\/www.europesays.com\/fr\/wp-json\/wp\/v2\/media\/339071"}],"wp:attachment":[{"href":"https:\/\/www.europesays.com\/fr\/wp-json\/wp\/v2\/media?parent=339070"}],"wp:term":[{"taxonomy":"category","embeddable":true,"href":"https:\/\/www.europesays.com\/fr\/wp-json\/wp\/v2\/categories?post=339070"},{"taxonomy":"post_tag","embeddable":true,"href":"https:\/\/www.europesays.com\/fr\/wp-json\/wp\/v2\/tags?post=339070"}],"curies":[{"name":"wp","href":"https:\/\/api.w.org\/{rel}","templated":true}]}}