{"id":339081,"date":"2025-08-23T18:39:11","date_gmt":"2025-08-23T18:39:11","guid":{"rendered":"https:\/\/www.europesays.com\/fr\/339081\/"},"modified":"2025-08-23T18:39:11","modified_gmt":"2025-08-23T18:39:11","slug":"super-sevens-toulon-remporte-la-petite-finale-et-termine-3eme-de-letape-de-dax","status":"publish","type":"post","link":"https:\/\/www.europesays.com\/fr\/339081\/","title":{"rendered":"Super Sevens : Toulon remporte la petite finale et termine 3\u00e8me de l&rsquo;\u00e9tape de Dax !"},"content":{"rendered":"<p>Ce samedi se joue la deuxi\u00e8me \u00e9tape de l\u2019In Extenso Super Sevens du c\u00f4t\u00e9 de Dax.<\/p>\n<p>Le Rugby Club Toulonnais disputait ce samedi en d\u00e9but de soir\u00e9e sa petite finale de la comp\u00e9tition contre La Rochelle.<\/p>\n<p>Auteurs d\u2019un bon tournoi, les Toulonnais terminent leur journ\u00e9e par une victoire.<\/p>\n<p>Le point fort des Toulonnais sur cette \u00e9tape aura \u00e9t\u00e9 la m\u00eal\u00e9e.<\/p>\n<p>Dans une rencontre marqu\u00e9es par les erreurs de mains, les p\u00e9nalit\u00e9s et les sanctions (2 cartons jaunes pour La Rochelle, 1 pour Toulon), les Toulonnais ont r\u00e9ussi \u00e0 inscrire plus d\u2019essais que leurs vis \u00e0 vis.<\/p>\n<p>Les Varois ont inscrit trois essais, dont un dans les derniers instant par Younes Hou, bien servi par Esteban Morvan.<\/p>\n<p>Les Maritimes ont eux inscrit deux essais.<\/p>\n<p>Score final : 19 \u00e0 14 pour Toulon.<\/p>\n<p>Avec cette troisi\u00e8me place, Toulon fait une belle op\u00e9ration au classement et se rapproche de l\u2019\u00e9tape finale du Super Sevens.<\/p>\n<p>Il faudra n\u00e9anmoins rester s\u00e9rieux lors de la troisi\u00e8me et derni\u00e8re \u00e9tape qui se d\u00e9roulera samedi prochain \u00e0 Pau.<\/p>\n","protected":false},"excerpt":{"rendered":"Ce samedi se joue la deuxi\u00e8me \u00e9tape de l\u2019In Extenso Super Sevens du c\u00f4t\u00e9 de Dax. Le Rugby&hellip;\n","protected":false},"author":2,"featured_media":339082,"comment_status":"","ping_status":"","sticky":false,"template":"","format":"standard","meta":{"footnotes":""},"categories":[9619],"tags":[1111,11,1777,674,1011,27,12,882,25,2310],"class_list":{"0":"post-339081","1":"post","2":"type-post","3":"status-publish","4":"format-standard","5":"has-post-thumbnail","7":"category-toulon","8":"tag-actu","9":"tag-actualites","10":"tag-eu","11":"tag-europe","12":"tag-fr","13":"tag-france","14":"tag-news","15":"tag-provence-alpes-cote-dazur","16":"tag-republique-francaise","17":"tag-toulon"},"share_on_mastodon":{"url":"https:\/\/pubeurope.com\/@fr\/115079542455250065","error":""},"_links":{"self":[{"href":"https:\/\/www.europesays.com\/fr\/wp-json\/wp\/v2\/posts\/339081","targetHints":{"allow":["GET"]}}],"collection":[{"href":"https:\/\/www.europesays.com\/fr\/wp-json\/wp\/v2\/posts"}],"about":[{"href":"https:\/\/www.europesays.com\/fr\/wp-json\/wp\/v2\/types\/post"}],"author":[{"embeddable":true,"href":"https:\/\/www.europesays.com\/fr\/wp-json\/wp\/v2\/users\/2"}],"replies":[{"embeddable":true,"href":"https:\/\/www.europesays.com\/fr\/wp-json\/wp\/v2\/comments?post=339081"}],"version-history":[{"count":0,"href":"https:\/\/www.europesays.com\/fr\/wp-json\/wp\/v2\/posts\/339081\/revisions"}],"wp:featuredmedia":[{"embeddable":true,"href":"https:\/\/www.europesays.com\/fr\/wp-json\/wp\/v2\/media\/339082"}],"wp:attachment":[{"href":"https:\/\/www.europesays.com\/fr\/wp-json\/wp\/v2\/media?parent=339081"}],"wp:term":[{"taxonomy":"category","embeddable":true,"href":"https:\/\/www.europesays.com\/fr\/wp-json\/wp\/v2\/categories?post=339081"},{"taxonomy":"post_tag","embeddable":true,"href":"https:\/\/www.europesays.com\/fr\/wp-json\/wp\/v2\/tags?post=339081"}],"curies":[{"name":"wp","href":"https:\/\/api.w.org\/{rel}","templated":true}]}}