{"id":339087,"date":"2025-08-23T18:48:33","date_gmt":"2025-08-23T18:48:33","guid":{"rendered":"https:\/\/www.europesays.com\/fr\/339087\/"},"modified":"2025-08-23T18:48:33","modified_gmt":"2025-08-23T18:48:33","slug":"pro-d2-antonin-berruyer-jose-madeira-decouvrez-le-capitaine-et-les-vices-capitaines-du-fcg","status":"publish","type":"post","link":"https:\/\/www.europesays.com\/fr\/339087\/","title":{"rendered":"Pro D2. Antonin Berruyer, Jos\u00e9 Madeira &#8230; D\u00e9couvrez le capitaine et les vices-capitaines du FCG"},"content":{"rendered":"<p>Le brassard de capitaine reste au bras <a href=\"https:\/\/www.ledauphine.com\/sport\/2025\/04\/24\/fcg-j-ai-encore-envie-de-marquer-le-club-par-d-autres-faits-d-armes-antonin-berruyer-a-100-grenoblois\" target=\"_blank\" rel=\"nofollow noopener\">d&rsquo;Antonin Berruyer.<\/a> Le FCG a annonc\u00e9 la liste des cinq joueurs qui auront la responsabilit\u00e9 du capitanat cette saison. Comme lors de l&rsquo;exercice 2024\/2025, le troisi\u00e8me ligne Antonin Berruyer sera le capitaine du club grenoblois et devrait assurer son r\u00f4le lors la premi\u00e8re journ\u00e9e pour le d\u00e9placement \u00e0 Oyonnax, le vendredi 29 ao\u00fbt \u00e0 21h.<\/p>\n<p>Il sera \u00e9paul\u00e9 par\u00a0Tommy Raynaud,\u00a0Jos\u00e9 Madeira,\u00a0Romain Fusier et Julien Farnoux, qui sont les quatre vice-capitaines. Ces deux derniers avaient d\u00e9j\u00e0 eu cette responsabilit\u00e9 la saison derni\u00e8re (en compagnie de Thomas Lainault et Pierce Phillips, partis \u00e0 l&rsquo;intersaison).<\/p>\n<p><strong><a href=\"https:\/\/www.ledauphine.com\/sport\/2025\/07\/01\/vrdr-gf38-fc-annecy-fcg-csbj-soc-ligue-magnus-le-programme-de-nos-equipes-regionales\" rel=\"nofollow noopener\" target=\"_blank\">&gt;&gt; Matches de pr\u00e9paration. VRDR, GF38, FC Annecy, FCG, CSBJ, SOC, Ligue Magnus&#8230; Le programme de nos \u00e9quipes r\u00e9gionales<\/a><\/strong><\/p>\n<p>Ce contenu est bloqu\u00e9 car vous n&rsquo;avez pas accept\u00e9 les cookies et autres traceurs.<\/p>\n<p>En cliquant sur \u00ab J\u2019accepte \u00bb, les cookies et autres traceurs seront d\u00e9pos\u00e9s et vous pourrez visualiser les contenus  (<a href=\"\" class=\"consentModule_policy\" target=\"_blank\" title=\"Consulter la politique de protection des donn\u00e9es du fournisseur\">plus d&rsquo;informations<\/a>).<\/p>\n<p>En cliquant sur \u00ab J\u2019accepte tous les cookies \u00bb, vous autorisez des d\u00e9p\u00f4ts de cookies et autres traceurs pour le stockage de vos donn\u00e9es sur nos sites et applications \u00e0 des fins de personnalisation et de ciblage publicitaire.<\/p>\n<p class=\"consentModule_secondaryText\">Vous gardez la possibilit\u00e9 de retirer votre consentement \u00e0 tout moment en consultant notre <a href=\"https:\/\/www.ledauphine.com\/protection-des-donnees\" target=\"_blank\" title=\"Consulter notre politique de protection des donn\u00e9es\" rel=\"nofollow noopener\">politique de protection des donn\u00e9es<\/a>. <br \/>&#13;<br \/>\n            <a href=\"https:\/\/www.ledauphine.com\/sport\/2025\/08\/20\/javascript:Didomi.notice.show()\" class=\"consentModule_cmp\" rel=\"nofollow noopener\" target=\"_blank\">G\u00e9rer mes choix<\/a>&#13;\n        <\/p>\n<p>&#13;<br \/>\n                        J&rsquo;accepte&#13;<br \/>\n            J&rsquo;accepte tous les cookies&#13;\n        <\/p>\n<p>Les supporters grenoblois pourront assister au premier match \u00e0 domicile du FCG, le vendredi 5 septembre \u00e0 19h30, contre Aurillac. Apr\u00e8s trois \u00e9checs de suite en barrage d&rsquo;accession au Top 14, les cinq leaders du vestiaire auront \u00e0 coeur de porter le collectif grenoblois pour rejoindre l&rsquo;\u00e9lite du rugby fran\u00e7ais.<\/p>\n","protected":false},"excerpt":{"rendered":"Le brassard de capitaine reste au bras d&rsquo;Antonin Berruyer. Le FCG a annonc\u00e9 la liste des cinq joueurs&hellip;\n","protected":false},"author":2,"featured_media":339088,"comment_status":"","ping_status":"","sticky":false,"template":"","format":"standard","meta":{"footnotes":""},"categories":[9566],"tags":[1111,11,2430,112,113,114,1777,674,2727,1701,1011,27,2731,2732,108,12,2308,25,517,1947],"class_list":{"0":"post-339087","1":"post","2":"type-post","3":"status-publish","4":"format-standard","5":"has-post-thumbnail","7":"category-grenoble","8":"tag-actu","9":"tag-actualites","10":"tag-auvergne-rhone-alpes","11":"tag-edition-grenoble-agglomeration","12":"tag-edition-gresivaudan-oisans","13":"tag-edition-voiron-saint-marcellin","14":"tag-eu","15":"tag-europe","16":"tag-fcg-fc-grenoble-rugby","17":"tag-fil-info-sport","18":"tag-fr","19":"tag-france","20":"tag-grenoble","21":"tag-grenoble-bassin","22":"tag-isere","23":"tag-news","24":"tag-pro-d2","25":"tag-republique-francaise","26":"tag-sport","27":"tag-sport-national"},"share_on_mastodon":{"url":"https:\/\/pubeurope.com\/@fr\/115079577851388179","error":""},"_links":{"self":[{"href":"https:\/\/www.europesays.com\/fr\/wp-json\/wp\/v2\/posts\/339087","targetHints":{"allow":["GET"]}}],"collection":[{"href":"https:\/\/www.europesays.com\/fr\/wp-json\/wp\/v2\/posts"}],"about":[{"href":"https:\/\/www.europesays.com\/fr\/wp-json\/wp\/v2\/types\/post"}],"author":[{"embeddable":true,"href":"https:\/\/www.europesays.com\/fr\/wp-json\/wp\/v2\/users\/2"}],"replies":[{"embeddable":true,"href":"https:\/\/www.europesays.com\/fr\/wp-json\/wp\/v2\/comments?post=339087"}],"version-history":[{"count":0,"href":"https:\/\/www.europesays.com\/fr\/wp-json\/wp\/v2\/posts\/339087\/revisions"}],"wp:featuredmedia":[{"embeddable":true,"href":"https:\/\/www.europesays.com\/fr\/wp-json\/wp\/v2\/media\/339088"}],"wp:attachment":[{"href":"https:\/\/www.europesays.com\/fr\/wp-json\/wp\/v2\/media?parent=339087"}],"wp:term":[{"taxonomy":"category","embeddable":true,"href":"https:\/\/www.europesays.com\/fr\/wp-json\/wp\/v2\/categories?post=339087"},{"taxonomy":"post_tag","embeddable":true,"href":"https:\/\/www.europesays.com\/fr\/wp-json\/wp\/v2\/tags?post=339087"}],"curies":[{"name":"wp","href":"https:\/\/api.w.org\/{rel}","templated":true}]}}