{"id":339089,"date":"2025-08-23T18:49:13","date_gmt":"2025-08-23T18:49:13","guid":{"rendered":"https:\/\/www.europesays.com\/fr\/339089\/"},"modified":"2025-08-23T18:49:13","modified_gmt":"2025-08-23T18:49:13","slug":"un-blesse-grave-heliporte-vers-le-chu-de-rennes-apres-un-accident","status":"publish","type":"post","link":"https:\/\/www.europesays.com\/fr\/339089\/","title":{"rendered":"un bless\u00e9 grave h\u00e9liport\u00e9 vers le CHU de Rennes apr\u00e8s un accident"},"content":{"rendered":"<p>            Par<br \/>\n        <strong><br \/>\n            <a href=\"https:\/\/actu.fr\/auteur\/journaliste-lachronique\" title=\"Consulter tous les articles de R\u00e9daction Foug\u00e8res\" rel=\"nofollow noopener\" target=\"_blank\">R\u00e9daction Foug\u00e8res<\/a><br \/>\n        <\/strong><\/p>\n<p>        Publi\u00e9 le<\/p>\n<p>            23 ao\u00fbt 2025 \u00e0 17h29        <\/p>\n<p>Un accident de la voie publique s\u2019est produit, <b>samedi 23 ao\u00fbt<\/b>, peu apr\u00e8s 9h, sur la commune des <a href=\"https:\/\/actu.fr\/bretagne\/les-portes-du-coglais_35191\" rel=\"nofollow noopener\" target=\"_blank\">Portes-du-Coglais<\/a><b> (Ille-et-Vilaine)<\/b>.<\/p>\n<p class=\" wall-content\">D\u2019apr\u00e8s les premiers \u00e9l\u00e9ments, un <b>pi\u00e9ton<\/b> a \u00e9t\u00e9 percut\u00e9 par une <b>voiture<\/b>, conduite par un homme de 88 ans, dans la rue Saint-Jean \u00e0 <b>Cogl\u00e8s<\/b>, \u00e0 proximit\u00e9 du cimeti\u00e8re.<\/p>\n<p>Urgence absolue<\/p>\n<p class=\" wall-content\">Huit pompiers du secteur sont intervenus sur place. La victime, un homme de 75 ans, a \u00e9t\u00e9 h\u00e9liport\u00e9e en urgence absolue vers le <b>CHU de Rennes-Pontchaillou<\/b>.<\/p>\n<p class=\" wall-content\">Le conducteur, en urgence relative, a \u00e9t\u00e9 transport\u00e9 vers le centre hospitalier de <b>Foug\u00e8res<\/b>.<\/p>\n<p class=\" wall-content\">Personnalisez votre actualit\u00e9 en ajoutant vos villes et m\u00e9dias en favori avec <a href=\"https:\/\/moncompte.actu.fr\" title=\"D\u00e9couvez Mon Actu\" rel=\"nofollow noopener\" data-trk=\"{&quot;cta&quot;:{&quot;action&quot;:&quot;https:\\\/\\\/moncompte.actu.fr&quot;,&quot;category&quot;:&quot;mon compte&quot;,&quot;from&quot;:&quot;article footer&quot;,&quot;name&quot;:&quot;Mon actu&quot;,&quot;type&quot;:&quot;cta&quot;}}\" target=\"_blank\">Mon Actu<\/a>.<\/p>\n","protected":false},"excerpt":{"rendered":"Par R\u00e9daction Foug\u00e8res Publi\u00e9 le 23 ao\u00fbt 2025 \u00e0 17h29 Un accident de la voie publique s\u2019est produit,&hellip;\n","protected":false},"author":2,"featured_media":339090,"comment_status":"","ping_status":"","sticky":false,"template":"","format":"standard","meta":{"footnotes":""},"categories":[2821],"tags":[119,1111,11,829,1777,674,118,1011,27,12,584,25],"class_list":{"0":"post-339089","1":"post","2":"type-post","3":"status-publish","4":"format-standard","5":"has-post-thumbnail","7":"category-rennes","8":"tag-accident","9":"tag-actu","10":"tag-actualites","11":"tag-bretagne","12":"tag-eu","13":"tag-europe","14":"tag-faits-divers","15":"tag-fr","16":"tag-france","17":"tag-news","18":"tag-rennes","19":"tag-republique-francaise"},"share_on_mastodon":{"url":"https:\/\/pubeurope.com\/@fr\/115079581788240285","error":""},"_links":{"self":[{"href":"https:\/\/www.europesays.com\/fr\/wp-json\/wp\/v2\/posts\/339089","targetHints":{"allow":["GET"]}}],"collection":[{"href":"https:\/\/www.europesays.com\/fr\/wp-json\/wp\/v2\/posts"}],"about":[{"href":"https:\/\/www.europesays.com\/fr\/wp-json\/wp\/v2\/types\/post"}],"author":[{"embeddable":true,"href":"https:\/\/www.europesays.com\/fr\/wp-json\/wp\/v2\/users\/2"}],"replies":[{"embeddable":true,"href":"https:\/\/www.europesays.com\/fr\/wp-json\/wp\/v2\/comments?post=339089"}],"version-history":[{"count":0,"href":"https:\/\/www.europesays.com\/fr\/wp-json\/wp\/v2\/posts\/339089\/revisions"}],"wp:featuredmedia":[{"embeddable":true,"href":"https:\/\/www.europesays.com\/fr\/wp-json\/wp\/v2\/media\/339090"}],"wp:attachment":[{"href":"https:\/\/www.europesays.com\/fr\/wp-json\/wp\/v2\/media?parent=339089"}],"wp:term":[{"taxonomy":"category","embeddable":true,"href":"https:\/\/www.europesays.com\/fr\/wp-json\/wp\/v2\/categories?post=339089"},{"taxonomy":"post_tag","embeddable":true,"href":"https:\/\/www.europesays.com\/fr\/wp-json\/wp\/v2\/tags?post=339089"}],"curies":[{"name":"wp","href":"https:\/\/api.w.org\/{rel}","templated":true}]}}