{"id":339091,"date":"2025-08-23T18:50:14","date_gmt":"2025-08-23T18:50:14","guid":{"rendered":"https:\/\/www.europesays.com\/fr\/339091\/"},"modified":"2025-08-23T18:50:14","modified_gmt":"2025-08-23T18:50:14","slug":"lorient-rennes-les-compos-probables","status":"publish","type":"post","link":"https:\/\/www.europesays.com\/fr\/339091\/","title":{"rendered":"Lorient\u00a0&#8211; Rennes : les compos probables"},"content":{"rendered":"<p>Avec l\u2019absence de recrues, cette semaine, et le d\u00e9part officialis\u00e9 lundi de <a href=\"https:\/\/www.letelegramme.fr\/sports\/football\/fc-lorient\/le-depart-de-gedeon-kalulu-officialise-par-le-fc-lorient-6872915.php\" target=\"_blank\" rel=\"noopener\">G\u00e9d\u00e9on Kalulu pour l\u2019Aris Limassol (D1 Chypre)<\/a>, le FC Lorient continue de composer avec les hommes d\u00e9j\u00e0 pr\u00e9sents lors de la d\u00e9faite (1-0) de dimanche dernier en ouverture de la Ligue 1 \u00e0 Auxerre.<\/p>\n<p>Abdoulaye Faye s\u2019est entra\u00een\u00e9 toute la semaine avec le collectif du FCL, sauf ce vendredi. Le S\u00e9n\u00e9galais int\u00e8gre le groupe qui s\u2019appr\u00eate \u00e0 recevoir le Stade Rennais, ce dimanche (15 h), dans le cadre de la deuxi\u00e8me journ\u00e9e de championnat comme l\u2019a d\u00e9voil\u00e9 le FCL ce samedi soir. <a href=\"https:\/\/www.letelegramme.fr\/sports\/football\/fc-lorient\/lorient-rennes-cadiou-adjei-fadiga-faye-le-point-blesses-avant-le-derby-6874813.php\" target=\"_blank\" rel=\"noopener\">Le d\u00e9fenseur doit encore patienter<\/a> pour \u00eatre titularis\u00e9, comme l\u2019a pr\u00e9cis\u00e9 l\u2019entra\u00eeneur Olivier Pantaloni, vendredi, en conf\u00e9rence de presse.<\/p>\n<p>Kamara garde la confiance de son coach<\/p>\n<p>Sans renfort officialis\u00e9 du c\u00f4t\u00e9 des gardiens, Bingourou Kamara garde la confiance de son coach pour d\u00e9buter la rencontre face \u00e0 Rennes. D\u00e9j\u00e0 titulaires sur la pelouse de l\u2019AJA, Montassar Talbi et les axiaux Formose Mendy et Igor Silva devraient continuer \u00e0 composer la base arri\u00e8re.<\/p>\n<p>Au milieu, le capitaine Laurent Abergel et Arthur Avom sont les cadres de l\u2019\u00e9quipe lorientaise. Il reste \u00e0 savoir quels joueurs Olivier Pantaloni va pr\u00e9f\u00e9rer en pistons. Apr\u00e8s avoir opt\u00e9 pour Ars\u00e8ne Kouassi et Jo\u00ebl Mvuka en titulaires \u00e0 L\u2019Abb\u00e9-Deschamps, le technicien pourrait garder le cap au Moustoir. <a href=\"https:\/\/www.letelegramme.fr\/sports\/football\/fc-lorient\/on-ne-savait-pas-quil-pouvait-evoluer-en-tant-que-piston-joel-mvuka-decouvre-un-poste-dans-le-nouveau-dispositif-du-fc-lorient-6874993.php\" target=\"_blank\" rel=\"noopener\">Le Norv\u00e9gien a toute la confiance du technicien corse dans ce nouveau r\u00f4le \u00e0 droite<\/a>, alors que Panos Katseris a effectu\u00e9 une bonne entr\u00e9e en jeu \u00e0 Auxerre.<\/p>\n<p>En attaque, le trio form\u00e9 par Aiyegun Tosin, Pablo Pagis et Mohamed Bamba \u00e9tait titulaire \u00e0 Auxerre. Si l\u2019efficacit\u00e9 lui a fait d\u00e9faut devant le but \u00e0 l\u2019Abb\u00e9-Deschamps, il devrait \u00eatre reconduit. Attention \u00e0 Dermane Karim qui frappe du onze de d\u00e9part.<\/p>\n<p>Les compositions probables<\/p>\n<p>FC LORIENT. Kamara &#8211; Mendy, Talbi, Silva &#8211; Mvuka, Avom, Abergel (cap), Kouassi &#8211; Tosin, Pagis, Bamba.<\/p>\n<p>Rempla\u00e7ants : Leroy (g.), Faye, Yongwa, Makengo, Katseris, Le Bris, Karim, Soumano, Leaudais. Entra\u00eeneur : Olivier Pantaloni.<\/p>\n<p>STADE RENNAIS. Samba &#8211; Al-Tamari, Wooh, Jacquet, Rouault, Merlin &#8211; Rongier (cap), Camara, Fofana &#8211; Blas, Me\u00eft\u00e9.<\/p>\n<p>Rempla\u00e7ants : Alemdar (g.), Seidu, Nagida, Rieder, I. Salah, Yildirim, Dj. Ciss\u00e9.<\/p>\n","protected":false},"excerpt":{"rendered":"Avec l\u2019absence de recrues, cette semaine, et le d\u00e9part officialis\u00e9 lundi de G\u00e9d\u00e9on Kalulu pour l\u2019Aris Limassol (D1&hellip;\n","protected":false},"author":2,"featured_media":339092,"comment_status":"","ping_status":"","sticky":false,"template":"","format":"standard","meta":{"footnotes":""},"categories":[2821],"tags":[1111,11,829,3166,1777,674,3317,63,1011,27,66,1781,12,584,25,60,3087],"class_list":{"0":"post-339091","1":"post","2":"type-post","3":"status-publish","4":"format-standard","5":"has-post-thumbnail","7":"category-rennes","8":"tag-actu","9":"tag-actualites","10":"tag-bretagne","11":"tag-en-continu-sports","12":"tag-eu","13":"tag-europe","14":"tag-fc-lorient","15":"tag-football","16":"tag-fr","17":"tag-france","18":"tag-ligue-1","19":"tag-lorient","20":"tag-news","21":"tag-rennes","22":"tag-republique-francaise","23":"tag-sports","24":"tag-stade-rennais"},"share_on_mastodon":{"url":"https:\/\/pubeurope.com\/@fr\/115079585668427956","error":""},"_links":{"self":[{"href":"https:\/\/www.europesays.com\/fr\/wp-json\/wp\/v2\/posts\/339091","targetHints":{"allow":["GET"]}}],"collection":[{"href":"https:\/\/www.europesays.com\/fr\/wp-json\/wp\/v2\/posts"}],"about":[{"href":"https:\/\/www.europesays.com\/fr\/wp-json\/wp\/v2\/types\/post"}],"author":[{"embeddable":true,"href":"https:\/\/www.europesays.com\/fr\/wp-json\/wp\/v2\/users\/2"}],"replies":[{"embeddable":true,"href":"https:\/\/www.europesays.com\/fr\/wp-json\/wp\/v2\/comments?post=339091"}],"version-history":[{"count":0,"href":"https:\/\/www.europesays.com\/fr\/wp-json\/wp\/v2\/posts\/339091\/revisions"}],"wp:featuredmedia":[{"embeddable":true,"href":"https:\/\/www.europesays.com\/fr\/wp-json\/wp\/v2\/media\/339092"}],"wp:attachment":[{"href":"https:\/\/www.europesays.com\/fr\/wp-json\/wp\/v2\/media?parent=339091"}],"wp:term":[{"taxonomy":"category","embeddable":true,"href":"https:\/\/www.europesays.com\/fr\/wp-json\/wp\/v2\/categories?post=339091"},{"taxonomy":"post_tag","embeddable":true,"href":"https:\/\/www.europesays.com\/fr\/wp-json\/wp\/v2\/tags?post=339091"}],"curies":[{"name":"wp","href":"https:\/\/api.w.org\/{rel}","templated":true}]}}