{"id":339104,"date":"2025-08-23T19:04:14","date_gmt":"2025-08-23T19:04:14","guid":{"rendered":"https:\/\/www.europesays.com\/fr\/339104\/"},"modified":"2025-08-23T19:04:14","modified_gmt":"2025-08-23T19:04:14","slug":"bordeaux-battu-a-domicile-nimes-prend-leau-a-rumilly","status":"publish","type":"post","link":"https:\/\/www.europesays.com\/fr\/339104\/","title":{"rendered":"Bordeaux battu \u00e0 domicile, N\u00eemes prend l&rsquo;eau \u00e0 Rumilly"},"content":{"rendered":"<p>Zapping Foot National Les Petits Princes du Rocher, immersion dans le Groupe \u00c9lite de l\u2019AS Monaco !<\/p>\n<p>\u00c7a commence d\u00e9cid\u00e9ment mal pour les Girondins de Bordeaux. D\u00e9j\u00e0 tenu en \u00e9chec par Avranches lors de la premi\u00e8re journ\u00e9e (0-0), le club au scapulaire encha\u00eenait ce samedi 23 ao\u00fbt par un deuxi\u00e8me match \u00e0 domicile. Cette fois-ci, c&rsquo;est l&rsquo;US Granville, une autre formation normande, qui s&rsquo;est rendu au Stade Atlantique.<\/p>\n<p>Dans le cadre de la deuxi\u00e8me journ\u00e9e du groupe A, l&rsquo;\u00e9quipe dirig\u00e9e par Bruno Irles a \u00e9t\u00e9 surprise par son adversaire. Apr\u00e8s s&rsquo;\u00eatre heurt\u00e9 \u00e0 l&rsquo;arri\u00e8re-garde granvillaise, les locaux ont encaiss\u00e9 l&rsquo;ouverture du score sur une r\u00e9alisation de l&rsquo;entrant Kenny Herbin (67e, 0-1). Une excellente op\u00e9ration pour l&rsquo;USG, rep\u00each\u00e9 durant l&rsquo;\u00e9t\u00e9 apr\u00e8s sa rel\u00e9gation de la saison derni\u00e8re et tenu en \u00e9chec lors de la premi\u00e8re journ\u00e9e par le promu Chauray (0-0). Pour Bordeaux, en revanche, c&rsquo;est la soupe \u00e0 la grimace. Le club de G\u00e9rard Lopez a fait de la mont\u00e9e en National son objectif prioritaire mais se trouve d\u00e9j\u00e0 dos au mur apr\u00e8s deux journ\u00e9es seulement. Prochain match \u00e0 Ch\u00e2teaubriant dans une semaine.<\/p>\n<\/p>\n<p>N\u00eemes prend l&rsquo;eau en Haute-Savoie<\/p>\n<p>De son c\u00f4t\u00e9, N\u00eemes a v\u00e9cu son premier coup d&rsquo;arr\u00eat dans le groupe C. Sept jours apr\u00e8s sa belle entr\u00e9e en mati\u00e8re en National 2 contre Limonest (2-0) au stade des Antonins, le club gardois a cette fois-ci pris l&rsquo;eau sur la pelouse de Rumilly-Valli\u00e8res (1-3). D\u00e9j\u00e0 revenu de son p\u00e9rilleux d\u00e9placement \u00e0 Cr\u00e9teil avec un point (1-1) lors de la premi\u00e8re journ\u00e9e, la formation haut-savoyarde a pris le dessus et concr\u00e9tis\u00e9 sa domination sur les Crocodiles gr\u00e2ce \u00e0 Fortier (48e), Hattab (59e) et Laurent (63e). Le NO, qui \u00e9tait parvenu \u00e0 \u00e9galiser gr\u00e2ce \u00e0 Depres (54e), s&rsquo;est d\u00e9finitivement \u00e9croul\u00e9 apr\u00e8s l&rsquo;expulsion de Sarr, tout juste entr\u00e9 en jeu mais sanctionn\u00e9 pour un exc\u00e8s d&rsquo;engagement (71e). R\u00e9action attendue pour la r\u00e9ception de Fr\u00e9jus dans une semaine, tandis que Rumilly-Valli\u00e8res se rendra chez le GOAL FC.<\/p>\n<p>Partagez cette info avec vos amis et vos proches en cliquant ici<br \/>Pour r\u00e9sumer<\/p>\n<p>D\u00e9j\u00e0 tenu en \u00e9chec lors de la premi\u00e8re journ\u00e9e de National 2 il y a une semaine, Bordeaux s&rsquo;est inclin\u00e9 durant la seconde ce samedi 23 ao\u00fbt, face \u00e0 l&rsquo;US Granville. De son c\u00f4t\u00e9, le N\u00eemes Olympique a v\u00e9cu sa premi\u00e8re d\u00e9faite de la saison \u00e0 Rumilly.<\/p>\n<p> <img decoding=\"async\" width=\"76\" height=\"76\" loading=\"lazy\" src=\"https:\/\/www.europesays.com\/fr\/wp-content\/uploads\/2025\/04\/logo-florian-sermaise.jpg\" alt=\"Florian Sermaise\"\/><\/p>\n","protected":false},"excerpt":{"rendered":"Zapping Foot National Les Petits Princes du Rocher, immersion dans le Groupe \u00c9lite de l\u2019AS Monaco ! \u00c7a&hellip;\n","protected":false},"author":2,"featured_media":339105,"comment_status":"","ping_status":"","sticky":false,"template":"","format":"standard","meta":{"footnotes":""},"categories":[2817],"tags":[1111,11,1997,1777,674,1011,27,12,2219,25],"class_list":{"0":"post-339104","1":"post","2":"type-post","3":"status-publish","4":"format-standard","5":"has-post-thumbnail","7":"category-bordeaux","8":"tag-actu","9":"tag-actualites","10":"tag-bordeaux","11":"tag-eu","12":"tag-europe","13":"tag-fr","14":"tag-france","15":"tag-news","16":"tag-nouvelle-aquitaine","17":"tag-republique-francaise"},"share_on_mastodon":{"url":"https:\/\/pubeurope.com\/@fr\/115079641112800237","error":""},"_links":{"self":[{"href":"https:\/\/www.europesays.com\/fr\/wp-json\/wp\/v2\/posts\/339104","targetHints":{"allow":["GET"]}}],"collection":[{"href":"https:\/\/www.europesays.com\/fr\/wp-json\/wp\/v2\/posts"}],"about":[{"href":"https:\/\/www.europesays.com\/fr\/wp-json\/wp\/v2\/types\/post"}],"author":[{"embeddable":true,"href":"https:\/\/www.europesays.com\/fr\/wp-json\/wp\/v2\/users\/2"}],"replies":[{"embeddable":true,"href":"https:\/\/www.europesays.com\/fr\/wp-json\/wp\/v2\/comments?post=339104"}],"version-history":[{"count":0,"href":"https:\/\/www.europesays.com\/fr\/wp-json\/wp\/v2\/posts\/339104\/revisions"}],"wp:featuredmedia":[{"embeddable":true,"href":"https:\/\/www.europesays.com\/fr\/wp-json\/wp\/v2\/media\/339105"}],"wp:attachment":[{"href":"https:\/\/www.europesays.com\/fr\/wp-json\/wp\/v2\/media?parent=339104"}],"wp:term":[{"taxonomy":"category","embeddable":true,"href":"https:\/\/www.europesays.com\/fr\/wp-json\/wp\/v2\/categories?post=339104"},{"taxonomy":"post_tag","embeddable":true,"href":"https:\/\/www.europesays.com\/fr\/wp-json\/wp\/v2\/tags?post=339104"}],"curies":[{"name":"wp","href":"https:\/\/api.w.org\/{rel}","templated":true}]}}