{"id":339114,"date":"2025-08-23T19:10:18","date_gmt":"2025-08-23T19:10:18","guid":{"rendered":"https:\/\/www.europesays.com\/fr\/339114\/"},"modified":"2025-08-23T19:10:18","modified_gmt":"2025-08-23T19:10:18","slug":"olympique-de-marseille-paris-fc-une-rencontre-animee-5-2","status":"publish","type":"post","link":"https:\/\/www.europesays.com\/fr\/339114\/","title":{"rendered":"Olympique de Marseille \u2013 Paris FC : une rencontre anim\u00e9e (5-2)"},"content":{"rendered":"<p><a>Pour son deuxi\u00e8me d\u00e9placement de la saison en Ligue 1 McDonald\u2019s, le Paris FC s\u2019est inclin\u00e9 \u00e0 l\u2019Orange V\u00e9lodrome face \u00e0 l\u2019Olympique de Marseille (5-2).\u00a0<\/a><\/p>\n<p><img fetchpriority=\"high\" decoding=\"async\" width=\"6000\" height=\"4000\" src=\"data:image\/svg+xml,%3Csvg%20xmlns=\" http:=\"\" alt=\"\" class=\"wp-image-103903\" data-lazy-src=\"https:\/\/www.europesays.com\/fr\/wp-content\/uploads\/2025\/08\/267272_0454.jpg\"\/>Photo by Icon Sport<\/p>\n<p>Combatifs et audacieux, les Parisiens ont trouv\u00e9 deux fois le chemin des filets et se sont cr\u00e9\u00e9s plusieurs occasions, avant que l\u2019OM ne fasse la diff\u00e9rence dans le dernier quart d\u2019heure.<\/p>\n<p><strong>Un d\u00e9but de match intense<\/strong><\/p>\n<p>Le Paris FC est entr\u00e9 parfaitement dans son match et s\u2019est procur\u00e9 la premi\u00e8re grosse occasion par l\u2019interm\u00e9diaire de Geubbels qui a trouv\u00e9 le poteau d\u00e8s la 5\u1d49 minute.\u00a0<\/p>\n<p>Dans la foul\u00e9e, Aubameyang a lui aussi touch\u00e9 le montant (13\u1d49). L\u2019Olympique de Marseille a ensuite ouvert le score sur penalty gr\u00e2ce \u00e0 Greenwood (18\u1d49), avant qu\u2019Aubameyang ne double la mise sur corner (24\u1d49).<\/p>\n<p>Mais les Parisiens ont r\u00e9agi quatre minutes plus tard. Parfaitement positionn\u00e9 sur son c\u00f4t\u00e9 droit, Ilan Kebbal a r\u00e9duit l\u2019\u00e9cart d\u2019un superbe enroul\u00e9 du pied gauche (28\u1d49), signant le premier but du club en Ligue 1 depuis son retour dans l\u2019\u00e9lite. \u00c0 plusieurs reprises, nos parisiens auraient pu \u00e9galiser avant la pause apr\u00e8s un gros temps fort. D\u2019abord Simon, puis Marchetti et enfin Geubbels qui a inscrit un but refus\u00e9 pour position de hors-jeu (39\u1d49).<\/p>\n<p>Mi-temps : 2-1 pour l\u2019OM, mais le Paris FC reste dans le match.<\/p>\n<p><strong>Un Paris FC audacieux, un OM efficace<\/strong><\/p>\n<p>D\u00e8s la reprise, les Parisiens ont pris l\u2019initiative. Apr\u00e8s plusieurs situations, Moses Simon a \u00e9galis\u00e9 \u00e0 la 58\u1d49 minute (2-2), par un tir crois\u00e9 pr\u00e9cis apr\u00e8s une passe en profondeur lumineuse de Kebbal, r\u00e9compensant la belle entame de seconde p\u00e9riode.\u00a0<\/p>\n<p>Kebbal, encore, a failli surprendre Rulli sur une sortie incertaine du gardien phoc\u00e9en, son lob passant de peu au-dessus (65\u1d49).<br \/>Port\u00e9s par leur public, les Marseillais ont repris l\u2019avantage gr\u00e2ce \u00e0 Aubameyang (73\u1d49), auteur d\u2019un doubl\u00e9, puis via H\u00f6jbjerg d\u2019une frappe lointaine (81\u1d49). Greenwood a ensuite manqu\u00e9 un penalty (85\u1d49), avant que le jeune Vaz n\u2019inscrive le dernier but en toute fin de rencontre (90\u1d49+6).<strong\/><\/p>\n<p><img loading=\"lazy\" decoding=\"async\" width=\"5616\" height=\"3744\" src=\"data:image\/svg+xml,%3Csvg%20xmlns=\" http:=\"\" alt=\"\" class=\"wp-image-103909\" data-lazy-src=\"https:\/\/www.europesays.com\/fr\/wp-content\/uploads\/2025\/08\/267272_0302.jpg\"\/>Photo by Icon Sport<\/p>\n<p>Une prestation encourageante<\/p>\n<p>Malgr\u00e9 la d\u00e9faite (5-2), le Paris FC n\u2019a pas d\u00e9m\u00e9rit\u00e9. Le poteau de Geubbels, le premier but de Kebbal d\u2019une magnifique frappe enroul\u00e9e, l\u2019\u00e9galisation de Simon sur un tir crois\u00e9 imparable et plusieurs s\u00e9quences offensives ont d\u00e9montr\u00e9 le potentiel de l\u2019\u00e9quipe de St\u00e9phane Gilli pour la suite de la saison.<strong\/><\/p>\n<p><strong>La fiche technique\u00a0:\u00a0<\/strong><\/p>\n<p><strong>Stade\u00a0:\u00a0<\/strong>Orange V\u00e9lodrome<\/p>\n<p><strong>Buteurs\u00a0<\/strong>: M. Greenwood (18\u2019 s.p.), P. Aubameyang (24\u2019), I. Kebbal (28\u2019), M. Simon (58\u2019), P. Aubameyang (73\u2019), P. H\u00f6jbjerg (81\u2019), R. Vaz (90\u2019+6)\u00a0<\/p>\n<p><strong>Avertissements<\/strong>\u00a0:\u00a0\u00a0R. Vaz (88\u2019)<\/p>\n<p><strong>Composition Paris FC\u00a0:<\/strong><\/p>\n<p>Nkambadio, Chergui, Mbow, Sangui (83\u2019-J. Lopez), M.Lopez (c), Marchetti (83\u2019- Hamel), Camara (69\u2019-Doucet), Kebbal, Guebbels (64\u2019-Gory), Simon (64\u2019-Krasso)<\/p>\n<p><strong>Composition Olympique de Marseille<\/strong>\u00a0:\u00a0<\/p>\n<p>Rulli, Murillo, Balerdi, Egan-Riley, Garcia (90\u2019+1- Cornelius), H\u00f6jbjerg, Gomes, Gouiri (90\u2019+1- Bakola), Greenwood, Weah (63\u2019-Nadir), Aubameyang (74\u2019 Robinio Vaz)<\/p>\n","protected":false},"excerpt":{"rendered":"Pour son deuxi\u00e8me d\u00e9placement de la saison en Ligue 1 McDonald\u2019s, le Paris FC s\u2019est inclin\u00e9 \u00e0 l\u2019Orange&hellip;\n","protected":false},"author":2,"featured_media":339115,"comment_status":"","ping_status":"","sticky":false,"template":"","format":"standard","meta":{"footnotes":""},"categories":[2814],"tags":[1111,11,1777,674,1011,27,884,12,882,25],"class_list":{"0":"post-339114","1":"post","2":"type-post","3":"status-publish","4":"format-standard","5":"has-post-thumbnail","7":"category-marseille","8":"tag-actu","9":"tag-actualites","10":"tag-eu","11":"tag-europe","12":"tag-fr","13":"tag-france","14":"tag-marseille","15":"tag-news","16":"tag-provence-alpes-cote-dazur","17":"tag-republique-francaise"},"share_on_mastodon":{"url":"https:\/\/pubeurope.com\/@fr\/115079664346791968","error":""},"_links":{"self":[{"href":"https:\/\/www.europesays.com\/fr\/wp-json\/wp\/v2\/posts\/339114","targetHints":{"allow":["GET"]}}],"collection":[{"href":"https:\/\/www.europesays.com\/fr\/wp-json\/wp\/v2\/posts"}],"about":[{"href":"https:\/\/www.europesays.com\/fr\/wp-json\/wp\/v2\/types\/post"}],"author":[{"embeddable":true,"href":"https:\/\/www.europesays.com\/fr\/wp-json\/wp\/v2\/users\/2"}],"replies":[{"embeddable":true,"href":"https:\/\/www.europesays.com\/fr\/wp-json\/wp\/v2\/comments?post=339114"}],"version-history":[{"count":0,"href":"https:\/\/www.europesays.com\/fr\/wp-json\/wp\/v2\/posts\/339114\/revisions"}],"wp:featuredmedia":[{"embeddable":true,"href":"https:\/\/www.europesays.com\/fr\/wp-json\/wp\/v2\/media\/339115"}],"wp:attachment":[{"href":"https:\/\/www.europesays.com\/fr\/wp-json\/wp\/v2\/media?parent=339114"}],"wp:term":[{"taxonomy":"category","embeddable":true,"href":"https:\/\/www.europesays.com\/fr\/wp-json\/wp\/v2\/categories?post=339114"},{"taxonomy":"post_tag","embeddable":true,"href":"https:\/\/www.europesays.com\/fr\/wp-json\/wp\/v2\/tags?post=339114"}],"curies":[{"name":"wp","href":"https:\/\/api.w.org\/{rel}","templated":true}]}}