{"id":339116,"date":"2025-08-23T19:11:19","date_gmt":"2025-08-23T19:11:19","guid":{"rendered":"https:\/\/www.europesays.com\/fr\/339116\/"},"modified":"2025-08-23T19:11:19","modified_gmt":"2025-08-23T19:11:19","slug":"lyon-cette-grande-enseigne-de-mode-rouvre-une-grande-boutique-a-la-part-dieu","status":"publish","type":"post","link":"https:\/\/www.europesays.com\/fr\/339116\/","title":{"rendered":"Lyon. Cette grande enseigne de mode rouvre une grande boutique \u00e0 La Part-Dieu"},"content":{"rendered":"<p>            Par<br \/>\n        <strong><br \/>\n            <a href=\"https:\/\/actu.fr\/auteur\/emma-ressegaire\" title=\"Consulter tous les articles de Emma Ressegaire\" rel=\"nofollow noopener\" target=\"_blank\">Emma Ressegaire<\/a><br \/>\n        <\/strong><\/p>\n<p>        Publi\u00e9 le<\/p>\n<p>            23 ao\u00fbt 2025 \u00e0 6h26        <\/p>\n<p>Depuis le d\u00e9but de l\u2019ann\u00e9e 2025, <strong>plusieurs ouvertures de magasins<\/strong> sont venues enrichir l\u2019offre du centre commercial de <a href=\"https:\/\/actu.fr\/auvergne-rhone-alpes\/lyon_69123\/lyon-nouvelles-enseignes-boutiques-en-travaux-les-nouveautes-de-l-ete-a-la-part-dieu_62914518.html\" rel=\"nofollow noopener\" target=\"_blank\">Westfield La Part-Dieu<\/a>, situ\u00e9 dans le 3e arrondissement de <a href=\"https:\/\/actu.fr\/lyon\/\" rel=\"nofollow noopener\" target=\"_blank\">Lyon<\/a>. Maison 123, Tropicool, Milome et bien d\u2019autres ont fait leur arriv\u00e9e.<\/p>\n<p class=\" wall-content\">Certaines enseignes ont profit\u00e9 de l\u2019\u00e9t\u00e9 pour <strong>se refaire une beaut\u00e9<\/strong>. C\u2019est le cas de Mango, magasin de mode, qui avait <strong>ferm\u00e9 sa boutique<\/strong> quelques semaines pour causes de travaux.<\/p>\n<p class=\" wall-content\">D\u00e9sormais, le magasin espagnol de pr\u00eat-\u00e0-porter a rouvert ses portes avec un concept g\u00e9ant de <strong>733 m2<\/strong>. Une partie est r\u00e9serv\u00e9e aux femmes et l\u2019autre aux hommes avec Mango Man.<\/p>\n<p>Un magasin in\u00e9dit en France<\/p>\n<p class=\" wall-content\">Et d\u00e8s septembre prochain,\u00a0<a href=\"https:\/\/actu.fr\/auvergne-rhone-alpes\/lyon_69123\/lyon-une-grande-marque-de-vetements-va-ouvrir-une-boutique-unique-en-france-a-la-part-dieu_62750072.html\" rel=\"nofollow noopener\" target=\"_blank\">Mango Teen<\/a>, la<strong> ligne pour adolescents du groupe Mango<\/strong>, fera son entr\u00e9e pour la toute premi\u00e8re fois, dans l\u2019Hexagone, avec un premier magasin \u00e0 Lyon.\u00a0<\/p>\n<p class=\" wall-content\">Toujours dans le centre commercial Westfield La Part-Dieu, au niveau 0, il se situera \u00e0 la place de la boutique de lingerie Etam.<\/p>\n<p class=\" wall-content\">\n    <img   decoding=\"async\" loading=\"lazy\" src=\"https:\/\/www.europesays.com\/fr\/wp-content\/uploads\/2025\/08\/anthony-soudani-960x640.jpeg\" alt=\"La boutique de v\u00eatements Mango a rouvert ses portes dans le centre commercial de Westfield La Part-Dieu\" width=\"960\" height=\"640\"\/><br \/>\n    La boutique de v\u00eatements Mango a rouvert ses portes dans le centre commercial de Westfield La Part-Dieu (\u00a9Anthony Soudani \/ actu lyon)<br \/>\n    <img   decoding=\"async\" loading=\"lazy\" src=\"https:\/\/www.europesays.com\/fr\/wp-content\/uploads\/2025\/08\/mango-homme-lyon-part-dieu-960x640.jpg\" alt=\"Mango a rouvert avec une partie pour les hommes au centre commercial Part-Dieu.\" width=\"960\" height=\"640\"\/><br \/>\n    Mango a rouvert avec une partie pour les hommes au centre commercial Part-Dieu. (\u00a9Anthony Soudani \/ actu Lyon)<\/p>\n<p class=\" wall-content\">Le distributeur espagnol, un <strong>rival direct de Zara et H&amp;M<\/strong>, d\u00e9cline son concept en diff\u00e9rentes enseignes ciblant les enfants (Kids), les adolescents (Teen) et les hommes (Man).<\/p>\n<p class=\" wall-content\">Personnalisez votre actualit\u00e9 en ajoutant vos villes et m\u00e9dias en favori avec <a href=\"https:\/\/moncompte.actu.fr\" title=\"D\u00e9couvez Mon Actu\" rel=\"nofollow noopener\" data-trk=\"{&quot;cta&quot;:{&quot;action&quot;:&quot;https:\\\/\\\/moncompte.actu.fr&quot;,&quot;category&quot;:&quot;mon compte&quot;,&quot;from&quot;:&quot;article footer&quot;,&quot;name&quot;:&quot;Mon actu&quot;,&quot;type&quot;:&quot;cta&quot;}}\" target=\"_blank\">Mon Actu<\/a>.<\/p>\n","protected":false},"excerpt":{"rendered":"Par Emma Ressegaire Publi\u00e9 le 23 ao\u00fbt 2025 \u00e0 6h26 Depuis le d\u00e9but de l\u2019ann\u00e9e 2025, plusieurs ouvertures&hellip;\n","protected":false},"author":2,"featured_media":339117,"comment_status":"","ping_status":"","sticky":false,"template":"","format":"standard","meta":{"footnotes":""},"categories":[1889],"tags":[1111,11,2430,215,1777,674,1011,27,2428,6178,12,25,104],"class_list":{"0":"post-339116","1":"post","2":"type-post","3":"status-publish","4":"format-standard","5":"has-post-thumbnail","7":"category-lyon","8":"tag-actu","9":"tag-actualites","10":"tag-auvergne-rhone-alpes","11":"tag-commerce","12":"tag-eu","13":"tag-europe","14":"tag-fr","15":"tag-france","16":"tag-lyon","17":"tag-lyon-part-dieu","18":"tag-news","19":"tag-republique-francaise","20":"tag-societe"},"share_on_mastodon":{"url":"https:\/\/pubeurope.com\/@fr\/115079668408465211","error":""},"_links":{"self":[{"href":"https:\/\/www.europesays.com\/fr\/wp-json\/wp\/v2\/posts\/339116","targetHints":{"allow":["GET"]}}],"collection":[{"href":"https:\/\/www.europesays.com\/fr\/wp-json\/wp\/v2\/posts"}],"about":[{"href":"https:\/\/www.europesays.com\/fr\/wp-json\/wp\/v2\/types\/post"}],"author":[{"embeddable":true,"href":"https:\/\/www.europesays.com\/fr\/wp-json\/wp\/v2\/users\/2"}],"replies":[{"embeddable":true,"href":"https:\/\/www.europesays.com\/fr\/wp-json\/wp\/v2\/comments?post=339116"}],"version-history":[{"count":0,"href":"https:\/\/www.europesays.com\/fr\/wp-json\/wp\/v2\/posts\/339116\/revisions"}],"wp:featuredmedia":[{"embeddable":true,"href":"https:\/\/www.europesays.com\/fr\/wp-json\/wp\/v2\/media\/339117"}],"wp:attachment":[{"href":"https:\/\/www.europesays.com\/fr\/wp-json\/wp\/v2\/media?parent=339116"}],"wp:term":[{"taxonomy":"category","embeddable":true,"href":"https:\/\/www.europesays.com\/fr\/wp-json\/wp\/v2\/categories?post=339116"},{"taxonomy":"post_tag","embeddable":true,"href":"https:\/\/www.europesays.com\/fr\/wp-json\/wp\/v2\/tags?post=339116"}],"curies":[{"name":"wp","href":"https:\/\/api.w.org\/{rel}","templated":true}]}}