{"id":339118,"date":"2025-08-23T19:12:20","date_gmt":"2025-08-23T19:12:20","guid":{"rendered":"https:\/\/www.europesays.com\/fr\/339118\/"},"modified":"2025-08-23T19:12:20","modified_gmt":"2025-08-23T19:12:20","slug":"un-vol-easyjet-lyon-porto-force-de-faire-demi-tour-a-cause-dun-passager-pris-de-delire","status":"publish","type":"post","link":"https:\/\/www.europesays.com\/fr\/339118\/","title":{"rendered":"Un vol EasyJet Lyon-Porto forc\u00e9 de faire demi-tour \u00e0 cause d\u2019un passager pris de d\u00e9lire"},"content":{"rendered":"<p>        <img decoding=\"async\" loading=\"lazy\" src=\"https:\/\/www.europesays.com\/fr\/wp-content\/uploads\/2025\/08\/ccdd972_sirius-fs-upload-1-jxea4xt2gyll-1739191499223-000-33y26tc.jpg\"  width=\"728\" height=\"409\" alt=\"Un vol EasyJet Lyon-Porto forc\u00e9 de faire demi-tour \u00e0 cause d\u2019un passager pris de d\u00e9lire (Photo d\u2019un avion EasyJet)\"\/>  <\/p>\n<p>FABRICE COFFRINI \/ AFP<\/p>\n<p>Un vol EasyJet Lyon-Porto forc\u00e9 de faire demi-tour \u00e0 cause d\u2019un passager pris de d\u00e9lire (Photo d\u2019un avion EasyJet)<\/p>\n<p class=\"asset asset-text\">TRANSPORT &#8211; Un passager pris de bouff\u00e9es d\u00e9lirantes a tent\u00e9 de s\u2019introduire<a href=\"https:\/\/www.huffingtonpost.fr\/france\/article\/un-vol-air-france-force-de-faire-demi-tour-d-urgence-apres-un-probleme-de-pressurisation_244370.html\" target=\"_blank\" rel=\"noopener\"> dans le cockpit <\/a><a href=\"https:\/\/www.huffingtonpost.fr\/international\/article\/un-boeing-787-d-air-india-fait-demi-tour-a-hong-kong-une-galere-de-plus-pour-la-compagnie_251417.html\" target=\"_blank\" rel=\"noopener\">d\u2019un vol <\/a>Lyon-Porto de la compagnie EasyJet vendredi 22\u00a0ao\u00fbt au soir, ont indiqu\u00e9 ce samedi la police et la compagnie.<\/p>\n<p class=\"asset asset-text\">Le passager a tent\u00e9 d\u2019entrer dans le cockpit peu apr\u00e8s le d\u00e9collage de Lyon Saint-Exup\u00e9ry, a pr\u00e9cis\u00e9 EasyJet \u00e0 l\u2019AFP.<\/p>\n<p class=\"asset asset-text\">Il a \u00e9t\u00e9 immobilis\u00e9 par d\u2019autres passagers et maintenu entrav\u00e9 jusqu\u2019au retour \u00e0 l\u2019a\u00e9roport, o\u00f9 il a \u00e9t\u00e9 plac\u00e9 en garde \u00e0 vue, a indiqu\u00e9 la police fran\u00e7aise.<\/p>\n<p>    Bouff\u00e9es d\u00e9lirantes    <\/p>\n<p class=\"asset asset-text\">Des examens m\u00e9dicaux ont confirm\u00e9 que ce passager \u00e2g\u00e9 de 26\u00a0ans, de nationalit\u00e9 portugaise, souffrait de mal de l\u2019air et de bouff\u00e9es d\u00e9lirantes, selon la police. Inconnu des services de police, il a \u00e9t\u00e9 hospitalis\u00e9, selon la m\u00eame source.<\/p>\n<p class=\"asset asset-text\">Le vol a ensuite red\u00e9coll\u00e9 vers Porto o\u00f9 il a atterri en fin de soir\u00e9e, a indiqu\u00e9 EasyJet.<\/p>\n<p class=\"asset asset-text\">Dans un autre vol, en avril dernier, une passag\u00e8re br\u00e9silienne avait elle aussi tent\u00e9 de p\u00e9n\u00e9trer de force dans le cockpit d\u2019un avion d\u2019American Airlines qui reliait S\u00e3o Paulo \u00e0 New York. Neutralis\u00e9e, elle avait justifi\u00e9 son acc\u00e8s de col\u00e8re par fait que son vol avait du retard.<\/p>\n","protected":false},"excerpt":{"rendered":"FABRICE COFFRINI \/ AFP Un vol EasyJet Lyon-Porto forc\u00e9 de faire demi-tour \u00e0 cause d\u2019un passager pris de&hellip;\n","protected":false},"author":2,"featured_media":339119,"comment_status":"","ping_status":"","sticky":false,"template":"","format":"standard","meta":{"footnotes":""},"categories":[1889],"tags":[1111,11,2430,7182,37,1777,674,1011,27,2428,12,25,2803],"class_list":{"0":"post-339118","1":"post","2":"type-post","3":"status-publish","4":"format-standard","5":"has-post-thumbnail","7":"category-lyon","8":"tag-actu","9":"tag-actualites","10":"tag-auvergne-rhone-alpes","11":"tag-aviation","12":"tag-avion","13":"tag-eu","14":"tag-europe","15":"tag-fr","16":"tag-france","17":"tag-lyon","18":"tag-news","19":"tag-republique-francaise","20":"tag-transport"},"share_on_mastodon":{"url":"https:\/\/pubeurope.com\/@fr\/115079672213014492","error":""},"_links":{"self":[{"href":"https:\/\/www.europesays.com\/fr\/wp-json\/wp\/v2\/posts\/339118","targetHints":{"allow":["GET"]}}],"collection":[{"href":"https:\/\/www.europesays.com\/fr\/wp-json\/wp\/v2\/posts"}],"about":[{"href":"https:\/\/www.europesays.com\/fr\/wp-json\/wp\/v2\/types\/post"}],"author":[{"embeddable":true,"href":"https:\/\/www.europesays.com\/fr\/wp-json\/wp\/v2\/users\/2"}],"replies":[{"embeddable":true,"href":"https:\/\/www.europesays.com\/fr\/wp-json\/wp\/v2\/comments?post=339118"}],"version-history":[{"count":0,"href":"https:\/\/www.europesays.com\/fr\/wp-json\/wp\/v2\/posts\/339118\/revisions"}],"wp:featuredmedia":[{"embeddable":true,"href":"https:\/\/www.europesays.com\/fr\/wp-json\/wp\/v2\/media\/339119"}],"wp:attachment":[{"href":"https:\/\/www.europesays.com\/fr\/wp-json\/wp\/v2\/media?parent=339118"}],"wp:term":[{"taxonomy":"category","embeddable":true,"href":"https:\/\/www.europesays.com\/fr\/wp-json\/wp\/v2\/categories?post=339118"},{"taxonomy":"post_tag","embeddable":true,"href":"https:\/\/www.europesays.com\/fr\/wp-json\/wp\/v2\/tags?post=339118"}],"curies":[{"name":"wp","href":"https:\/\/api.w.org\/{rel}","templated":true}]}}