{"id":339126,"date":"2025-08-23T19:18:15","date_gmt":"2025-08-23T19:18:15","guid":{"rendered":"https:\/\/www.europesays.com\/fr\/339126\/"},"modified":"2025-08-23T19:18:15","modified_gmt":"2025-08-23T19:18:15","slug":"om-paris-fc-5-2","status":"publish","type":"post","link":"https:\/\/www.europesays.com\/fr\/339126\/","title":{"rendered":"OM-Paris FC (5-2) :"},"content":{"rendered":"<p>Bilal Nadir (milieu de terrain OM)\u00a0:<\/p>\n<p>\u00ab\u00a0\u00c7a fait du bien de gagner ce genre de match, je pense qu&rsquo;on la fait d&rsquo;une belle mani\u00e8re aussi. On retient aussi les trois points, c&rsquo;est une tr\u00e8s bonne chose. En tant que joueurs, on est forc\u00e9ment marqu\u00e9 quand il y a des sifflets. Mais je trouve que l&rsquo;\u00e9quipe a bien su r\u00e9agir apr\u00e8s l&rsquo;\u00e9galisation <a href=\"https:\/\/www.laprovence.com\/article\/om\/78342372506059\/om-paris-fc-aubameyang-titulaire-gouiri-installe-en-10-decouvrez-les-compositions-probables\" target=\"_blank\" rel=\"noopener\">du Paris FC.<\/a> On a r\u00e9ussi \u00e0 remettre les supporters derri\u00e8re nous. Ce n&rsquo;est pas toujours facile, d&rsquo;autant plus quand on est \u00e0 l&rsquo;OM et qu&rsquo;on r\u00e9alise une telle pr\u00e9paration. Forc\u00e9ment, il y a beaucoup d&rsquo;attente autour de nous. On doit toujours gagner avec la mani\u00e8re et des scores larges. C&rsquo;est toujours \u00e0 nous faire le jeu. On s&rsquo;est fait peur certes, mais on retient les trois points. On a toutes les qualit\u00e9s pour faire une belle saison. On savait que le public \u00e9tait avec nous.<\/p>\n<p>Nous, les joueurs, on n&rsquo;est pas responsable de tout ce qu&rsquo;il se passe. On essaie juste de faire le maximum sur le terrain. <a href=\"https:\/\/www.laprovence.com\/article\/om\/99372594296356\/om-tres-decevants-a-rennes-les-olympiens-se-sont-ils-vus-trop-beaux\" target=\"_blank\" rel=\"noopener\">\u00c7a ne s&rsquo;est pas bien pass\u00e9 la semaine derni\u00e8re \u00e0 Rennes,<\/a> mais on a essay\u00e9 de bien travailler cette semaine. On est content d&rsquo;offrir cette victoire aux supporters. Cette victoire fait vraiment du bien. Comme joueur, j&rsquo;essaie de faire abstraction de toute cette histoire (l&rsquo;affaire Rabiot). Les personnes concern\u00e9es ont r\u00e9pondu m\u00e9diatiquement cette semaine, moi je n&rsquo;ai pas mon mot \u00e0 dire.\u00a0Adri c&rsquo;est une personne que j&rsquo;aime \u00e9norm\u00e9ment, c&rsquo;est vrai qu&rsquo;il nous a beaucoup aid\u00e9s la saison pass\u00e9e. On ne sait pas de quoi est fait l&rsquo;avenir. Ce sera une d\u00e9cision du coach, des dirigeants.\u00a0\u00bb<\/p>\n<p>Angel Gomes (milieu de terrain OM)\u00a0:<\/p>\n<p>\u00ab\u00a0C&rsquo;\u00e9tait dur pour tout le monde, c&rsquo;\u00e9tait une semaine compliqu\u00e9e pour tout le club. Mais le plus important c&rsquo;\u00e9tait de prendre les trois points aujourd&rsquo;hui. Je comprends la frustration des supporters, nous aussi on la ressent parfois sur le terrain, mais le plus important c&rsquo;est la victoire. La saison est longue, il y aura d&rsquo;autres matches comme celui-l\u00e0. On aura besoin de tout le monde, c&rsquo;est important que les rempla\u00e7ants entrent de la sorte dans la partie. Je me sens bien, c&rsquo;est seulement le deuxi\u00e8me match dans un nouveau club, avec un style de jeu diff\u00e9rent de mes habitudes. Avec le temps, je vais mieux conna\u00eetre mes co\u00e9quipiers, mais je me sens \u00e0 l&rsquo;aise, avec ce tr\u00e8s bon coach et ces tr\u00e8s bons partenaires.<\/p>\n<p>Ce n&rsquo;est pas une question pour moi, mais pour le coach. Mon r\u00f4le est de jouer au foot, pas de commenter cela (la d\u00e9claration de Roberto De Zerbi qui tend la main \u00e0 Rabiot). Oui\u2026 ce sont des choses pas normales, mais ce sont aussi des choses qui peuvent se passer dans un vestiaire <a href=\"https:\/\/www.laprovence.com\/article\/om\/2925946643804\/om-tout-savoir-sur-la-fin-du-regne-du-duc-adrien-rabiot\" target=\"_blank\" rel=\"noopener\">(la bagarre entre Rowe et Rabiot).<\/a> Maintenant, le plus important c&rsquo;est de rester soud\u00e9.\u00a0\u00bb<\/p>\n<p><img alt=\"\" loading=\"lazy\" width=\"18\" height=\"18\" decoding=\"async\" data-nimg=\"1\" class=\"mx-[8px]\" style=\"color:transparent\" src=\"https:\/\/www.laprovence.com\/_next\/static\/media\/comment.b95dda91.svg\"\/>D\u00e9marrez la conversation<\/p>\n<p class=\"text-[1.8rem] mt-[32px]\">Votre opinion compte pour nous. Rejoignez la communaut\u00e9 laprovence.com en r\u00e9agissant sur l&rsquo;article OM-Paris FC (5-2) : \u00ab\u00a0Cette victoire fait vraiment du bien\u00a0\u00bb, assure Nadir&#8230; D\u00e9couvrez les r\u00e9actions olympiennes.<\/p>\n","protected":false},"excerpt":{"rendered":"Bilal Nadir (milieu de terrain OM)\u00a0: \u00ab\u00a0\u00c7a fait du bien de gagner ce genre de match, je pense&hellip;\n","protected":false},"author":2,"featured_media":339127,"comment_status":"","ping_status":"","sticky":false,"template":"","format":"standard","meta":{"footnotes":""},"categories":[1888],"tags":[47532,17,11,12008,3477,1777,674,21,1011,27,12,149,47531,626,25,1264,19657],"class_list":{"0":"post-339126","1":"post","2":"type-post","3":"status-publish","4":"format-standard","5":"has-post-thumbnail","7":"category-paris","8":"tag-5-2","9":"tag-17","10":"tag-actualites","11":"tag-bien","12":"tag-cette","13":"tag-eu","14":"tag-europe","15":"tag-fait","16":"tag-fr","17":"tag-france","18":"tag-news","19":"tag-om","20":"tag-om-paris","21":"tag-paris","22":"tag-republique-francaise","23":"tag-victoire","24":"tag-vraiment"},"share_on_mastodon":{"url":"https:\/\/pubeurope.com\/@fr\/115079696238084357","error":""},"_links":{"self":[{"href":"https:\/\/www.europesays.com\/fr\/wp-json\/wp\/v2\/posts\/339126","targetHints":{"allow":["GET"]}}],"collection":[{"href":"https:\/\/www.europesays.com\/fr\/wp-json\/wp\/v2\/posts"}],"about":[{"href":"https:\/\/www.europesays.com\/fr\/wp-json\/wp\/v2\/types\/post"}],"author":[{"embeddable":true,"href":"https:\/\/www.europesays.com\/fr\/wp-json\/wp\/v2\/users\/2"}],"replies":[{"embeddable":true,"href":"https:\/\/www.europesays.com\/fr\/wp-json\/wp\/v2\/comments?post=339126"}],"version-history":[{"count":0,"href":"https:\/\/www.europesays.com\/fr\/wp-json\/wp\/v2\/posts\/339126\/revisions"}],"wp:featuredmedia":[{"embeddable":true,"href":"https:\/\/www.europesays.com\/fr\/wp-json\/wp\/v2\/media\/339127"}],"wp:attachment":[{"href":"https:\/\/www.europesays.com\/fr\/wp-json\/wp\/v2\/media?parent=339126"}],"wp:term":[{"taxonomy":"category","embeddable":true,"href":"https:\/\/www.europesays.com\/fr\/wp-json\/wp\/v2\/categories?post=339126"},{"taxonomy":"post_tag","embeddable":true,"href":"https:\/\/www.europesays.com\/fr\/wp-json\/wp\/v2\/tags?post=339126"}],"curies":[{"name":"wp","href":"https:\/\/api.w.org\/{rel}","templated":true}]}}