{"id":339128,"date":"2025-08-23T19:19:11","date_gmt":"2025-08-23T19:19:11","guid":{"rendered":"https:\/\/www.europesays.com\/fr\/339128\/"},"modified":"2025-08-23T19:19:11","modified_gmt":"2025-08-23T19:19:11","slug":"guerre-en-ukraine-des-dizaines-de-trains-retardes-apres-une-attaque-de-drones-ukrainiens-contre-deux-infrastructures-ferroviaires-dans-le-sud-de-la-russie","status":"publish","type":"post","link":"https:\/\/www.europesays.com\/fr\/339128\/","title":{"rendered":"Guerre en Ukraine\u00a0: des dizaines de trains retard\u00e9s apr\u00e8s une attaque de drones ukrainiens contre deux infrastructures ferroviaires dans le sud de la Russie"},"content":{"rendered":"<p>\n                                                                L\u2019op\u00e9ration a eu lieu dans la nuit du vendredi\u00a022 au samedi 23\u00a0ao\u00fbt dans les r\u00e9gions de Rostov et de Volgograd, en Russie.\n                            <\/p>\n<p>L\u2019arm\u00e9e ukrainienne a annonc\u00e9 avoir men\u00e9 <strong>une importante attaque de drones<\/strong> dans la nuit du vendredi\u00a022 au samedi 23\u00a0ao\u00fbt, rapporte l\u2019agence de presse ukrainienne <a href=\"https:\/\/www.google.com\/search?q=ukrinform&amp;rlz=1C1GCEA_enFR1064FR1064&amp;oq=ukrinform&amp;gs_lcrp=EgZjaHJvbWUqEAgAEAAYgwEY4wIYsQMYgAQyEAgAEAAYgwEY4wIYsQMYgAQyBggBEEUYQTITCAIQLhiDARjHARixAxjRAxiABDIHCAMQABiABDIHCAQQABiABDIHCAUQABiABDIHCAYQABiABDIGCAcQRRg80gEHNTY2ajBqNKgCALACAQ&amp;sourceid=chrome&amp;ie=UTF-8\" target=\"_self\" rel=\"nofollow noopener\">Ukrinform.<\/a><\/p>\n<p>Celle-ci aurait vis\u00e9\u00a0deux infrastructures ferroviaires dans le sud de la Russie, dans les r\u00e9gions de\u00a0<strong>Rostov et de Volgograd.<\/strong><\/p>\n<blockquote data-class=\"twitter-tweet\">\n<p lang=\"en\" dir=\"ltr\">Ukrainian drones targeted Russian railway infrastructure overnight, with strikes reported near Petrov Val in Volgograd region. A fire broke out in the area of the railway station. <a href=\"https:\/\/t.co\/IgHFm3rZW9\" rel=\"nofollow\">pic.twitter.com\/IgHFm3rZW9<\/a><\/p>\n<p>\u2014 NOELREPORTS \\ud83c\\uddea\\ud83c\\uddfa \\ud83c\\uddfa\\ud83c\\udde6 (@NOELreports) <a href=\"https:\/\/twitter.com\/NOELreports\/status\/1959152244953055319?ref_src=twsrc%5Etfw\" rel=\"nofollow noopener\" target=\"_blank\">August 23, 2025<\/a><\/p><\/blockquote>\n<p>\u00ab\u00a0Suite \u00e0 ce raid, la circulation de <strong>38 trains a \u00e9t\u00e9 retard\u00e9e<\/strong> jusqu\u2019\u00e0 3\u00a0heures et 40 minutes\u00a0\u00bb du matin,\u00a0a indiqu\u00e9 un rapport repris par nos confr\u00e8res. \u00ab\u00a0Suite \u00e0 la chute de fragments de drones, <strong>des incendies se sont d\u00e9clar\u00e9s \u00e0 plusieurs endroits<\/strong>, rapidement \u00e9teints. Personne n\u2019a \u00e9t\u00e9 bless\u00e9\u00a0\u00bb, a pr\u00e9cis\u00e9\u00a0le gouverneur de Rostov, Youri Sliusar.<\/p>\n<p>Du c\u00f4t\u00e9\u00a0de <strong>Rostov <\/strong>justement, c\u2019est <strong>le tron\u00e7on\u00a0ferroviaire entre Rossoch et Sokhranovka<\/strong> qui a \u00e9t\u00e9 touch\u00e9, la deuxi\u00e8me fois en une semaine.<\/p>\n<p>En ce qui concerne\u00a0<strong>Volgograd,<\/strong> trois personnes ont \u00e9t\u00e9 bless\u00e9es apr\u00e8s une frappe sur<strong> une ville de l\u2019oblast, Petrov Val, <\/strong>qui est une gare centrale du chemin de fer Privolzhskaya avec 18 voies et un d\u00e9p\u00f4t de locomotives du m\u00eame nom, pr\u00e9cise le<a href=\"https:\/\/www.kyivpost.com\/post\/58822\" target=\"_self\" rel=\"nofollow noopener\"> Kyiv Post.<\/a><\/p>\n<p>                                                                                                                                                                                                        <script async src=\"https:\/\/platform.twitter.com\/widgets.js\" charset=\"utf-8\"><\/script><\/p>\n","protected":false},"excerpt":{"rendered":"L\u2019op\u00e9ration a eu lieu dans la nuit du vendredi\u00a022 au samedi 23\u00a0ao\u00fbt dans les r\u00e9gions de Rostov et&hellip;\n","protected":false},"author":2,"featured_media":339129,"comment_status":"","ping_status":"","sticky":false,"template":"","format":"standard","meta":{"footnotes":""},"categories":[1591],"tags":[11,1887,12,1885,1886,132],"class_list":{"0":"post-339128","1":"post","2":"type-post","3":"status-publish","4":"format-standard","5":"has-post-thumbnail","7":"category-russie","8":"tag-actualites","9":"tag-federation-de-russie","10":"tag-news","11":"tag-russia","12":"tag-russian-federation","13":"tag-russie"},"share_on_mastodon":{"url":"https:\/\/pubeurope.com\/@fr\/115079699733860757","error":""},"_links":{"self":[{"href":"https:\/\/www.europesays.com\/fr\/wp-json\/wp\/v2\/posts\/339128","targetHints":{"allow":["GET"]}}],"collection":[{"href":"https:\/\/www.europesays.com\/fr\/wp-json\/wp\/v2\/posts"}],"about":[{"href":"https:\/\/www.europesays.com\/fr\/wp-json\/wp\/v2\/types\/post"}],"author":[{"embeddable":true,"href":"https:\/\/www.europesays.com\/fr\/wp-json\/wp\/v2\/users\/2"}],"replies":[{"embeddable":true,"href":"https:\/\/www.europesays.com\/fr\/wp-json\/wp\/v2\/comments?post=339128"}],"version-history":[{"count":0,"href":"https:\/\/www.europesays.com\/fr\/wp-json\/wp\/v2\/posts\/339128\/revisions"}],"wp:featuredmedia":[{"embeddable":true,"href":"https:\/\/www.europesays.com\/fr\/wp-json\/wp\/v2\/media\/339129"}],"wp:attachment":[{"href":"https:\/\/www.europesays.com\/fr\/wp-json\/wp\/v2\/media?parent=339128"}],"wp:term":[{"taxonomy":"category","embeddable":true,"href":"https:\/\/www.europesays.com\/fr\/wp-json\/wp\/v2\/categories?post=339128"},{"taxonomy":"post_tag","embeddable":true,"href":"https:\/\/www.europesays.com\/fr\/wp-json\/wp\/v2\/tags?post=339128"}],"curies":[{"name":"wp","href":"https:\/\/api.w.org\/{rel}","templated":true}]}}