{"id":33913,"date":"2025-04-18T11:12:11","date_gmt":"2025-04-18T11:12:11","guid":{"rendered":"https:\/\/www.europesays.com\/fr\/33913\/"},"modified":"2025-04-18T11:12:11","modified_gmt":"2025-04-18T11:12:11","slug":"le-psg-na-pas-demande-le-report-du-match-contre-strasbourg","status":"publish","type":"post","link":"https:\/\/www.europesays.com\/fr\/33913\/","title":{"rendered":"Le PSG n\u2019a pas demand\u00e9 le report du match contre Strasbourg"},"content":{"rendered":"<p><img width=\"700\" height=\"350\" src=\"https:\/\/www.europesays.com\/fr\/wp-content\/uploads\/2025\/04\/Strasbourg-PSG.png\" class=\"attachment-jannah-image-post size-jannah-image-post wp-post-image\" alt=\"Strasbourg psg\" is_main_img=\"1\" decoding=\"async\" fetchpriority=\"high\"  \/><\/p>\n<p>Le PSG affrontera Arsenal en demi-finale de Ligue des<br \/>\nchampions. Contrairement \u00e0 son match contre Nantes, le PSG n\u2019a pas<br \/>\ndemand\u00e9 le report de la rencontre contre Strasbourg, qui se tiendra<br \/>\nentre les deux matches contre les Anglais.<\/p>\n<p>Malgr\u00e9 sa d\u00e9faite contre <strong>Aston Villa<\/strong> lors de la<br \/>\nmanche retour du quart de finale de la <strong>Ligue des<br \/>\nchampions<\/strong> (3-2), le <strong>PSG<\/strong> s\u2019est qualifi\u00e9<br \/>\npour les demi-finales. \u00c0 ce stade de la comp\u00e9tition, le club de la<br \/>\ncapitale affrontera <strong><a href=\"https:\/\/canal-supporters.com\/affronter-le-psg-un-moment-tres-special-pour-mikel-arteta\/\" title=\"\" rel=\"nofollow noopener\" target=\"_blank\">Arsenal<\/a><\/strong>. Contrairement au match de<br \/>\n<strong>Nantes<\/strong>, qui se d\u00e9roulait entre les deux rencontres<br \/>\ncontre les <strong>Villans<\/strong>, le <strong>PSG<\/strong> n\u2019a<br \/>\npas demand\u00e9 le report du match contre <strong>Strasbourg<\/strong><br \/>\ncomptant pour la 32e journ\u00e9e de <strong>Ligue 1<\/strong> selon les<br \/>\ninformations de <a href=\"https:\/\/rmcsport.bfmtv.com\/football\/ligue-1\/info-rmc-sport-le-psg-n-a-pas-demande-de-report-de-son-match-contre-strasbourg-entre-la-double-confrontation-contre-arsenal_AV-202504170604.html\" target=\"_blank\" rel=\"noopener nofollow\" title=\"\">RMC Sport<\/a> et<br \/>\n<strong>Bruno Salomon<\/strong>.\u00a0<\/p>\n<p>A voir aussi : <a href=\"https:\/\/canal-supporters.com\/ldc-un-dernier-carre-tres-dispute-des-predictions-indecises\/\" title=\"\" rel=\"nofollow noopener\" target=\"_blank\">LdC : Un dernier carr\u00e9 tr\u00e8s disput\u00e9, des pr\u00e9dictions<br \/>\nind\u00e9cises<\/a><\/p>\n<p><a href=\"https:\/\/x.com\/CanalSupporters\" target=\"_blank\" rel=\"noopener nofollow\" title=\"\">canalsupporters.com<\/a><\/p>\n<p>Un \u00e9cart de huit<br \/>\njours entre les deux demi-finales<\/p>\n<p>Le m\u00e9dia sportif explique que malgr\u00e9 une fin de saison charg\u00e9e<br \/>\nen matches, le <strong>PSG<\/strong> veut encha\u00eener.<br \/>\n\u00ab\u00a0Pourtant, les Parisiens auraient pu s\u2019octroyer le luxe<br \/>\nde ne pas jouer entre les deux matches de <strong>Ligue des<br \/>\nchampions<\/strong> face \u00e0 <strong><a href=\"https:\/\/canal-supporters.com\/un-joueur-important-darsenal-suspendu-pour-la-demi-finale-aller\/\" title=\"\" rel=\"nofollow noopener\" target=\"_blank\">Arsenal<\/a><\/strong>. La demi-finale aller aura lieu le 29<br \/>\navril avec un retour pr\u00e9vu huit jours plus tard, soit le 7<br \/>\nmai.\u00a0\u00bb RMC Sport rappelle que le<br \/>\n<strong>PSG<\/strong> disputait d\u00e9j\u00e0 une demi-finale de<br \/>\n<strong>Ligue des champions<\/strong>. Le club de la capitale avait<br \/>\nalors d\u00e9cid\u00e9 de reporter le match de <strong>Ligue 1<\/strong> qui<br \/>\n\u00e9tait intercal\u00e9 entre la double confrontation face \u00e0<br \/>\n<strong>Dortmund<\/strong>. Un repos de huit jours paraissait aussi<br \/>\ntrop long pour le staff et les dirigeants parisiens, une raison<br \/>\nsuppl\u00e9mentaire pour laquelle <strong>Paris<\/strong> n\u2019a pas demand\u00e9<br \/>\nde report, avance le m\u00e9dia sportif. Le club alsacien, la deuxi\u00e8me<br \/>\nmeilleure \u00e9quipe de la phase retour derri\u00e8re le<br \/>\n<strong>PSG<\/strong>, devrait offrir une opposition id\u00e9ale pour<br \/>\nmonter en puissance avant de retrouver <strong>Arsenal<\/strong><br \/>\npour le match retour, conclut RMC Sport.<\/p>\n<blockquote class=\"twitter-tweet\" data-width=\"550\" data-dnt=\"true\">\n<p lang=\"fr\" dir=\"ltr\">Calendrier du Psg : confirmation info <a href=\"https:\/\/twitter.com\/RMCsport?ref_src=twsrc%5Etfw\" rel=\"nofollow noopener\" target=\"_blank\">@RMCsport<\/a>, le psg n&rsquo;a fait aucune demande de report pour son match face \u00e0 Strasbourg [rencontre plac\u00e9e entre la demi aller et retour de Ldc] <a href=\"https:\/\/twitter.com\/iciparisidf?ref_src=twsrc%5Etfw\" rel=\"nofollow noopener\" target=\"_blank\">@iciparisidf<\/a><\/p>\n<p> \u2014 Bruno Salomon \u26bd\ud83c\udf99 (@bruno_salomon) <a href=\"https:\/\/twitter.com\/bruno_salomon\/status\/1912897458197111201?ref_src=twsrc%5Etfw\" rel=\"nofollow noopener\" target=\"_blank\"> April 17, 2025<\/a><\/p><\/blockquote>\n<p><script async src=\"https:\/\/platform.twitter.com\/widgets.js\" charset=\"utf-8\"><\/script><\/p>\n","protected":false},"excerpt":{"rendered":"Le PSG affrontera Arsenal en demi-finale de Ligue des champions. Contrairement \u00e0 son match contre Nantes, le PSG&hellip;\n","protected":false},"author":2,"featured_media":33914,"comment_status":"","ping_status":"","sticky":false,"template":"","format":"standard","meta":{"footnotes":""},"categories":[1410],"tags":[11166,11167,11168,11169,786,81,448,787,11170,63,1011,27,789,66,1611,447,626,91,92,93,11171,11172,11173,11174,11175,60,640,11176,795,796,96],"class_list":{"0":"post-33913","1":"post","2":"type-post","3":"status-publish","4":"format-standard","5":"has-post-thumbnail","7":"category-football","8":"tag-32e-journee","9":"tag-ars-psg","10":"tag-arsenal-psg","11":"tag-arspsg","12":"tag-c1","13":"tag-canal-supporters","14":"tag-champions-league","15":"tag-cs","16":"tag-demi-finale","17":"tag-football","18":"tag-fr","19":"tag-france","20":"tag-ldc","21":"tag-ligue-1","22":"tag-ligue-1-macdonalds","23":"tag-ligue-des-champions","24":"tag-paris","25":"tag-paris-saint-germain","26":"tag-paris-sg","27":"tag-psg","28":"tag-psg-ars","29":"tag-psg-arsenal","30":"tag-psgars","31":"tag-rcsa-psg","32":"tag-rcsapsg","33":"tag-sports","34":"tag-strasbourg","35":"tag-strasbourg-psg","36":"tag-ucl","37":"tag-uefa-champions-league","38":"tag-une"},"share_on_mastodon":{"url":"https:\/\/pubeurope.com\/@fr\/114358671502932119","error":""},"_links":{"self":[{"href":"https:\/\/www.europesays.com\/fr\/wp-json\/wp\/v2\/posts\/33913","targetHints":{"allow":["GET"]}}],"collection":[{"href":"https:\/\/www.europesays.com\/fr\/wp-json\/wp\/v2\/posts"}],"about":[{"href":"https:\/\/www.europesays.com\/fr\/wp-json\/wp\/v2\/types\/post"}],"author":[{"embeddable":true,"href":"https:\/\/www.europesays.com\/fr\/wp-json\/wp\/v2\/users\/2"}],"replies":[{"embeddable":true,"href":"https:\/\/www.europesays.com\/fr\/wp-json\/wp\/v2\/comments?post=33913"}],"version-history":[{"count":0,"href":"https:\/\/www.europesays.com\/fr\/wp-json\/wp\/v2\/posts\/33913\/revisions"}],"wp:featuredmedia":[{"embeddable":true,"href":"https:\/\/www.europesays.com\/fr\/wp-json\/wp\/v2\/media\/33914"}],"wp:attachment":[{"href":"https:\/\/www.europesays.com\/fr\/wp-json\/wp\/v2\/media?parent=33913"}],"wp:term":[{"taxonomy":"category","embeddable":true,"href":"https:\/\/www.europesays.com\/fr\/wp-json\/wp\/v2\/categories?post=33913"},{"taxonomy":"post_tag","embeddable":true,"href":"https:\/\/www.europesays.com\/fr\/wp-json\/wp\/v2\/tags?post=33913"}],"curies":[{"name":"wp","href":"https:\/\/api.w.org\/{rel}","templated":true}]}}