{"id":339132,"date":"2025-08-23T19:21:10","date_gmt":"2025-08-23T19:21:10","guid":{"rendered":"https:\/\/www.europesays.com\/fr\/339132\/"},"modified":"2025-08-23T19:21:10","modified_gmt":"2025-08-23T19:21:10","slug":"e-u-les-haitiens-de-springfield-sont-menaces-de-devoir-partir","status":"publish","type":"post","link":"https:\/\/www.europesays.com\/fr\/339132\/","title":{"rendered":"\u00c9.-U.: les Ha\u00eftiens de Springfield sont menac\u00e9s de devoir partir"},"content":{"rendered":"<p>SPRINGFIELD \u2014 Viles Dorsainvil baisse les yeux vers ses mains, marque une pause et dit qu\u2019il ne sait pas de quoi son avenir sera fait.<\/p>\n<p>La voix h\u00e9sitante de cet homme de 39\u00a0ans, \u00e0 la voix douce, fait \u00e9cho \u00e0 l\u2019anxi\u00e9t\u00e9 de milliers d\u2019Ha\u00eftiens de sa petite ville de l\u2019Ohio, \u00e0 qui l\u2019on avait promis s\u00e9curit\u00e9 et emploi aux \u00c9tats-Unis. Ils se d\u00e9m\u00e8nent maintenant depuis que l\u2019administration Trump a d\u00e9cid\u00e9 de r\u00e9voquer leur statut de protection.<\/p>\n<p>\u00abC\u2019est comme si vous m\u2019invitiez chez vous en me disant que tout ira bien, a expliqu\u00e9 M.\u00a0Dorsainvil \u00e0 Springfield. Et puis, tout d\u2019un coup, vous commencez \u00e0 me tourner le dos.\u00bb<\/p>\n<p>Le pr\u00e9sident am\u00e9ricain Donald Trump a fait campagne en faveur de la lutte contre l\u2019immigration et, l\u2019ann\u00e9e derni\u00e8re, a propuls\u00e9 Springfield sous les projecteurs internationaux en affirmant \u00e0 tort que les immigrants ha\u00eftiens de la ville de l\u2019Ohio mangeaient des chats et des chiens.<\/p>\n<p>M\u00eame apr\u00e8s le d\u00e9bat pr\u00e9sidentiel devenu viral, l\u2019espoir subsistait pour les Ha\u00eftiens. La plupart sont entr\u00e9s l\u00e9galement aux \u00c9tats-Unis. Ils avaient un emploi, payaient des imp\u00f4ts et contribuaient \u00e0 l\u2019\u00e9conomie locale.<\/p>\n<p>Mais en juin, le minist\u00e8re de la S\u00e9curit\u00e9 int\u00e9rieure des \u00c9tats-Unis a annonc\u00e9 la fin du statut de protection temporaire (TPS) pour environ 500\u00a0000\u00a0Ha\u00eftiens, affirmant que la situation dans l\u2019\u00eele s\u2019\u00e9tait am\u00e9lior\u00e9e. Apr\u00e8s une intervention judiciaire, la r\u00e9vocation du TPS a \u00e9t\u00e9 repouss\u00e9e \u00e0 f\u00e9vrier.<\/p>\n<p>Le TPS permettait aux personnes de rester et de travailler l\u00e9galement si leur pays d\u2019origine \u00e9tait jug\u00e9 dangereux.<\/p>\n<p>Les gangs ont gagn\u00e9 en puissance depuis l\u2019assassinat du pr\u00e9sident ha\u00eftien Jovenel Mo\u00efse en 2021. En juillet, les Nations Unies ont averti que les gangs ha\u00eftiens avaient pris le contr\u00f4le quasi total de la capitale. Ce pays carib\u00e9en pauvre a \u00e9t\u00e9 en proie \u00e0 la violence, \u00e0 la maladie et \u00e0 des troubles politiques apr\u00e8s le tremblement de terre catastrophique de 2010.<\/p>\n<p>M.\u00a0Dorsainvil travaillait pour des organisations religieuses en Ha\u00efti lorsque des personnes ont commenc\u00e9 \u00e0 lui demander de l\u2019argent. Sa m\u00e8re, craignant qu\u2019il soit kidnapp\u00e9 contre ran\u00e7on, lui a demand\u00e9 de se r\u00e9fugier dans un endroit plus s\u00fbr.<\/p>\n<p>Il est arriv\u00e9 aux \u00c9tats-Unis fin 2020 et s\u2019est rendu chez un neveu d\u00e9j\u00e0 \u00e0 Springfield. M.\u00a0Dorsainvil ne s\u2019attendait pas initialement \u00e0 y rester longtemps, mais apr\u00e8s l\u2019assassinat de Jovenel Mo\u00efse, il a demand\u00e9 le TPS pour travailler l\u00e9galement.<\/p>\n<p>M.\u00a0Dorsainvil a d\u2019abord trouv\u00e9 Springfield effrayante, principalement parce qu\u2019il est arriv\u00e9 en plein hiver, pendant une temp\u00eate de neige. Avec le retour des beaux jours, il a appris \u00e0 conna\u00eetre ses voisins, \u00e0 appr\u00e9cier les b\u00e2timents historiques du centre-ville et \u00e0 appr\u00e9cier le rythme tranquille de la ville.<\/p>\n<p>Il a travaill\u00e9 dans les entrep\u00f4ts d\u2019Amazon et au service local de l\u2019emploi et des services familiaux. Il a \u00e9galement fait du b\u00e9n\u00e9volat aupr\u00e8s d\u2019organisations de Springfield.<\/p>\n<p>M.\u00a0Dorsainvil, aujourd\u2019hui directeur g\u00e9n\u00e9ral du Centre de soutien aux Ha\u00eftiens, explique que son histoire est similaire \u00e0 celle des quelque 10\u00a0000\u00a0Ha\u00eftiens qui se sont install\u00e9s ces derni\u00e8res ann\u00e9es \u00e0 Springfield, une ville d\u2019environ 60\u00a0000\u00a0habitants situ\u00e9e \u00e0 l\u2019ouest de la capitale de l\u2019\u00c9tat.<\/p>\n<p>Carl Ruby, pasteur de l\u2019\u00c9glise chr\u00e9tienne centrale, estime que \u00abl\u2019arriv\u00e9e des Ha\u00eftiens est l\u2019une des meilleures choses qui soient arriv\u00e9es \u00e0 Springfield depuis tr\u00e8s longtemps\u00bb.<\/p>\n<p>Springfield a \u00e9t\u00e9 b\u00e2tie par vagues d\u2019immigrants, explique M.\u00a0Ruby. La ville a connu son apog\u00e9e avec environ 90\u00a0000\u00a0habitants dans les ann\u00e9es 1970, mais avec l\u2019\u00e9volution du secteur manufacturier, sa population a d\u00e9clin\u00e9.<\/p>\n<p>\u00abNous \u00e9tions en mauvaise posture, a expliqu\u00e9 M.\u00a0Ruby. La premi\u00e8re fois que nous avons grandi en 70\u00a0ans, c\u2019est gr\u00e2ce \u00e0 l\u2019arriv\u00e9e des Ha\u00eftiens.\u00bb<\/p>\n<p>L\u2019afflux rapide de personnes a redynamis\u00e9 l\u2019industrie locale et le gouverneur r\u00e9publicain de l\u2019Ohio, Mike DeWine, a expliqu\u00e9 que les entreprises \u00e9taient reconnaissantes de pouvoir compter sur une main-d\u2019\u0153uvre croissante.<\/p>\n<p>L\u2019explosion d\u00e9mographique a \u00e9galement exerc\u00e9 une certaine pression sur les logements locaux et les services linguistiques dans les \u00e9coles. M.\u00a0Ruby indique que la ville a contact\u00e9 le s\u00e9nateur de l\u2019\u00e9poque, J.D. Vance, pour demander des fonds suppl\u00e9mentaires.<\/p>\n<p><b>Des menaces \u00e0 la bombe et des supr\u00e9macistes blancs<\/b><\/p>\n<p>Au lieu d\u2019aider, explique-t-il, J.D. Vance a partag\u00e9 sur les r\u00e9seaux sociaux la publication d\u00e9mentie selon laquelle les Ha\u00eftiens mangeaient des chats et des chiens. Donald Trump a \u00e9t\u00e9 alert\u00e9, et la nouvelle a rapidement \u00e9t\u00e9 diffus\u00e9e en direct \u00e0 la t\u00e9l\u00e9vision nationale.<\/p>\n<p>S\u2019en sont suivis des menaces \u00e0 la bombe et des supr\u00e9macistes blancs, explique M.\u00a0Ruby. Les Ha\u00eftiens avaient peur de quitter leur domicile.<\/p>\n<p>Alors que l\u2019attention m\u00e9diatique s\u2019est estomp\u00e9e, l\u2019incertitude pour la ville et sa population ha\u00eftienne en pleine expansion s\u2019est accrue. M.\u00a0DeWine a averti que la fin du TPS pourrait entra\u00eener un ch\u00f4mage massif parmi les Ha\u00eftiens et des milliers d\u2019emplois \u00e0 pourvoir pour l\u2019industrie locale. Trouver de la main-d\u2019\u0153uvre \u00e9tait d\u00e9j\u00e0 un probl\u00e8me dans la r\u00e9gion.<\/p>\n<p>\u00abCe ne sera pas une bonne chose\u00bb, a ajout\u00e9 M.\u00a0DeWine lors d\u2019une conf\u00e9rence de presse en juillet.<\/p>\n<p>De nombreux Ha\u00eftiens ont d\u00e9j\u00e0 perdu leur emploi, leurs employeurs \u00e9tant incertains de leur situation professionnelle. M.\u00a0Dorsainvil indique que certains cherchent \u00e0 s\u2019installer \u00e0 l\u2019\u00e9tranger, notamment au Canada, o\u00f9 se trouve une importante diaspora ha\u00eftienne.<\/p>\n<p>Il est difficile de s\u2019installer dans le nord du pays sans lien familial direct, et certaines personnes peuvent entreprendre des voyages p\u00e9rilleux pour traverser ill\u00e9galement la fronti\u00e8re.<\/p>\n<p>Plus t\u00f4t ce mois-ci, 44\u00a0personnes, principalement des Ha\u00eftiens, ont \u00e9t\u00e9 retrouv\u00e9es dans des conditions que la GRC a qualifi\u00e9es d\u2019\u00abhorribles\u00bb \u00e0 l\u2019int\u00e9rieur d\u2019un camion cube au Qu\u00e9bec, pr\u00e8s de la fronti\u00e8re am\u00e9ricaine.<\/p>\n<p>La police a d\u00e9clar\u00e9 que les migrants, parmi lesquels figuraient une femme enceinte et des enfants \u00e2g\u00e9s d\u2019\u00e0 peine quatre ans, ont expliqu\u00e9 aux agents avoir travers\u00e9 la fronti\u00e8re \u00e0 pied, marchant pendant deux heures jusqu\u2019\u00e0 ce que le camion les r\u00e9cup\u00e8re.<\/p>\n<p>M\u00e9lissa Claisse, de Welcome Collective, un centre de ressources pour r\u00e9fugi\u00e9s bas\u00e9 \u00e0 Montr\u00e9al, a d\u00e9clar\u00e9\u00a0: \u00abPersonne n\u2019entreprend un voyage aussi dangereux, \u00e0 moins que rester sur place ne lui semble encore plus dangereux.\u00bb<\/p>\n<p>\u00abLes Ha\u00eftiens sont confront\u00e9s \u00e0 des conditions de d\u00e9tention inhumaines aux \u00c9tats-Unis et \u00e0 l\u2019expulsion vers un pays cat\u00e9goriquement dangereux, \u00e0 tous \u00e9gards, a expliqu\u00e9 Mme\u00a0Claisse dans un courriel. Le Canada reconna\u00eet qu\u2019Ha\u00efti est trop dangereux pour y \u00eatre expuls\u00e9\u00a0; c\u2019est pourquoi nous avons suspendu les expulsions.\u00bb<\/p>\n<p>Elle a appel\u00e9 le Canada \u00e0 reconsid\u00e9rer l\u2019Entente sur les tiers pays s\u00fbrs, qui stipule qu\u2019un demandeur d\u2019asile arrivant au Canada ou aux \u00c9tats-Unis doit pr\u00e9senter sa demande dans le pays o\u00f9 il arrive en premier. Cette entente repose sur l\u2019id\u00e9e que les deux pays sont \u00e9galement s\u00fbrs pour les r\u00e9fugi\u00e9s.<\/p>\n<p>\u00c0 Springfield, la communaut\u00e9 religieuse se mobilise pour cr\u00e9er un r\u00e9seau d\u2019aide aux Ha\u00eftiens. Certaines \u00e9glises r\u00e9fl\u00e9chissent notamment \u00e0 la mani\u00e8re d\u2019offrir un refuge physique si n\u00e9cessaire l\u2019ann\u00e9e prochaine.<\/p>\n<p>M.\u00a0Ruby affirme que la situation n\u2019a pas mis sa foi \u00e0 l\u2019\u00e9preuve, mais a plut\u00f4t renforc\u00e9 sa d\u00e9termination.<\/p>\n<p>\u00abJe pense que l\u2019ob\u00e9issance au Christ exige que nous soutenions les immigrants, que nous les aimions comme nous-m\u00eames et que nous les traitions comme nos fr\u00e8res.\u00bb<\/p>\n<p>\u2014 Avec des informations de l\u2019Associated Press<\/p>\n","protected":false},"excerpt":{"rendered":"SPRINGFIELD \u2014 Viles Dorsainvil baisse les yeux vers ses mains, marque une pause et dit qu\u2019il ne sait&hellip;\n","protected":false},"author":2,"featured_media":339133,"comment_status":"","ping_status":"","sticky":false,"template":"","format":"standard","meta":{"footnotes":""},"categories":[1589],"tags":[11,73,1866,1854,15225,42044,12,1864,1865,1863,308],"class_list":{"0":"post-339132","1":"post","2":"type-post","3":"status-publish","4":"format-standard","5":"has-post-thumbnail","7":"category-etats-unis","8":"tag-actualites","9":"tag-etats-unis","10":"tag-etats-unis-damerique","11":"tag-https-lactualite-com-sujet-international","12":"tag-https-lactualite-com-sujet-social","13":"tag-https-lactualite-com-sujet-travail","14":"tag-news","15":"tag-united-states","16":"tag-united-states-of-america","17":"tag-us","18":"tag-usa"},"share_on_mastodon":{"url":"https:\/\/pubeurope.com\/@fr\/115079707910339675","error":""},"_links":{"self":[{"href":"https:\/\/www.europesays.com\/fr\/wp-json\/wp\/v2\/posts\/339132","targetHints":{"allow":["GET"]}}],"collection":[{"href":"https:\/\/www.europesays.com\/fr\/wp-json\/wp\/v2\/posts"}],"about":[{"href":"https:\/\/www.europesays.com\/fr\/wp-json\/wp\/v2\/types\/post"}],"author":[{"embeddable":true,"href":"https:\/\/www.europesays.com\/fr\/wp-json\/wp\/v2\/users\/2"}],"replies":[{"embeddable":true,"href":"https:\/\/www.europesays.com\/fr\/wp-json\/wp\/v2\/comments?post=339132"}],"version-history":[{"count":0,"href":"https:\/\/www.europesays.com\/fr\/wp-json\/wp\/v2\/posts\/339132\/revisions"}],"wp:featuredmedia":[{"embeddable":true,"href":"https:\/\/www.europesays.com\/fr\/wp-json\/wp\/v2\/media\/339133"}],"wp:attachment":[{"href":"https:\/\/www.europesays.com\/fr\/wp-json\/wp\/v2\/media?parent=339132"}],"wp:term":[{"taxonomy":"category","embeddable":true,"href":"https:\/\/www.europesays.com\/fr\/wp-json\/wp\/v2\/categories?post=339132"},{"taxonomy":"post_tag","embeddable":true,"href":"https:\/\/www.europesays.com\/fr\/wp-json\/wp\/v2\/tags?post=339132"}],"curies":[{"name":"wp","href":"https:\/\/api.w.org\/{rel}","templated":true}]}}