{"id":339134,"date":"2025-08-23T19:22:16","date_gmt":"2025-08-23T19:22:16","guid":{"rendered":"https:\/\/www.europesays.com\/fr\/339134\/"},"modified":"2025-08-23T19:22:16","modified_gmt":"2025-08-23T19:22:16","slug":"le-royaume-uni-denonce-la-famine-confirmee-a-gaza-et-exige-un-cessez-le-feu-immediat","status":"publish","type":"post","link":"https:\/\/www.europesays.com\/fr\/339134\/","title":{"rendered":"Le Royaume-Uni d\u00e9nonce la famine confirm\u00e9e \u00e0 Gaza et exige un cessez-le-feu imm\u00e9diat"},"content":{"rendered":"<p>AA\/Londres<\/p>\n<p>Le ministre britannique des Affaires \u00e9trang\u00e8res, David Lammy, a qualifi\u00e9 la famine confirm\u00e9e dans la ville de Gaza et ses environs de \u00ab\u00a0profond\u00e9ment choquante et totalement \u00e9vitable\u00a0\u00bb, accusant le gouvernement isra\u00e9lien de provoquer cette \u00ab\u00a0catastrophe humanitaire\u00a0\u00bb en bloquant l\u2019acheminement d\u2019une aide suffisante. <\/p>\n<p>Dans un communiqu\u00e9 partag\u00e9 vendredi, Lammy a r\u00e9agi au rapport du 15 ao\u00fbt de l\u2019Integrated Food Security Phase Classification (IPC), soutenu par l\u2019ONU, confirmant la famine \u00e0 Gaza. <\/p>\n<p>\u00ab\u00a0Le refus d\u2019Isra\u00ebl de permettre l\u2019entr\u00e9e d\u2019une aide ad\u00e9quate est \u00e0 l\u2019origine de cette crise humanitaire. C\u2019est une honte morale\u00a0\u00bb, a-t-il d\u00e9clar\u00e9, soulignant les cons\u00e9quences d\u00e9vastatrices pour les enfants. <\/p>\n<p>Le ministre a appel\u00e9 Isra\u00ebl \u00e0 autoriser imm\u00e9diatement un acc\u00e8s durable aux vivres, m\u00e9dicaments, carburant et autres aides essentielles. <\/p>\n<p>Il a insist\u00e9 sur la n\u00e9cessit\u00e9 d\u2019un cessez-le-feu imm\u00e9diat pour permettre une distribution massive d\u2019aide, incluant l\u2019arr\u00eat des op\u00e9rations militaires dans la ville de Gaza, \u00e9picentre de la famine. <\/p>\n<p>\u00ab\u00a0Le Royaume-Uni condamne cette offensive militaire qui aggrave une situation humanitaire d\u00e9j\u00e0 catastrophique et menace les otages d\u00e9tenus par le Hamas\u00a0\u00bb, a-t-il ajout\u00e9, exhortant Isra\u00ebl \u00e0 \u00ab\u00a0changer de cap\u00a0\u00bb. <\/p>\n<p>Lammy a affirm\u00e9 qu\u2019un \u00ab\u00a0cessez-le-feu urgent et permanent\u00a0\u00bb est indispensable pour mettre fin aux souffrances, lib\u00e9rer les otages isra\u00e9liens, augmenter l\u2019aide humanitaire et poser les bases d\u2019une paix durable. <\/p>\n<p>Le rapport de l\u2019IPC pr\u00e9cise qu\u2019apr\u00e8s 22 mois de conflit, plus de 500 000 personnes \u00e0 Gaza vivent dans des conditions marqu\u00e9es par la faim, la mis\u00e8re et la mort. <\/p>\n<p>                            &#13;<br \/>\n                                <a href=\"https:\/\/www.aa.com.tr\/fr\/p\/abonnement\/1001\" target=\"_blank\" style=\"font-size:12px; color:#444; text-decoration:none;\" rel=\"noopener\">&#13;<br \/>\n                                    Seulement une partie des d\u00e9p\u00eaches, que l&rsquo;Agence Anadolu diffuse \u00e0 ses abonn\u00e9s via le Syst\u00e8me de Diffusion interne (HAS), est diffus\u00e9e sur le site de l&rsquo;AA, de mani\u00e8re r\u00e9sum\u00e9e. <b style=\"color:#1897F7\">Contactez-nous s&rsquo;il vous pla\u00eet pour vous abonner.<\/b>&#13;<br \/>\n                                <\/a>&#13;<\/p>\n","protected":false},"excerpt":{"rendered":"AA\/Londres Le ministre britannique des Affaires \u00e9trang\u00e8res, David Lammy, a qualifi\u00e9 la famine confirm\u00e9e dans la ville de&hellip;\n","protected":false},"author":2,"featured_media":339135,"comment_status":"","ping_status":"","sticky":false,"template":"","format":"standard","meta":{"footnotes":""},"categories":[1588],"tags":[11,1785,23630,1777,674,665,12,473,1853,1851,1850,1852],"class_list":{"0":"post-339134","1":"post","2":"type-post","3":"status-publish","4":"format-standard","5":"has-post-thumbnail","7":"category-royaume-uni","8":"tag-actualites","9":"tag-anadolu-ajansi","10":"tag-david-lammy","11":"tag-eu","12":"tag-europe","13":"tag-gaza","14":"tag-news","15":"tag-royaume-uni","16":"tag-royaume-uni-de-grande-bretagne-et-dirlande-du-nord","17":"tag-uk","18":"tag-united-kingdom","19":"tag-united-kingdom-of-great-britain-and-northern-ireland"},"share_on_mastodon":{"url":"https:\/\/pubeurope.com\/@fr\/115079711534565350","error":""},"_links":{"self":[{"href":"https:\/\/www.europesays.com\/fr\/wp-json\/wp\/v2\/posts\/339134","targetHints":{"allow":["GET"]}}],"collection":[{"href":"https:\/\/www.europesays.com\/fr\/wp-json\/wp\/v2\/posts"}],"about":[{"href":"https:\/\/www.europesays.com\/fr\/wp-json\/wp\/v2\/types\/post"}],"author":[{"embeddable":true,"href":"https:\/\/www.europesays.com\/fr\/wp-json\/wp\/v2\/users\/2"}],"replies":[{"embeddable":true,"href":"https:\/\/www.europesays.com\/fr\/wp-json\/wp\/v2\/comments?post=339134"}],"version-history":[{"count":0,"href":"https:\/\/www.europesays.com\/fr\/wp-json\/wp\/v2\/posts\/339134\/revisions"}],"wp:featuredmedia":[{"embeddable":true,"href":"https:\/\/www.europesays.com\/fr\/wp-json\/wp\/v2\/media\/339135"}],"wp:attachment":[{"href":"https:\/\/www.europesays.com\/fr\/wp-json\/wp\/v2\/media?parent=339134"}],"wp:term":[{"taxonomy":"category","embeddable":true,"href":"https:\/\/www.europesays.com\/fr\/wp-json\/wp\/v2\/categories?post=339134"},{"taxonomy":"post_tag","embeddable":true,"href":"https:\/\/www.europesays.com\/fr\/wp-json\/wp\/v2\/tags?post=339134"}],"curies":[{"name":"wp","href":"https:\/\/api.w.org\/{rel}","templated":true}]}}