{"id":339157,"date":"2025-08-23T19:36:13","date_gmt":"2025-08-23T19:36:13","guid":{"rendered":"https:\/\/www.europesays.com\/fr\/339157\/"},"modified":"2025-08-23T19:36:13","modified_gmt":"2025-08-23T19:36:13","slug":"coron-25-aout-2025-les-engages-de-courses-cyclistes","status":"publish","type":"post","link":"https:\/\/www.europesays.com\/fr\/339157\/","title":{"rendered":"Coron 25 ao\u00fbt 2025 les engag\u00e9s de courses cyclistes"},"content":{"rendered":"<p>&#13;<br \/>\n&#13;<\/p>\n<p>actu33186.<\/p>\n<p>&#13;<br \/>\n<img decoding=\"async\" loading=\"lazy\" src=\"https:\/\/www.europesays.com\/fr\/wp-content\/uploads\/2025\/08\/1755977770_875_coron-25-aout-2025-infos-de-courses-cyclistes.jpg\" alt=\"Coron 25 ao\u00fbt 2025 infos de courses cyclistes\"\/>&#13;<br \/>\n&#13;<\/p>\n<p>Liste des engag\u00e9s du Grand Prix Cycliste de la St Louis, course cycliste organis\u00e9e par le Comit\u00e9 des F\u00eates et l\u2019UC Cholet 49 \u00e0 Coron dans le Maine Et Loire (49) le lundi 25 ao\u00fbt 2025 pour les Elites, open et access.<\/p>\n<p>&#13;<br \/>\n&#13;<\/p>\n<p>\tLES ENGAGES<\/p>\n<tr>\n<td>\n<p>BOUFFANDEAU \u00b0 Natha<\/p>\n<\/td>\n<td>\n<p>FRA<\/p>\n<\/td>\n<td>\n<p>UNION CYCLISTE CHOLET 49<\/p>\n<\/td>\n<td>\n<p>Open<\/p>\n<\/td>\n<\/tr>\n<tr>\n<td>\n<p>BOUYER Math\u00e9o<\/p>\n<\/td>\n<td>\n<p>FRA<\/p>\n<\/td>\n<td>\n<p>UNION CYCLISTE CHOLET 49<\/p>\n<\/td>\n<td>\n<p>Open<\/p>\n<\/td>\n<\/tr>\n<tr>\n<td>\n<p>CHAUVAT Loevan<\/p>\n<\/td>\n<td>\n<p>FRA<\/p>\n<\/td>\n<td>\n<p>UNION CYCLISTE CHOLET 49<\/p>\n<\/td>\n<td>\n<p>Open<\/p>\n<\/td>\n<\/tr>\n<tr>\n<td>\n<p>CONOR Paul<\/p>\n<\/td>\n<td>\n<p>FRA<\/p>\n<\/td>\n<td>\n<p>UNION CYCLISTE CHOLET 49<\/p>\n<\/td>\n<td>\n<p>Elite<\/p>\n<\/td>\n<\/tr>\n<tr>\n<td>\n<p>DUBOIS Clement<\/p>\n<\/td>\n<td>\n<p>FRA<\/p>\n<\/td>\n<td>\n<p>UNION CYCLISTE CHOLET 49<\/p>\n<\/td>\n<td>\n<p>Elite<\/p>\n<\/td>\n<\/tr>\n<tr>\n<td>\n<p>GAREL Thomas<\/p>\n<\/td>\n<td>\n<p>FRA<\/p>\n<\/td>\n<td>\n<p>UNION CYCLISTE CHOLET 49<\/p>\n<\/td>\n<td>\n<p>Elite<\/p>\n<\/td>\n<\/tr>\n<tr>\n<td>\n<p>HERBRETEAU Victor<\/p>\n<\/td>\n<td>\n<p>FRA<\/p>\n<\/td>\n<td>\n<p>UNION CYCLISTE CHOLET 49<\/p>\n<\/td>\n<td>\n<p>Open<\/p>\n<\/td>\n<\/tr>\n<tr>\n<td>\n<p>LAJAUNIAS Valerian<\/p>\n<\/td>\n<td>\n<p>FRA<\/p>\n<\/td>\n<td>\n<p>UNION CYCLISTE CHOLET 49<\/p>\n<\/td>\n<td>\n<p>Elite<\/p>\n<\/td>\n<\/tr>\n<tr>\n<td>\n<p>LAURENDEAU Emilien<\/p>\n<\/td>\n<td>\n<p>FRA<\/p>\n<\/td>\n<td>\n<p>UNION CYCLISTE CHOLET 49<\/p>\n<\/td>\n<td>\n<p>Open<\/p>\n<\/td>\n<\/tr>\n<tr>\n<td>\n<p>LEBOUCHER Anatole<\/p>\n<\/td>\n<td>\n<p>FRA<\/p>\n<\/td>\n<td>\n<p>UNION CYCLISTE CHOLET 49<\/p>\n<\/td>\n<td>\n<p>Elite<\/p>\n<\/td>\n<\/tr>\n<tr>\n<td>\n<p>LEMPERIERE Jules<\/p>\n<\/td>\n<td>\n<p>FRA<\/p>\n<\/td>\n<td>\n<p>UNION CYCLISTE CHOLET 49<\/p>\n<\/td>\n<td>\n<p>Open<\/p>\n<\/td>\n<\/tr>\n<tr>\n<td>\n<p>ROY \u00b0 Axel<\/p>\n<\/td>\n<td>\n<p>FRA<\/p>\n<\/td>\n<td>\n<p>UNION CYCLISTE CHOLET 49<\/p>\n<\/td>\n<td>\n<p>Open<\/p>\n<\/td>\n<\/tr>\n<tr>\n<td>\n<p>SEGUIN Yanis<\/p>\n<\/td>\n<td>\n<p>FRA<\/p>\n<\/td>\n<td>\n<p>UNION CYCLISTE CHOLET 49<\/p>\n<\/td>\n<td>\n<p>Elite<\/p>\n<\/td>\n<\/tr>\n<tr>\n<td>\n<p>SOULARD Dorian<\/p>\n<\/td>\n<td>\n<p>FRA<\/p>\n<\/td>\n<td>\n<p>UNION CYCLISTE CHOLET 49<\/p>\n<\/td>\n<td>\n<p>Elite<\/p>\n<\/td>\n<\/tr>\n<tr>\n<td>\n<p>GABORIT * Steve<\/p>\n<\/td>\n<td>\n<p>FRA<\/p>\n<\/td>\n<td>\n<p>US ST PIERRE DES CORPS<\/p>\n<\/td>\n<td>\n<p>Access<\/p>\n<\/td>\n<\/tr>\n<tr>\n<td>\n<p>GABORIT * Sullivan<\/p>\n<\/td>\n<td>\n<p>FRA<\/p>\n<\/td>\n<td>\n<p>US ST PIERRE DES CORPS<\/p>\n<\/td>\n<td>\n<p>Access<\/p>\n<\/td>\n<\/tr>\n<tr>\n<td>\n<p>AUGIS Sylvain<\/p>\n<\/td>\n<td>\n<p>FRA<\/p>\n<\/td>\n<td>\n<p>VC LUCEEN<\/p>\n<\/td>\n<td>\n<p>Open<\/p>\n<\/td>\n<\/tr>\n<tr>\n<td>\n<p>LECOMTE Paul<\/p>\n<\/td>\n<td>\n<p>FRA<\/p>\n<\/td>\n<td>\n<p>VC LUCEEN<\/p>\n<\/td>\n<td>\n<p>Open<\/p>\n<\/td>\n<\/tr>\n<tr>\n<td>\n<p>MAISON Maxime<\/p>\n<\/td>\n<td>\n<p>FRA<\/p>\n<\/td>\n<td>\n<p>VC LUCEEN<\/p>\n<\/td>\n<td>\n<p>Open<\/p>\n<\/td>\n<\/tr>\n<tr>\n<td>\n<p>PLAISANT Lucas<\/p>\n<\/td>\n<td>\n<p>FRA<\/p>\n<\/td>\n<td>\n<p>VC LUCEEN<\/p>\n<\/td>\n<td>\n<p>Open<\/p>\n<\/td>\n<\/tr>\n<tr>\n<td>\n<p>BOLGIANI Ugo<\/p>\n<\/td>\n<td>\n<p>FRA<\/p>\n<\/td>\n<td>\n<p>VC PAYS DE LORIENT<\/p>\n<\/td>\n<td>\n<p>Open<\/p>\n<\/td>\n<\/tr>\n<tr>\n<td>\n<p>DEMARTY Alexis<\/p>\n<\/td>\n<td>\n<p>FRA<\/p>\n<\/td>\n<td>\n<p>VELO CLUB VERROIS<\/p>\n<\/td>\n<td>\n<p>Open<\/p>\n<\/td>\n<\/tr>\n<tr>\n<td>\n<p>DURET Sebastien<\/p>\n<\/td>\n<td>\n<p>FRA<\/p>\n<\/td>\n<td>\n<p>VELO CLUB VERROIS<\/p>\n<\/td>\n<td>\n<p>Open<\/p>\n<\/td>\n<\/tr>\n<tr>\n<td>\n<p>STOINSKI Nicolas<\/p>\n<\/td>\n<td>\n<p>FRA<\/p>\n<\/td>\n<td>\n<p>VELO SPORT VALLETAIS<\/p>\n<\/td>\n<td>\n<p>Open<\/p>\n<\/td>\n<\/tr>\n<tr>\n<td>\n<p>APPLENCOURT Ryan<\/p>\n<\/td>\n<td>\n<p>FRA<\/p>\n<\/td>\n<td>\n<p>A.PO.GE CYCLISTE<\/p>\n<\/td>\n<td>\n<p>Open<\/p>\n<\/td>\n<\/tr>\n<tr>\n<td>\n<p>MICHEL Quentin<\/p>\n<\/td>\n<td>\n<p>FRA<\/p>\n<\/td>\n<td>\n<p>BRESSUIRE AC<\/p>\n<\/td>\n<td>\n<p>Elite<\/p>\n<\/td>\n<\/tr>\n<tr>\n<td>\n<p>CHAMBON Lois<\/p>\n<\/td>\n<td>\n<p>FRA<\/p>\n<\/td>\n<td>\n<p>CYCLE POITEVIN<\/p>\n<\/td>\n<td>\n<p>Open<\/p>\n<\/td>\n<\/tr>\n<tr>\n<td>\n<p>GREGOIRE Maxime<\/p>\n<\/td>\n<td>\n<p>FRA<\/p>\n<\/td>\n<td>\n<p>CYCLE POITEVIN<\/p>\n<\/td>\n<td>\n<p>Open<\/p>\n<\/td>\n<\/tr>\n<tr>\n<td>\n<p>LECLABART Erwan<\/p>\n<\/td>\n<td>\n<p>FRA<\/p>\n<\/td>\n<td>\n<p>CYCLE POITEVIN<\/p>\n<\/td>\n<td>\n<p>Open<\/p>\n<\/td>\n<\/tr>\n<tr>\n<td>\n<p>CORMERAIS \u00b0 Maxime<\/p>\n<\/td>\n<td>\n<p>FRA<\/p>\n<\/td>\n<td>\n<p>GUIDON MACHECOULAIS<\/p>\n<\/td>\n<td>\n<p>Open<\/p>\n<\/td>\n<\/tr>\n<tr>\n<td>\n<p>FERREIRA Tiago<\/p>\n<\/td>\n<td>\n<p>FRA<\/p>\n<\/td>\n<td>\n<p>GUIDON MANSLOIS<\/p>\n<\/td>\n<td>\n<p>Elite<\/p>\n<\/td>\n<\/tr>\n<tr>\n<td>\n<p>JANVIER Julien<\/p>\n<\/td>\n<td>\n<p>FRA<\/p>\n<\/td>\n<td>\n<p>LA ROCHE SUR YON VENDEE CYCLISME<\/p>\n<\/td>\n<td>\n<p>Open<\/p>\n<\/td>\n<\/tr>\n<tr>\n<td>\n<p>KAKIZAKI Eug\u00e8ne<\/p>\n<\/td>\n<td>\n<p>JPN<\/p>\n<\/td>\n<td>\n<p>LA ROCHE SUR YON VENDEE CYCLISME<\/p>\n<\/td>\n<td>\n<p>Elite<\/p>\n<\/td>\n<\/tr>\n<tr>\n<td>\n<p>LEFORT Mallory<\/p>\n<\/td>\n<td>\n<p>FRA<\/p>\n<\/td>\n<td>\n<p>LES SABLES VENDEE CYCLISME<\/p>\n<\/td>\n<td>\n<p>Open<\/p>\n<\/td>\n<\/tr>\n<tr>\n<td>\n<p>DUCHEMIN Tristan<\/p>\n<\/td>\n<td>\n<p>FRA<\/p>\n<\/td>\n<td>\n<p>NANTES DOULON VS<\/p>\n<\/td>\n<td>\n<p>Open<\/p>\n<\/td>\n<\/tr>\n<tr>\n<td>\n<p>DUCHEMIN \u00b0 Nathan<\/p>\n<\/td>\n<td>\n<p>FRA<\/p>\n<\/td>\n<td>\n<p>NANTES DOULON VS<\/p>\n<\/td>\n<td>\n<p>Open<\/p>\n<\/td>\n<\/tr>\n<tr>\n<td>\n<p>GERBEAU * Yan<\/p>\n<\/td>\n<td>\n<p>FRA<\/p>\n<\/td>\n<td>\n<p>NANTES DOULON VS<\/p>\n<\/td>\n<td>\n<p>Access<\/p>\n<\/td>\n<\/tr>\n<tr>\n<td>\n<p>CADEAU Enzo<\/p>\n<\/td>\n<td>\n<p>FRA<\/p>\n<\/td>\n<td>\n<p>POLE CYCLISME SAUMUROIS<\/p>\n<\/td>\n<td>\n<p>Open<\/p>\n<\/td>\n<\/tr>\n<tr>\n<td>\n<p>BOSSARD Emile<\/p>\n<\/td>\n<td>\n<p>FRA<\/p>\n<\/td>\n<td>\n<p>SABLE SARTHE CYCLISME PDL<\/p>\n<\/td>\n<td>\n<p>Open<\/p>\n<\/td>\n<\/tr>\n<tr>\n<td>\n<p>SOUFFACHE Stellio<\/p>\n<\/td>\n<td>\n<p>FRA<\/p>\n<\/td>\n<td>\n<p>SABLE SARTHE CYCLISME PDL<\/p>\n<\/td>\n<td>\n<p>Open<\/p>\n<\/td>\n<\/tr>\n<tr>\n<td>\n<p>BERNAUDEAU Jocelyn<\/p>\n<\/td>\n<td>\n<p>FRA<\/p>\n<\/td>\n<td>\n<p>SCO CYCLISME ANGERS<\/p>\n<\/td>\n<td>\n<p>Open<\/p>\n<\/td>\n<\/tr>\n<tr>\n<td>\n<p>RIVIERE Maxence<\/p>\n<\/td>\n<td>\n<p>FRA<\/p>\n<\/td>\n<td>\n<p>SCO CYCLISME ANGERS<\/p>\n<\/td>\n<td>\n<p>Open<\/p>\n<\/td>\n<\/tr>\n<tr>\n<td>\n<p>CHARPENTIER Theo<\/p>\n<\/td>\n<td>\n<p>FRA<\/p>\n<\/td>\n<td>\n<p>TEAM DEUX SEVRES<\/p>\n<\/td>\n<td>\n<p>Open<\/p>\n<\/td>\n<\/tr>\n<tr>\n<td>\n<p>ENGEAMMES Antonin<\/p>\n<\/td>\n<td>\n<p>FRA<\/p>\n<\/td>\n<td>\n<p>TEAM DEUX SEVRES<\/p>\n<\/td>\n<td>\n<p>Open<\/p>\n<\/td>\n<\/tr>\n<tr>\n<td>\n<p>JAMIN Pierrick<\/p>\n<\/td>\n<td>\n<p>FRA<\/p>\n<\/td>\n<td>\n<p>TEAM DEUX SEVRES<\/p>\n<\/td>\n<td>\n<p>Elite<\/p>\n<\/td>\n<\/tr>\n<p>&#13;<br \/>\n&#13;<br \/>\n&#13;<br \/>\n&#13;<br \/>\n&#13;<br \/>\n&#13;<br \/>\n&#13;<br \/>\n&#13;<br \/>\n&#13;<br \/>\n&#13;<br \/>\n&#13;<br \/>\n&#13;<br \/>\n&#13;<br \/>\n&#13;<br \/>\n&#13;<br \/>\n&#13;<br \/>\nD&rsquo;autres Engag\u00e9s Route<img decoding=\"async\" loading=\"lazy\" src=\"https:\/\/www.europesays.com\/fr\/wp-content\/uploads\/2025\/08\/1755977771_26_st-brieuc-agglo-tour-23-et-24-aout-2024-guide-technique-00.jpg\" alt=\"St Brieuc Agglo Tour 23 et 24 ao\u00fbt 2024 guide technique 00\"\/><\/p>\n<p>vendredi 22 ao\u00fbt 2025<\/p>\n<p>St Brieuc Agglo Tour 23 et 24 ao\u00fbt 2025 les engag\u00e9s<img decoding=\"async\" loading=\"lazy\" src=\"https:\/\/www.europesays.com\/fr\/wp-content\/uploads\/2025\/08\/tour-poitou-charentes-26-29-aout-2025-guide-technique-01.jpg\" alt=\"Tour Poitou Charentes 26-29 ao\u00fbt 2025 guide technique 01\"\/><\/p>\n<p>vendredi 22 ao\u00fbt 2025<\/p>\n<p>Tour Poitou Charentes 26-29 ao\u00fbt 2025 les engag\u00e9s<img decoding=\"async\" loading=\"lazy\" src=\"https:\/\/www.europesays.com\/fr\/wp-content\/uploads\/2025\/08\/javene-criterium-de-bretagne-24-aout-2025-infos-infos-01.jpg\" alt=\"Javen\u00e9 Crit\u00e9rium de Bretagne 24 ao\u00fbt 2025 infos infos 01\"\/><\/p>\n<p>jeudi 21 ao\u00fbt 2025<\/p>\n<p>Javen\u00e9 Crit\u00e9rium de Bretagne 24 ao\u00fbt 2025 les engag\u00e9s&#13;<br \/>\n&#13;<\/p>\n","protected":false},"excerpt":{"rendered":"&#13; &#13; actu33186. &#13; &#13; &#13; Liste des engag\u00e9s du Grand Prix Cycliste de la St Louis, course&hellip;\n","protected":false},"author":2,"featured_media":339158,"comment_status":"","ping_status":"","sticky":false,"template":"","format":"standard","meta":{"footnotes":""},"categories":[1411],"tags":[1154,207,1011,27,60],"class_list":{"0":"post-339157","1":"post","2":"type-post","3":"status-publish","4":"format-standard","5":"has-post-thumbnail","7":"category-cyclisme","8":"tag-cycling","9":"tag-cyclisme","10":"tag-fr","11":"tag-france","12":"tag-sports"},"share_on_mastodon":{"url":"https:\/\/pubeurope.com\/@fr\/115079766688303457","error":""},"_links":{"self":[{"href":"https:\/\/www.europesays.com\/fr\/wp-json\/wp\/v2\/posts\/339157","targetHints":{"allow":["GET"]}}],"collection":[{"href":"https:\/\/www.europesays.com\/fr\/wp-json\/wp\/v2\/posts"}],"about":[{"href":"https:\/\/www.europesays.com\/fr\/wp-json\/wp\/v2\/types\/post"}],"author":[{"embeddable":true,"href":"https:\/\/www.europesays.com\/fr\/wp-json\/wp\/v2\/users\/2"}],"replies":[{"embeddable":true,"href":"https:\/\/www.europesays.com\/fr\/wp-json\/wp\/v2\/comments?post=339157"}],"version-history":[{"count":0,"href":"https:\/\/www.europesays.com\/fr\/wp-json\/wp\/v2\/posts\/339157\/revisions"}],"wp:featuredmedia":[{"embeddable":true,"href":"https:\/\/www.europesays.com\/fr\/wp-json\/wp\/v2\/media\/339158"}],"wp:attachment":[{"href":"https:\/\/www.europesays.com\/fr\/wp-json\/wp\/v2\/media?parent=339157"}],"wp:term":[{"taxonomy":"category","embeddable":true,"href":"https:\/\/www.europesays.com\/fr\/wp-json\/wp\/v2\/categories?post=339157"},{"taxonomy":"post_tag","embeddable":true,"href":"https:\/\/www.europesays.com\/fr\/wp-json\/wp\/v2\/tags?post=339157"}],"curies":[{"name":"wp","href":"https:\/\/api.w.org\/{rel}","templated":true}]}}