{"id":339165,"date":"2025-08-23T19:41:08","date_gmt":"2025-08-23T19:41:08","guid":{"rendered":"https:\/\/www.europesays.com\/fr\/339165\/"},"modified":"2025-08-23T19:41:08","modified_gmt":"2025-08-23T19:41:08","slug":"jen-ai-des-frissons-a-clere-les-pins-les-fans-de-lamour-est-dans-le-pre-rencontrent-les-anciens-participants-francebleu-fr","status":"publish","type":"post","link":"https:\/\/www.europesays.com\/fr\/339165\/","title":{"rendered":"&quot;J&#039;en ai des frissons&quot; : \u00e0 Cl\u00e9r\u00e9-les-pins, les fans de &quot;L&#039;amour est dans le pr\u00e9&quot; rencontrent les anciens participants &#8211; francebleu.fr"},"content":{"rendered":"<ol>\n<li><a href=\"https:\/\/news.google.com\/rss\/articles\/CBMi_AFBVV95cUxON1BNXy1yTjJ4TjFmdTYyMy1YSFJtcDRBS3prSjBHNngtc1F2eF9NelVuSnVQQ2lkSW9oTk9IMXJHTVhWS1A3eWM4R0l1dVVfRFhwYS1ZWDEweVBHMVZOMjBvT1A1U1o3VjBBUk5jcGhIWVhXc0gzM0ZUeFRwTUtzSzJ2dkdBYnJUM1VoN3Y2LWdDclY3VDE2RUFoem1LOUs3QU9TVmRaMWh6OXNDb3pUME1WMEw5SGN2ZjltdU9oV3BaQ2Q3b1lYek4yMEVBNDBJY1l1OWRDOVp1cUlJWmR1Z3pBVG5oSDBUQnZSclFZM3Jib2k5RkNheE9ocUU?oc=5\" target=\"_blank\" rel=\"nofollow noopener\">\u00ab\u00a0J&rsquo;en ai des frissons\u00a0\u00bb : \u00e0 Cl\u00e9r\u00e9-les-pins, les fans de \u00ab\u00a0L&rsquo;amour est dans le pr\u00e9\u00a0\u00bb rencontrent les anciens participants<\/a>&nbsp;&nbsp;francebleu.fr<\/li>\n<li><a href=\"https:\/\/news.google.com\/rss\/articles\/CBMirwFBVV95cUxNbEM2SkJjcG1rUVZpUUVBTzAzNE1YZFd5MGlLU0ZZVi1HZmJkNXplZHZHenFNZlF2endta3ZXNW1WZWVhY21PUV8wbm5qaWNzOEZXZ2laYlV4T2RoUmJhaUJMZWlzeE8zU0JTcWE2dVp1dU5RdVNxcDc3clotakFFbXlHWE1ORGtCdjJKMDBzLXozUkVUdVlyd2FCMTh5bVliTUxpTERpcWNaM0xTejhn?oc=5\" target=\"_blank\" rel=\"nofollow noopener\">CARTE. Que faire le week-end du 22 au 24 ao\u00fbt dans l\u2019Indre ?<\/a>&nbsp;&nbsp;lanouvellerepublique.fr<\/li>\n<li><a href=\"https:\/\/news.google.com\/rss\/articles\/CBMi3wFBVV95cUxOUTZPTm5jNmJ5SEhEWDVvcE85V0JWNEtSSFRtUDNfR1pQYldDb210XzkxT19HMHlLdVM5N2xBV3ZxdTA0TmpieE14SDJ5ZlIwejVpeE50WG94anJvdUsybmFpc3hiRzNmWXBsYWFyVWZaOVNwcmQ3bDB4eWpfQjh5cV9DT2NZanJ2eUpDYmFUMU5RUHZOamRmcnpSVWg2dkMxbVpDRVlmWTNlS2hXRU56NU10UUZhWjlJeEs4dGdkbEp5VmFRRVoyXzFLc3RwS0hGTGNCWTJhdnFNdW9tU1RR?oc=5\" target=\"_blank\" rel=\"nofollow noopener\">Stars de \u00ab L\u2019Amour est dans le pr\u00e9 \u00bb, feu d\u2019artifice et festival : 3 id\u00e9es pour sortir ce week-end en Touraine<\/a>&nbsp;&nbsp;Info Tours<\/li>\n<li><a href=\"https:\/\/news.google.com\/rss\/articles\/CBMikAFBVV95cUxNY1NtbU1pOFpiazU1LXJleU5NRmlQWWJNSXQ4Yi1MMEo0QW1UellvVk1UeVlKdFFRVm1EODNPejFLZGs3RThSTFBTY1ZINDR5dlRRSEJ1WURyaENmczdHTFh3WTlGSG5iV0JDb01rMjlmcldjdTNuYlRhcDY0UERhWHczSmRvM3FKOVBTR1BENUM?oc=5\" target=\"_blank\" rel=\"nofollow noopener\">Indre-et-Loire : Les \u00e9v\u00e9nements pour la semaine du lundi 18 ao\u00fbt au dimanche 24 ao\u00fbt 2025<\/a>&nbsp;&nbsp;Yahoo Actualit\u00e9s<\/li>\n<li><a href=\"https:\/\/news.google.com\/rss\/articles\/CBMiogJBVV95cUxQQWRpOWFXX1NuM1dnblhxRVg3V2lvN0ZuWkc1V0h4TWpqZTNseGFTak1oZ0F4UXJIdndyZWQwNk1Yb3VCd1lhazVLdUtRa2JUdGJNVDQ5dWttN1Yya3hjSUMxQlc3cmZILXhnaFJ0Z1VUakU1LUV3SHlWRm0yUFhtOHZkaXhha01zSDRBcGR1NWhrZTRFQjZTTkhrdXZ4Q2VTQ3M2WGtkQTZWV1dUV3NzM3pXYWhLbUo2cmpJWHZMRmhFenZtX0laeFlIWEpnbUlJZ0FXaFppZkQ0ZXc3ck1tbDRiQzlTUlJDcWh6UkRRcHFJQUNOcmlRZVJEQ3IzQmUtUlB4Y00zZGE0NDFoRTdZYk9WVzdfVHZVUW5XVGJkeFY2QQ?oc=5\" target=\"_blank\" rel=\"nofollow noopener\">Un grand march\u00e9 ce week-end avec les agriculteurs de \u00ab\u00a0L\u2019Amour est dans le pr\u00e9\u00a0\u00bb chez Manuela dans l\u2019Indre-et-Loire<\/a>&nbsp;&nbsp;lanouvellerepublique.fr<\/li>\n<\/ol>\n","protected":false},"excerpt":{"rendered":"\u00ab\u00a0J&rsquo;en ai des frissons\u00a0\u00bb : \u00e0 Cl\u00e9r\u00e9-les-pins, les fans de \u00ab\u00a0L&rsquo;amour est dans le pr\u00e9\u00a0\u00bb rencontrent les anciens&hellip;\n","protected":false},"author":2,"featured_media":1445,"comment_status":"","ping_status":"","sticky":false,"template":"","format":"standard","meta":{"footnotes":""},"categories":[1356],"tags":[58,59,1011,27,252,1364],"class_list":{"0":"post-339165","1":"post","2":"type-post","3":"status-publish","4":"format-standard","5":"has-post-thumbnail","7":"category-television","8":"tag-divertissement","9":"tag-entertainment","10":"tag-fr","11":"tag-france","12":"tag-television","13":"tag-tv"},"share_on_mastodon":{"url":"https:\/\/pubeurope.com\/@fr\/115079786246972729","error":""},"_links":{"self":[{"href":"https:\/\/www.europesays.com\/fr\/wp-json\/wp\/v2\/posts\/339165","targetHints":{"allow":["GET"]}}],"collection":[{"href":"https:\/\/www.europesays.com\/fr\/wp-json\/wp\/v2\/posts"}],"about":[{"href":"https:\/\/www.europesays.com\/fr\/wp-json\/wp\/v2\/types\/post"}],"author":[{"embeddable":true,"href":"https:\/\/www.europesays.com\/fr\/wp-json\/wp\/v2\/users\/2"}],"replies":[{"embeddable":true,"href":"https:\/\/www.europesays.com\/fr\/wp-json\/wp\/v2\/comments?post=339165"}],"version-history":[{"count":0,"href":"https:\/\/www.europesays.com\/fr\/wp-json\/wp\/v2\/posts\/339165\/revisions"}],"wp:featuredmedia":[{"embeddable":true,"href":"https:\/\/www.europesays.com\/fr\/wp-json\/wp\/v2\/media\/1445"}],"wp:attachment":[{"href":"https:\/\/www.europesays.com\/fr\/wp-json\/wp\/v2\/media?parent=339165"}],"wp:term":[{"taxonomy":"category","embeddable":true,"href":"https:\/\/www.europesays.com\/fr\/wp-json\/wp\/v2\/categories?post=339165"},{"taxonomy":"post_tag","embeddable":true,"href":"https:\/\/www.europesays.com\/fr\/wp-json\/wp\/v2\/tags?post=339165"}],"curies":[{"name":"wp","href":"https:\/\/api.w.org\/{rel}","templated":true}]}}