{"id":339179,"date":"2025-08-23T19:49:08","date_gmt":"2025-08-23T19:49:08","guid":{"rendered":"https:\/\/www.europesays.com\/fr\/339179\/"},"modified":"2025-08-23T19:49:08","modified_gmt":"2025-08-23T19:49:08","slug":"en-tant-que-mere-que-femme-et-comme-etre-humain-emine-erdogan-exhorte-melania-trump-a-plaider-la-cause-des-enfants-de-gaza-le-figaro","status":"publish","type":"post","link":"https:\/\/www.europesays.com\/fr\/339179\/","title":{"rendered":"\u00abEn tant que m\u00e8re, que femme et comme \u00eatre humain\u00bb : Emine Erdogan exhorte Melania Trump \u00e0 plaider la cause des enfants de Gaza &#8211; Le Figaro"},"content":{"rendered":"<ol>\n<li><a href=\"https:\/\/news.google.com\/rss\/articles\/CBMi_gFBVV95cUxQLUZzTmU1b19JSElUemhZTHBpQ1h6cmtuUHk5RUNrYjQxX1VmUVFDSExPQ08yNWhfeHdXTlRyZXpnem5MUmNEWGdfaUxZSHRnTmR0bnZwV0pvQ2dUS1YyS0o2NWhSNmoyYkNvUkcyR1JBYU15R1BraTlsR0wwb1VERkN2ZVVad1VCZEFXaEEtNGR1UE9CUnNiQ2s1QksyOEFxY04yV3ptVXJPWk9oclFGSWRUOUZUSDliUDZ6b0p4SGFMVWowWm1WSkRYMWhwbGh3YnZETFIxQjRjUUREUzdKZ1hsYkFfaEtnT0o3WDhYTl9wWThFVXdLLWo1Q0pWZw?oc=5\" target=\"_blank\" rel=\"nofollow noopener\">\u00abEn tant que m\u00e8re, que femme et comme \u00eatre humain\u00bb : Emine Erdogan exhorte Melania Trump \u00e0 plaider la cause des enfants de Gaza<\/a>&nbsp;&nbsp;Le Figaro<\/li>\n<li><a href=\"https:\/\/news.google.com\/rss\/articles\/CBMiywFBVV95cUxQeVB0VnZXem5qY3FFWm1xdVU1UE9QUkRydDVkWW8yR2swaEl0X29EemZFOERSbHN6OXF5anRFUXBtZVF6alJtMFFFeTNPME4wckJncTdqQkVEM1E5RTZkbENYTXpTTnVsek11MHZtQXpWbS1qYXZ5cmNtUmpjeVMzVk5HQ2JPTmc5cE5yWGh1NnhIUWhqNnRDMnE0Um5MbmgxT1l5S3NfSmpIQk5KNW9VMExJT2kzTmdqQk5PMGY2bjI0YlZNTzR1Y1ZGNA?oc=5\" target=\"_blank\" rel=\"nofollow noopener\">La Premi\u00e8re Dame Turque Appelle Melania Trump \u00c0 Intervenir Pour Gaza<\/a>&nbsp;&nbsp;i24NEWS<\/li>\n<li><a href=\"https:\/\/news.google.com\/rss\/articles\/CBMiwgFBVV95cUxNNTRMdUZMLThvQ1kxR0laWDNUVGFBSmlBcGRMZHpWdHYzek1YRm5uMWJXWEJjNFltakJKX3BlMFd4NjFZZk4zSVdqYmhWczc5VEE5YlZWdzVweVc4VDFxNEQ1LUwyNnVNNG9ZdTFIT3JNaW8zNHFHSE9PLTI0UUlkYTl5X0JtX0U2RGZFX1Ateld2VmtLUUNPdkljTWFSekxadXJMb1IyLTJScGlabzJKYlZmYWlHY0FlV3JWb0NwTHIyUQ?oc=5\" target=\"_blank\" rel=\"nofollow noopener\">Emine Erdogan en appelle \u00e0 Melania Trump pour les enfants de Gaza<\/a>&nbsp;&nbsp;20 Minutes<\/li>\n<li><a href=\"https:\/\/news.google.com\/rss\/articles\/CBMi2AFBVV95cUxOMGp3UWhhNWZfWElaMTFhcGg2bnZlY1NpX296ck1QSWNNSGd6N056MFJYeDVGQlRaZ1h5ZGlFQXVVU0dmWUxkVmYzWHUwYXhVLWNSdFc4NW1pdm5heGowVFlKVzVrU3ZwNGRGRXdmNzI2d2hfNW5jUzgwZEM4U0tOZzhXU0lwNldBZE8tYU92N0l4RUJIUzQ3d2tmNjV3ZVhwUUpoUFJRRVR2VmR0RWdLZU5RTXBPdEFtOWI0T2xpbGR6UXRlU0JKbE12VndHbFM0a2NOLWR6RWM?oc=5\" target=\"_blank\" rel=\"nofollow noopener\">Le Croissant-Rouge turc livre chaque jour des repas chauds \u00e0 l\u2019h\u00f4pital Al-Quds \u00e0 Gaza<\/a>&nbsp;&nbsp;Anadolu Ajans\u0131<\/li>\n<li><a href=\"https:\/\/news.google.com\/rss\/articles\/CBMiY0FVX3lxTFBqZl9YWllBN1FoakdRQU1INHNYMjZsRkVrSGEzaEl6TFZoaFJ2eDV2ZlU3T2RaVFlYRzR6bXVDN3NhN1VHaEdMLUFPc0R5OVRnZjBHcHF0LWhrOTNkZlpOektPQQ?oc=5\" target=\"_blank\" rel=\"nofollow noopener\">Des savants r\u00e9unis \u00e0 Istanbul appellent \u00e0 une aide urgente pour Gaza<\/a>&nbsp;&nbsp;TRT Global<\/li>\n<\/ol>\n","protected":false},"excerpt":{"rendered":"\u00abEn tant que m\u00e8re, que femme et comme \u00eatre humain\u00bb : Emine Erdogan exhorte Melania Trump \u00e0 plaider&hellip;\n","protected":false},"author":2,"featured_media":1445,"comment_status":"","ping_status":"","sticky":false,"template":"","format":"standard","meta":{"footnotes":""},"categories":[5],"tags":[11,1011,27,14,12,28],"class_list":{"0":"post-339179","1":"post","2":"type-post","3":"status-publish","4":"format-standard","5":"has-post-thumbnail","7":"category-international","8":"tag-actualites","9":"tag-fr","10":"tag-france","11":"tag-international","12":"tag-news","13":"tag-world"},"share_on_mastodon":{"url":"https:\/\/pubeurope.com\/@fr\/115079817713140909","error":""},"_links":{"self":[{"href":"https:\/\/www.europesays.com\/fr\/wp-json\/wp\/v2\/posts\/339179","targetHints":{"allow":["GET"]}}],"collection":[{"href":"https:\/\/www.europesays.com\/fr\/wp-json\/wp\/v2\/posts"}],"about":[{"href":"https:\/\/www.europesays.com\/fr\/wp-json\/wp\/v2\/types\/post"}],"author":[{"embeddable":true,"href":"https:\/\/www.europesays.com\/fr\/wp-json\/wp\/v2\/users\/2"}],"replies":[{"embeddable":true,"href":"https:\/\/www.europesays.com\/fr\/wp-json\/wp\/v2\/comments?post=339179"}],"version-history":[{"count":0,"href":"https:\/\/www.europesays.com\/fr\/wp-json\/wp\/v2\/posts\/339179\/revisions"}],"wp:featuredmedia":[{"embeddable":true,"href":"https:\/\/www.europesays.com\/fr\/wp-json\/wp\/v2\/media\/1445"}],"wp:attachment":[{"href":"https:\/\/www.europesays.com\/fr\/wp-json\/wp\/v2\/media?parent=339179"}],"wp:term":[{"taxonomy":"category","embeddable":true,"href":"https:\/\/www.europesays.com\/fr\/wp-json\/wp\/v2\/categories?post=339179"},{"taxonomy":"post_tag","embeddable":true,"href":"https:\/\/www.europesays.com\/fr\/wp-json\/wp\/v2\/tags?post=339179"}],"curies":[{"name":"wp","href":"https:\/\/api.w.org\/{rel}","templated":true}]}}