{"id":339184,"date":"2025-08-23T19:52:14","date_gmt":"2025-08-23T19:52:14","guid":{"rendered":"https:\/\/www.europesays.com\/fr\/339184\/"},"modified":"2025-08-23T19:52:14","modified_gmt":"2025-08-23T19:52:14","slug":"roche-la-moliere-julien-chopy-devient-le-nouveau-chef-du-centre-dincendie-et-de-secours","status":"publish","type":"post","link":"https:\/\/www.europesays.com\/fr\/339184\/","title":{"rendered":"Roche-la-Moli\u00e8re. Julien Chopy devient le nouveau chef du centre d\u2019incendie et de secours"},"content":{"rendered":"<blockquote class=\"question\"><p>Tout d\u2019abord, pouvez-vous vous pr\u00e9senter\u00a0?<\/p><\/blockquote>\n<p>\u00ab\u00a0Je suis \u00e2g\u00e9 de 48 ans et j\u2019ai commenc\u00e9 ma carri\u00e8re en tant que sapeur-pompier volontaire \u00e0 Saint-Christo-en-Jarez. J\u2019ai r\u00e9ussi le concours de lieutenant en 2010 \u00e0 la suite duquel j\u2019ai \u00e9t\u00e9 recrut\u00e9 par le Sdis (Service d\u00e9partemental d\u2019incendie et de secours, ndlr) de la Loire en tant qu\u2019officier en charge de la formation au centre d\u2019incendie et de secours de S\u00e9verine.<\/p>\n<p>Je suis titulaire d\u2019une licence de g\u00e9ographie et d\u2019un master syst\u00e8mes d\u2019information g\u00e9ographique. Avant d\u2019\u00eatre nomm\u00e9 chef de centre du Berland par le g\u00e9n\u00e9ral \u00c9ric Meunier, directeur du Sdis, j\u2019ai \u00e9t\u00e9 officier pr\u00e9ventionniste. Je suis aussi chef de la&#8230;<\/p>\n","protected":false},"excerpt":{"rendered":"Tout d\u2019abord, pouvez-vous vous pr\u00e9senter\u00a0? \u00ab\u00a0Je suis \u00e2g\u00e9 de 48 ans et j\u2019ai commenc\u00e9 ma carri\u00e8re en tant&hellip;\n","protected":false},"author":2,"featured_media":339185,"comment_status":"","ping_status":"","sticky":false,"template":"","format":"standard","meta":{"footnotes":""},"categories":[9653],"tags":[1111,11,2430,7539,436,1777,674,1011,27,12,25,12490,12491,4001],"class_list":{"0":"post-339184","1":"post","2":"type-post","3":"status-publish","4":"format-standard","5":"has-post-thumbnail","7":"category-saint-etienne","8":"tag-actu","9":"tag-actualites","10":"tag-auvergne-rhone-alpes","11":"tag-edition-loire-sud","12":"tag-environnement","13":"tag-eu","14":"tag-europe","15":"tag-fr","16":"tag-france","17":"tag-news","18":"tag-republique-francaise","19":"tag-roche-la-moliere","20":"tag-roche-la-moliere-bassin","21":"tag-saint-etienne"},"share_on_mastodon":{"url":"https:\/\/pubeurope.com\/@fr\/115079829518403406","error":""},"_links":{"self":[{"href":"https:\/\/www.europesays.com\/fr\/wp-json\/wp\/v2\/posts\/339184","targetHints":{"allow":["GET"]}}],"collection":[{"href":"https:\/\/www.europesays.com\/fr\/wp-json\/wp\/v2\/posts"}],"about":[{"href":"https:\/\/www.europesays.com\/fr\/wp-json\/wp\/v2\/types\/post"}],"author":[{"embeddable":true,"href":"https:\/\/www.europesays.com\/fr\/wp-json\/wp\/v2\/users\/2"}],"replies":[{"embeddable":true,"href":"https:\/\/www.europesays.com\/fr\/wp-json\/wp\/v2\/comments?post=339184"}],"version-history":[{"count":0,"href":"https:\/\/www.europesays.com\/fr\/wp-json\/wp\/v2\/posts\/339184\/revisions"}],"wp:featuredmedia":[{"embeddable":true,"href":"https:\/\/www.europesays.com\/fr\/wp-json\/wp\/v2\/media\/339185"}],"wp:attachment":[{"href":"https:\/\/www.europesays.com\/fr\/wp-json\/wp\/v2\/media?parent=339184"}],"wp:term":[{"taxonomy":"category","embeddable":true,"href":"https:\/\/www.europesays.com\/fr\/wp-json\/wp\/v2\/categories?post=339184"},{"taxonomy":"post_tag","embeddable":true,"href":"https:\/\/www.europesays.com\/fr\/wp-json\/wp\/v2\/tags?post=339184"}],"curies":[{"name":"wp","href":"https:\/\/api.w.org\/{rel}","templated":true}]}}