{"id":339186,"date":"2025-08-23T19:53:15","date_gmt":"2025-08-23T19:53:15","guid":{"rendered":"https:\/\/www.europesays.com\/fr\/339186\/"},"modified":"2025-08-23T19:53:15","modified_gmt":"2025-08-23T19:53:15","slug":"une-signature-tombee-du-ciel-dans-la-quete-dun-retour-en-l1","status":"publish","type":"post","link":"https:\/\/www.europesays.com\/fr\/339186\/","title":{"rendered":"Une signature tomb\u00e9e du ciel dans la qu\u00eate d&rsquo;un retour en L1 !"},"content":{"rendered":"<p>L\u00a0\u00bbAS Saint-\u00c9tienne continue de structurer son effectif pour son retour esp\u00e9r\u00e9 en Ligue 1, et l&rsquo;arriv\u00e9e de <strong>Jo\u00e3o Ferreira<\/strong> lors de ce mercato constitue une surprise de taille pour les supporters st\u00e9phanois. L&rsquo;ancien lat\u00e9ral droit de <strong>Watford<\/strong>, qui s&rsquo;est pr\u00e9sent\u00e9 en conf\u00e9rence de presse ce jeudi aux c\u00f4t\u00e9s de son nouvel entra\u00eeneur <strong>Eirik Horneland<\/strong>, apporte une dimension internationale \u00e0 un groupe ambitieux. Cette recrue inattendue s&rsquo;inscrit dans la strat\u00e9gie globale du club lig\u00e9rien, qui se pr\u00e9pare \u00e0 affronter <strong>Boulogne-sur-Mer samedi soir<\/strong> pour le compte de la troisi\u00e8me journ\u00e9e de Ligue 2. Le profil exp\u00e9riment\u00e9 du d\u00e9fenseur portugais, pass\u00e9 notamment par la Serie A italienne, repr\u00e9sente un atout consid\u00e9rable pour une \u00e9quipe qui nourrit de grandes ambitions de remont\u00e9e dans l&rsquo;\u00e9lite du football fran\u00e7ais.<\/p>\n<p>                                <img decoding=\"async\" src=\"https:\/\/www.europesays.com\/fr\/wp-content\/uploads\/2025\/04\/1744123449_543_logo.png\" alt=\"Logo\"\/><\/p>\n<p>100\u20ac offerts sur ton 1er pari !<\/p>\n<p>                            <a href=\"https:\/\/bit.ly\/4j5wl4k\" class=\"headband-button\" rel=\"nofollow noopener\" target=\"_blank\">J&rsquo;en profite<\/a><\/p>\n<p>                                                                <img loading=\"lazy\" decoding=\"async\" src=\"https:\/\/www.europesays.com\/fr\/wp-content\/uploads\/2025\/08\/mercato-asse-une-signature-tombee-du-ciel-dans-la-quete-d-un-retour-en-l1.jpg\" alt=\"Illustration : &quot;Mercato ASSE : Une signature tomb\u00e9e du ciel dans la qu\u00eate d'un retour en L1 !&quot;\" class=\"figure-img img-fluid\" width=\"780\" height=\"478\"\/><\/p>\n<p>                                    \u00a9 Site officiel de l&rsquo;ASSE                                <\/p>\n<p>Un profil polyvalent au service du collectif st\u00e9phanois<\/p>\n<p>Jo\u00e3o Ferreira n&rsquo;a pas h\u00e9sit\u00e9 \u00e0 d\u00e9tailler ses qualit\u00e9s lors de sa premi\u00e8re prise de parole officielle sous les couleurs vertes. \u00ab\u00a0Si je devais me d\u00e9crire, je dirais que je suis un joueur plut\u00f4t rapide, qui aime travailler pour l&rsquo;\u00e9quipe\u00a0\u00bb, a-t-il confi\u00e9, mettant d&#8217;embl\u00e9e l&rsquo;accent sur son \u00e9tat d&rsquo;esprit collectif. Le lat\u00e9ral droit de <strong>29 ans<\/strong> se distingue par sa philosophie de jeu, privil\u00e9giant l&rsquo;int\u00e9r\u00eat g\u00e9n\u00e9ral \u00e0 la performance individuelle. \u00ab\u00a0Je ne suis pas un joueur trop centr\u00e9 sur lui-m\u00eame, j&rsquo;essaie de vraiment jouer pour l&rsquo;\u00e9quipe\u00a0\u00bb, pr\u00e9cise-t-il, une mentalit\u00e9 qui devrait parfaitement s&rsquo;int\u00e9grer dans le projet d&rsquo;Eirik Horneland. Ses qualit\u00e9s physiques constituent \u00e9galement un atout majeur pour l&rsquo;ASSE, le joueur \u00e9voquant sa <strong>rapidit\u00e9 et sa puissance<\/strong> comme des armes offensives et d\u00e9fensives. Cette polyvalence lui permet d&rsquo;envisager un r\u00f4le complet sur son flanc droit, capable d&rsquo;apporter tant en phase d\u00e9fensive qu&rsquo;en soutien offensif, m\u00eame s&rsquo;il reconna\u00eet humblement avoir <strong>encore beaucoup de progr\u00e8s \u00e0 faire<\/strong>.<\/p>\n<p>Une vision lucide du championnat fran\u00e7ais et de ses exigences<\/p>\n<p>L&rsquo;international portugais d\u00e9montre une parfaite connaissance du contexte dans lequel il \u00e9volue d\u00e9sormais, analysant avec pertinence les sp\u00e9cificit\u00e9s du football fran\u00e7ais. \u00ab\u00a0Le football fran\u00e7ais est assez regard\u00e9 dans le monde. C&rsquo;est une comp\u00e9tition avec beaucoup de bonnes \u00e9quipes qui vont souvent loin dans les comp\u00e9titions europ\u00e9ennes\u00a0\u00bb, observe-t-il, t\u00e9moignant de son respect pour le niveau g\u00e9n\u00e9ral de la Ligue 1. Concernant la <strong>Ligue 2<\/strong>, championnat qu&rsquo;il d\u00e9couvre cette saison, Ferreira fait preuve de r\u00e9alisme en reconnaissant qu&rsquo;il s&rsquo;agit \u00ab\u00a0\u00e9videmment d&rsquo;un championnat moins expos\u00e9, avec des \u00e9quipes qui sont un peu moins fortes\u00a0\u00bb. Cependant, son exp\u00e9rience internationale lui permet d&rsquo;identifier les pi\u00e8ges de cette division, qu&rsquo;il per\u00e7oit comme <strong>tr\u00e8s disput\u00e9e<\/strong> et exigeant une concentration maximale. Cette analyse t\u00e9moigne de sa maturit\u00e9 tactique et de sa capacit\u00e9 d&rsquo;adaptation, des qualit\u00e9s essentielles pour un joueur appel\u00e9 \u00e0 jouer un r\u00f4le important dans la qu\u00eate de promotion de l&rsquo;ASSE vers l&rsquo;\u00e9lite du football fran\u00e7ais.<\/p>\n<p>Un projet commun entre ambitions personnelles et objectifs du club<\/p>\n<p>Le choix de Jo\u00e3o Ferreira de rejoindre Saint-\u00c9tienne ne rel\u00e8ve pas du hasard, mais d&rsquo;une r\u00e9flexion m\u00fbrie sur sa carri\u00e8re et ses aspirations futures. \u00ab\u00a0En regardant ma carri\u00e8re, je me suis dit que j&rsquo;\u00e9tais \u00e0 un moment o\u00f9 j&rsquo;avais besoin d&rsquo;un peu plus de consistance dans mon jeu\u00a0\u00bb, explique-t-il, r\u00e9v\u00e9lant une d\u00e9marche personnelle de progression. L&rsquo;<strong>objectif de remont\u00e9e en Ligue 1<\/strong> port\u00e9 par l&rsquo;ASSE correspond parfaitement \u00e0 ses attentes, cr\u00e9ant selon ses mots une compatibilit\u00e9 entre <strong>leurs deux destins<\/strong>. Son exp\u00e9rience en Serie A italienne, qu&rsquo;il consid\u00e8re comme formatrice, lui permet d&rsquo;apporter des qualit\u00e9s sp\u00e9cifiques \u00e0 l&rsquo;\u00e9quipe st\u00e9phanoise. \u00ab\u00a0Il y a beaucoup d&rsquo;intensit\u00e9, beaucoup de s\u00e9rieux, beaucoup de concentration et c&rsquo;est peut-\u00eatre quelque chose que je peux apporter \u00e0 l&rsquo;\u00e9quipe\u00a0\u00bb, souligne-t-il, conscient de la valeur ajout\u00e9e que repr\u00e9sente son parcours international pour un groupe en qu\u00eate de professionnalisme et d&rsquo;exigence.<\/p>\n<p>La Ligue 2 a repris ses droits et l\u2019ASSE n\u2019a fait qu\u2019une bouch\u00e9e de Rodez pour la 2\u00e8me journ\u00e9e de championnat. Pour cette saison 2025-2026, profitez de 100\u20ac offerts pour votre premi\u00e8re inscription sur Parions Sport en Ligne. <a href=\"http:\/\/bit.ly\/4hgs1yE\" rel=\"nofollow noopener\" target=\"_blank\"><strong>L\u2019ASSE valide son ticket pour la L1 en finissant 1\u00e8re de L2 ? Pariez sur une mont\u00e9e des Verts couronn\u00e9e d\u2019un sacre en L2 vous rapporte jusqu\u2019\u00e0 450\u20ac !<\/strong><\/a><\/p>\n<p><strong>Pour en profiter, c\u2019est tr\u00e8s simple :<\/strong><\/p>\n<p>&#8211;              Cr\u00e9ez votre compte joueur en seulement 2 \u00e9tapes <a href=\"http:\/\/bit.ly\/4hgs1yE\" rel=\"nofollow noopener\" target=\"_blank\"><strong>ici<\/strong><\/a><\/p>\n<p>&#8211;              R\u00e9alisez votre 1er d\u00e9p\u00f4t puis placez votre 1er pari (Minimum 5\u20ac)<\/p>\n<p>&#8211;              Une fois votre 1er d\u00e9p\u00f4t et votre 1er pari r\u00e9alis\u00e9s, l\u2019int\u00e9gralit\u00e9 du montant de ce 1er pari sera cr\u00e9dit\u00e9e sur votre compte joueur dans la limite de 100\u20ac maximum et sous la forme de cr\u00e9dits de jeu non retirables. Le cr\u00e9dit s\u2019effectuera alors en une seule \u00e9tape et sous 3 jours<\/p>\n<p>Jouer comporte des risques : endettement, d\u00e9pendance\u2026 Appelez le 09 74 75 13 13 (appel non surtax\u00e9)<\/p>\n","protected":false},"excerpt":{"rendered":"L\u00a0\u00bbAS Saint-\u00c9tienne continue de structurer son effectif pour son retour esp\u00e9r\u00e9 en Ligue 1, et l&rsquo;arriv\u00e9e de Jo\u00e3o&hellip;\n","protected":false},"author":2,"featured_media":339187,"comment_status":"","ping_status":"","sticky":false,"template":"","format":"standard","meta":{"footnotes":""},"categories":[9653],"tags":[1111,11,2430,1777,674,1011,27,12,25,4001],"class_list":{"0":"post-339186","1":"post","2":"type-post","3":"status-publish","4":"format-standard","5":"has-post-thumbnail","7":"category-saint-etienne","8":"tag-actu","9":"tag-actualites","10":"tag-auvergne-rhone-alpes","11":"tag-eu","12":"tag-europe","13":"tag-fr","14":"tag-france","15":"tag-news","16":"tag-republique-francaise","17":"tag-saint-etienne"},"share_on_mastodon":{"url":"https:\/\/pubeurope.com\/@fr\/115079833485890729","error":""},"_links":{"self":[{"href":"https:\/\/www.europesays.com\/fr\/wp-json\/wp\/v2\/posts\/339186","targetHints":{"allow":["GET"]}}],"collection":[{"href":"https:\/\/www.europesays.com\/fr\/wp-json\/wp\/v2\/posts"}],"about":[{"href":"https:\/\/www.europesays.com\/fr\/wp-json\/wp\/v2\/types\/post"}],"author":[{"embeddable":true,"href":"https:\/\/www.europesays.com\/fr\/wp-json\/wp\/v2\/users\/2"}],"replies":[{"embeddable":true,"href":"https:\/\/www.europesays.com\/fr\/wp-json\/wp\/v2\/comments?post=339186"}],"version-history":[{"count":0,"href":"https:\/\/www.europesays.com\/fr\/wp-json\/wp\/v2\/posts\/339186\/revisions"}],"wp:featuredmedia":[{"embeddable":true,"href":"https:\/\/www.europesays.com\/fr\/wp-json\/wp\/v2\/media\/339187"}],"wp:attachment":[{"href":"https:\/\/www.europesays.com\/fr\/wp-json\/wp\/v2\/media?parent=339186"}],"wp:term":[{"taxonomy":"category","embeddable":true,"href":"https:\/\/www.europesays.com\/fr\/wp-json\/wp\/v2\/categories?post=339186"},{"taxonomy":"post_tag","embeddable":true,"href":"https:\/\/www.europesays.com\/fr\/wp-json\/wp\/v2\/tags?post=339186"}],"curies":[{"name":"wp","href":"https:\/\/api.w.org\/{rel}","templated":true}]}}