{"id":33919,"date":"2025-04-18T11:15:23","date_gmt":"2025-04-18T11:15:23","guid":{"rendered":"https:\/\/www.europesays.com\/fr\/33919\/"},"modified":"2025-04-18T11:15:23","modified_gmt":"2025-04-18T11:15:23","slug":"de-monet-au-bresil-de-lesclavage-et-de-la-bossa-nova-laixois-jean-paul-delfino-publie-quatre-nouveaux-livres","status":"publish","type":"post","link":"https:\/\/www.europesays.com\/fr\/33919\/","title":{"rendered":"De Monet au Br\u00e9sil de l\u2019esclavage et de la bossa-nova, l\u2019Aixois Jean-Paul Delfino publie quatre nouveaux livres"},"content":{"rendered":"<p>Infatigable <a href=\"https:\/\/www.laprovence.com\/article\/region\/4471468479639815\/laixois-et-ecrivain-jean-paul-delfino-presente-le-destin-de-suzanne-valadon-dans-laffranchie-de-montmartre\" target=\"_blank\" rel=\"noopener\">Jean-Paul Delfino<\/a>\u00a0! Voil\u00e0 l\u2019\u00e9crivain aixois qui, publiant ouvrage sur ouvrage, prom\u00e8ne son lecteur entre fiction, portraits de l\u00e9gendes de la musique br\u00e9silienne, et plong\u00e9e au c\u0153ur de l\u2019\u0153uvre de Monet. Intitul\u00e9 Monet, peindre la lumi\u00e8re, enrichi des illustrations d\u2019artistes sign\u00e9es Eric Roux-Fontaine dont on saluera le travail exemplaire d\u2019accompagnement du texte, l\u2019ouvrage paru fin\u00a02024 fixe sa narration sur les derni\u00e8res ann\u00e9es de la vie du peintre.<\/p>\n<p>Pour reprendre la c\u00e9l\u00e8bre expression de <a href=\"https:\/\/www.laprovence.com\/article\/france-monde\/5957509\/il-y-a-40-ans-les-funerailles-pas-comme-les-autres-de-sartre.html\" target=\"_blank\" rel=\"noopener\">Sartre<\/a> \u00e0 la fin des Mots, il est \u00ab\u00a0un homme fait de tous les hommes, qui les vaut tous et que vaut n\u2019importe qui\u00a0\u00bb. Un homme se d\u00e9voilant, ici, sans nostalgie. P\u00e9tri de doutes comme de certitudes, Monet sait que son \u0153uvre forte de plus de 250 tableaux, li\u00e9e au bassin des Nymph\u00e9as\u00a0\u00e0 laquelle il travaille contre vents et mar\u00e9es, constitue l\u2019aboutissement de son g\u00e9nie.<\/p>\n<p>Des amis de Monet s\u2019appelant Clemenceau, Pissarro, Renoir<\/p>\n<p>C\u2019est \u00e0 une ultime promenade au c\u0153ur de son atelier de peintre comme de sa personnalit\u00e9 foisonnante que nous convie le livre de Jean-Paul Delfino. Apparaissent des amis qui s\u2019appellent Clemenceau, Pissarro, Renoir, Sisley, Bazille. Nous emmenant aussi au\u00a0Havre, Paris, Giverny, Londres et les Pays-Bas, Claude Monet entrouvre aussi la porte qui m\u00e8ne \u00e0 ses deux amours\u00a0: Camille Doncieux et Alice Hosched\u00e9. La force de ce livre magique est de pr\u00e9senter les \u0153uvres de Renoir, sans les expliquer, mais en donnant \u00e0 sentir toute l\u2019humanit\u00e9 dont elles sont p\u00e9tries.<\/p>\n<p>Le Br\u00e9sil, l\u2019autre patrie de Delfino<\/p>\n<p>La deuxi\u00e8me patrie de Jean-Paul Delfino c\u2019est <a href=\"https:\/\/www.laprovence.com\/article\/economie\/2985278374641715\/le-bresil-terre-de-developpement-economique-pour-notre-region\" target=\"_blank\" rel=\"noopener\">le Br\u00e9sil<\/a> dont il conna\u00eet toutes les coutumes, les l\u00e9gendes, les \u00e9crivains et la musique. Pour preuve, ses deux ouvrages publi\u00e9s en co-r\u00e9alisation avec Helena Crudeli, documentariste d\u2019une collection chez Istya &amp; Cie. Le premier est consacr\u00e9 \u00e0 Jo\u00e3o Gilberto (1931-2009), l\u2019homme de la bossa-nova, et perfectionniste ayant coup\u00e9 les ponts avec les normes musicales de l\u2019\u00e9poque. Le second brosse le portrait de Chiquinha Gonzaga (1847-1935), la premi\u00e8re <a href=\"https:\/\/www.laprovence.com\/article\/culture-loisirs\/82357567827815\/la-musique-classique-est-tres-presente-au-cinema-laurence-equilbey-se-confie-avant-son-concert-a-aix\" target=\"_blank\" rel=\"noopener\">femme chef d\u2019orchestre<\/a> et inventrice du choro.\u00a0Une artiste hors-norme qui s\u2019est investie corps et \u00e2me pour l\u2019abolition de <a href=\"https:\/\/www.laprovence.com\/article\/france-monde\/9518308105366514\/esclavage-a-la-rochelle-attal-salue-lesprit-de-resistance-et-annonce-une-exposition-nationale-en-2026\" target=\"_blank\" rel=\"noopener\">l\u2019esclavage<\/a> au Br\u00e9sil. Une combattante de la libert\u00e9, artiste \u00e9m\u00e9rite.<\/p>\n<p>Et puis il y a L\u2019homme qui r\u00eavait d\u2019amour ce roman picaresque o\u00f9 le Br\u00e9sil est pr\u00e9sent, (c\u2019est la terre natale du h\u00e9ros) par lequel Jean-Paul Delfino plonge les lecteurs dans les tribulations de Jo\u00e3o Amarelo, un jeune homme issu du peuple, en qu\u00eate d\u2019amour absolu. C\u2019est beau, nourri de mille histoires, et c\u2019est \u00e9crit sous l\u2019ombre tut\u00e9laire de cette pens\u00e9e de Diderot, plac\u00e9 en exergue\u00a0: \u00ab\u00a0Il faut aimer\u00a0: c\u2019est ce qui nous soutient.\u00a0\u00bb<\/p>\n<p>Jean-Paul Delfino\u00a0: \u00a0\u00bb Monet, peindre la lumi\u00e8re\u00a0\u00bb avec les illustrations d\u2019Eric Roux-Fontaine, Liralest\/Le Pythagore \u00e9ditions, 55 pages, 38\u00a0\u20ac. \u00ab\u00a0L\u2019homme qui r\u00eavait d\u2019aimer\u00a0\u00bb, \u00c9ditions Herv\u00e9 Chopin, 338 pages, 19,50\u00a0\u20ac. En collaboration avec Helena Crudeli,\u00a0: \u00ab\u00a0Jo\u00e3o Gilberto\u00a0\u00bb, \u00e9ditions Istya &amp; Cie, 173 pages, 14,90\u00a0\u20ac. \u00ab\u00a0Chiquinha\u00a0\u00bb, \u00e9ditions Istya &amp; Cie, 163 pages, 14,90\u00a0\u20ac.<\/p>\n","protected":false},"excerpt":{"rendered":"Infatigable Jean-Paul Delfino\u00a0! Voil\u00e0 l\u2019\u00e9crivain aixois qui, publiant ouvrage sur ouvrage, prom\u00e8ne son lecteur entre fiction, portraits de&hellip;\n","protected":false},"author":2,"featured_media":33920,"comment_status":"","ping_status":"","sticky":false,"template":"","format":"standard","meta":{"footnotes":""},"categories":[1357],"tags":[17,1379,11179,2548,251,11182,58,59,1011,27,11181,11180,11178,1380,11177],"class_list":{"0":"post-33919","1":"post","2":"type-post","3":"status-publish","4":"format-standard","5":"has-post-thumbnail","7":"category-livres","8":"tag-17","9":"tag-books","10":"tag-bossa-nova","11":"tag-bresil","12":"tag-culture","13":"tag-delfino","14":"tag-divertissement","15":"tag-entertainment","16":"tag-fr","17":"tag-france","18":"tag-jean-paul","19":"tag-laixois","20":"tag-lesclavage","21":"tag-livres","22":"tag-monet"},"share_on_mastodon":{"url":"https:\/\/pubeurope.com\/@fr\/114358683233083260","error":""},"_links":{"self":[{"href":"https:\/\/www.europesays.com\/fr\/wp-json\/wp\/v2\/posts\/33919","targetHints":{"allow":["GET"]}}],"collection":[{"href":"https:\/\/www.europesays.com\/fr\/wp-json\/wp\/v2\/posts"}],"about":[{"href":"https:\/\/www.europesays.com\/fr\/wp-json\/wp\/v2\/types\/post"}],"author":[{"embeddable":true,"href":"https:\/\/www.europesays.com\/fr\/wp-json\/wp\/v2\/users\/2"}],"replies":[{"embeddable":true,"href":"https:\/\/www.europesays.com\/fr\/wp-json\/wp\/v2\/comments?post=33919"}],"version-history":[{"count":0,"href":"https:\/\/www.europesays.com\/fr\/wp-json\/wp\/v2\/posts\/33919\/revisions"}],"wp:featuredmedia":[{"embeddable":true,"href":"https:\/\/www.europesays.com\/fr\/wp-json\/wp\/v2\/media\/33920"}],"wp:attachment":[{"href":"https:\/\/www.europesays.com\/fr\/wp-json\/wp\/v2\/media?parent=33919"}],"wp:term":[{"taxonomy":"category","embeddable":true,"href":"https:\/\/www.europesays.com\/fr\/wp-json\/wp\/v2\/categories?post=33919"},{"taxonomy":"post_tag","embeddable":true,"href":"https:\/\/www.europesays.com\/fr\/wp-json\/wp\/v2\/tags?post=33919"}],"curies":[{"name":"wp","href":"https:\/\/api.w.org\/{rel}","templated":true}]}}