{"id":339193,"date":"2025-08-23T19:58:20","date_gmt":"2025-08-23T19:58:20","guid":{"rendered":"https:\/\/www.europesays.com\/fr\/339193\/"},"modified":"2025-08-23T19:58:20","modified_gmt":"2025-08-23T19:58:20","slug":"un-festival-place-sous-le-signe-du-bien-etre","status":"publish","type":"post","link":"https:\/\/www.europesays.com\/fr\/339193\/","title":{"rendered":"Un festival plac\u00e9 sous le signe du bien-\u00eatre"},"content":{"rendered":"<p>La quatri\u00e8me \u00e9dition du salon bien \u00eatre organis\u00e9 par l\u2019association Les Secrets d\u2019H\u00e9lo\u00efse sera transform\u00e9e cette ann\u00e9e en v\u00e9ritable festival. Les 30 et 31 ao\u00fbt 2025, le public sera attendu au Prat de Castel, en pleine nature \u00e0 la sortie de Villeneuve-l\u00e8s-Maguelone, pour participer au festival \u00ab\u00a0Les Secrets de l\u2019\u00catre\u00a0\u00bb.<\/p>\n<p>Une quarantaine d\u2019exposants sera r\u00e9unie afin de proposer un week-end de d\u00e9couvertes et de rencontres.<\/p>\n<p>\u00ab\u00a0Cet \u00e9v\u00e9nement est \u00e0 taille humaine avec une ambiance familiale pour partager un moment entre visiteurs et exposants. Les activit\u00e9s seront nombreuses et cette ann\u00e9e, nous avons doubl\u00e9 le nombre d\u2019exposants, de 20 \u00e0 40\u00a0\u00bb, explique Estelle Flaujat, pr\u00e9sidente de l\u2019association Les Secrets d\u2019H\u00e9lo\u00efse et organisatrice du salon.<\/p>\n<p>L\u2019\u00e9quipe est par ailleurs compl\u00e9t\u00e9e par Olivier Rennesson, le mari d\u2019Estelle et l\u2019association Atelier des Sables de Lattes qui vient aider pour la logistique.<\/p>\n<p>Au fil de deux journ\u00e9es, une immersion dans l\u2019univers du bien-\u00eatre, du d\u00e9veloppement personnel et de la cr\u00e9ativit\u00e9 sera propos\u00e9e.<\/p>\n<p>Des praticiens en \u00e9quith\u00e9rapie, hypnose, massage, yoga ou constellations familiales seront pr\u00e9sents, aux c\u00f4t\u00e9s de cr\u00e9ateurs artisanaux et de producteurs locaux venus partager leurs savoir-faire. Des artistes, peintres, sono th\u00e9rapeutes ou danseurs th\u00e9rapeutiques, d\u00e9voileront \u00e9galement leurs talents dans une approche sensible et vibratoire.<\/p>\n<p>Cette \u00e9dition a \u00e9t\u00e9 plac\u00e9e sous le signe de l\u2019expression musicale et corporelle, pens\u00e9e comme vecteur de \u00ab\u00a0mieux-\u00eatre\u00a0\u00bb. Une exploration du corps en mouvement sera rendue possible gr\u00e2ce \u00e0 la danse th\u00e9rapeutique, tandis qu\u2019un spectacle cont\u00e9 autour de la c\u00e9r\u00e9monie du th\u00e9 japonaise sera pr\u00e9sent\u00e9.<\/p>\n<p>Des ateliers, des conf\u00e9rences et des s\u00e9ances d\u00e9couvertes permettront d\u2019exp\u00e9rimenter diverses pratiques.<\/p>\n<p>L\u2019ambiance conviviale sera renforc\u00e9e par une restauration assur\u00e9e sur place par le Miam Club.<\/p>\n<p>L\u2019ouverture se fera en nocturne le samedi 30 ao\u00fbt de 12 h \u00e0 21 h et se poursuivra le dimanche 31 ao\u00fbt de 10 h \u00e0 18 h. L\u2019entr\u00e9e gratuite, un parking \u00e0 proximit\u00e9 et un fl\u00e9chage depuis le village faciliteront l\u2019accueil du public.<\/p>\n<p>Infos : restauration sur place \u2013 programme complet : <a href=\"http:\/\/facebook.com\/LesSecretsdHeloise\" target=\"_blank\" rel=\"nofollow noopener\">facebook.com\/LesSecretsdHeloise<\/a> \u2013 <a href=\"https:\/\/www.midilibre.fr\/2025\/08\/23\/mailto:contact@secretsdheloise.fr\" rel=\"nofollow noopener\" target=\"_blank\">contact@secretsdheloise.fr<\/a>.<\/p>\n<p>Correspondante Midi Libre : 07 68 37 88 08<\/p>\n","protected":false},"excerpt":{"rendered":"La quatri\u00e8me \u00e9dition du salon bien \u00eatre organis\u00e9 par l\u2019association Les Secrets d\u2019H\u00e9lo\u00efse sera transform\u00e9e cette ann\u00e9e en&hellip;\n","protected":false},"author":2,"featured_media":339194,"comment_status":"","ping_status":"","sticky":false,"template":"","format":"standard","meta":{"footnotes":""},"categories":[9599],"tags":[1111,11,1777,674,1011,27,2208,12,2680,25],"class_list":{"0":"post-339193","1":"post","2":"type-post","3":"status-publish","4":"format-standard","5":"has-post-thumbnail","7":"category-montpellier","8":"tag-actu","9":"tag-actualites","10":"tag-eu","11":"tag-europe","12":"tag-fr","13":"tag-france","14":"tag-montpellier","15":"tag-news","16":"tag-occitanie","17":"tag-republique-francaise"},"share_on_mastodon":{"url":"https:\/\/pubeurope.com\/@fr\/115079853144842288","error":""},"_links":{"self":[{"href":"https:\/\/www.europesays.com\/fr\/wp-json\/wp\/v2\/posts\/339193","targetHints":{"allow":["GET"]}}],"collection":[{"href":"https:\/\/www.europesays.com\/fr\/wp-json\/wp\/v2\/posts"}],"about":[{"href":"https:\/\/www.europesays.com\/fr\/wp-json\/wp\/v2\/types\/post"}],"author":[{"embeddable":true,"href":"https:\/\/www.europesays.com\/fr\/wp-json\/wp\/v2\/users\/2"}],"replies":[{"embeddable":true,"href":"https:\/\/www.europesays.com\/fr\/wp-json\/wp\/v2\/comments?post=339193"}],"version-history":[{"count":0,"href":"https:\/\/www.europesays.com\/fr\/wp-json\/wp\/v2\/posts\/339193\/revisions"}],"wp:featuredmedia":[{"embeddable":true,"href":"https:\/\/www.europesays.com\/fr\/wp-json\/wp\/v2\/media\/339194"}],"wp:attachment":[{"href":"https:\/\/www.europesays.com\/fr\/wp-json\/wp\/v2\/media?parent=339193"}],"wp:term":[{"taxonomy":"category","embeddable":true,"href":"https:\/\/www.europesays.com\/fr\/wp-json\/wp\/v2\/categories?post=339193"},{"taxonomy":"post_tag","embeddable":true,"href":"https:\/\/www.europesays.com\/fr\/wp-json\/wp\/v2\/tags?post=339193"}],"curies":[{"name":"wp","href":"https:\/\/api.w.org\/{rel}","templated":true}]}}