{"id":339195,"date":"2025-08-23T19:59:19","date_gmt":"2025-08-23T19:59:19","guid":{"rendered":"https:\/\/www.europesays.com\/fr\/339195\/"},"modified":"2025-08-23T19:59:19","modified_gmt":"2025-08-23T19:59:19","slug":"primark-odysseum-montpellier-quelques-images","status":"publish","type":"post","link":"https:\/\/www.europesays.com\/fr\/339195\/","title":{"rendered":"Primark Odysseum Montpellier : quelques images !"},"content":{"rendered":"<p>\nLe g\u00e9ant du textile, Primark, ouvre ses portes le 10 septembre prochain \u00e0 Odysseum Montpellier. Quelques images des travaux.<\/p>\n<p>\n\u00a9 Linda Mansouri \/ infOccitanie. Devanture Primark Odysseum Montpellier .<\/p>\n<p>Le projet se concr\u00e9tise. La devanture est presque finalis\u00e9e, le logo bleu ciel s\u2019affiche en grandes lettres :<strong> \u00ab\u00a0PRIMARK\u00a0\u00bb. <\/strong>Un QR code est propos\u00e9 sur un affichage temporaire afin de s\u2019abonner \u00e0 la neswletter. Le g\u00e9ant du pr\u00eat-\u00e0-porter \u00e0 petit prix, Primark, sera inaugur\u00e9 mercredi 10 septembre 2025 \u00e0 Odysseum Montpellier.<\/p>\n<p>D\u00e8s 10h<\/p>\n<p>L\u2019inauguration se d\u00e9roulera en pr\u00e9sence de la directrice g\u00e9n\u00e9rale de Primark France, Christine Loizyet, et du maire de Montpellier. Les visiteurs pourront donc faire leur shopping dans le magasin\u00a0<strong>d\u00e8s 10h00<\/strong>. Le magasin, qui s\u2019\u00e9tendra sur une surface de\u00a0<strong>8 000 m\u00b2<\/strong>, promet un large choix de v\u00eatements, chaussures, accessoires et articles pour la maison.<\/p>\n<p>Jour du \u00ab\u00a0blocage national\u00a0\u00bb<\/p>\n<p>En commentaire de notre vid\u00e9o diffus\u00e9e ce jour sur Facebook (fin d\u2019article), beaucoup d\u2019internautes rel\u00e8vent la date particuli\u00e8re : le 10 septembre est \u00e9galement le jour du<strong> \u00ab\u00a0blocage du pays\u00a0\u00bb<\/strong> impuls\u00e9 par un collectif de citoyens <a href=\"https:\/\/infoccitanie.fr\/bloquons-tout-a-quoi-sattendre-le-10-septembre\/\" rel=\"nofollow noopener\" target=\"_blank\">(notre article ici).<\/a> \u00ab\u00a0Le jour de la grande gr\u00e8ve, bon courage\u00a0\u00bb, lance Joel ; \u00ab\u00a0Pas forc\u00e9ment le meilleur jour vu le blocage g\u00e9n\u00e9ral annonc\u00e9\u00a0\u00bb, juge Edith. \u00ab\u00a0Cela devient vraiment tr\u00e8s concret !\u00a0\u00bb, reconnait de son c\u00f4t\u00e9 Nicolas. De nombreux internautes identifient leur proche afin de partager les derniers images des travaux. Quant \u00e0 Fred, il commente : \u00ab\u00a0Quand ils vont voir la faune qui va d\u00e9barquer sur Odysseum, \u00e7a va leur faire bizarre aux commer\u00e7ants !\u00a0\u00bb. <\/p>\n","protected":false},"excerpt":{"rendered":"Le g\u00e9ant du textile, Primark, ouvre ses portes le 10 septembre prochain \u00e0 Odysseum Montpellier. Quelques images des&hellip;\n","protected":false},"author":2,"featured_media":339196,"comment_status":"","ping_status":"","sticky":false,"template":"","format":"standard","meta":{"footnotes":""},"categories":[9599],"tags":[1111,11,1777,674,1011,27,2208,12,2680,17697,25],"class_list":{"0":"post-339195","1":"post","2":"type-post","3":"status-publish","4":"format-standard","5":"has-post-thumbnail","7":"category-montpellier","8":"tag-actu","9":"tag-actualites","10":"tag-eu","11":"tag-europe","12":"tag-fr","13":"tag-france","14":"tag-montpellier","15":"tag-news","16":"tag-occitanie","17":"tag-primark","18":"tag-republique-francaise"},"share_on_mastodon":{"url":"https:\/\/pubeurope.com\/@fr\/115079856942042747","error":""},"_links":{"self":[{"href":"https:\/\/www.europesays.com\/fr\/wp-json\/wp\/v2\/posts\/339195","targetHints":{"allow":["GET"]}}],"collection":[{"href":"https:\/\/www.europesays.com\/fr\/wp-json\/wp\/v2\/posts"}],"about":[{"href":"https:\/\/www.europesays.com\/fr\/wp-json\/wp\/v2\/types\/post"}],"author":[{"embeddable":true,"href":"https:\/\/www.europesays.com\/fr\/wp-json\/wp\/v2\/users\/2"}],"replies":[{"embeddable":true,"href":"https:\/\/www.europesays.com\/fr\/wp-json\/wp\/v2\/comments?post=339195"}],"version-history":[{"count":0,"href":"https:\/\/www.europesays.com\/fr\/wp-json\/wp\/v2\/posts\/339195\/revisions"}],"wp:featuredmedia":[{"embeddable":true,"href":"https:\/\/www.europesays.com\/fr\/wp-json\/wp\/v2\/media\/339196"}],"wp:attachment":[{"href":"https:\/\/www.europesays.com\/fr\/wp-json\/wp\/v2\/media?parent=339195"}],"wp:term":[{"taxonomy":"category","embeddable":true,"href":"https:\/\/www.europesays.com\/fr\/wp-json\/wp\/v2\/categories?post=339195"},{"taxonomy":"post_tag","embeddable":true,"href":"https:\/\/www.europesays.com\/fr\/wp-json\/wp\/v2\/tags?post=339195"}],"curies":[{"name":"wp","href":"https:\/\/api.w.org\/{rel}","templated":true}]}}