{"id":339204,"date":"2025-08-23T20:08:31","date_gmt":"2025-08-23T20:08:31","guid":{"rendered":"https:\/\/www.europesays.com\/fr\/339204\/"},"modified":"2025-08-23T20:08:31","modified_gmt":"2025-08-23T20:08:31","slug":"rosa-mystica-chants-sacres-a-la-vierge-concert-chorale-a-strasbourg","status":"publish","type":"post","link":"https:\/\/www.europesays.com\/fr\/339204\/","title":{"rendered":"Rosa Mystica : chants sacres a la Vierge : Concert Chorale a Strasbourg"},"content":{"rendered":"<p>\t\t\t\t\t\t\t\t\t<a href=\"https:\/\/www.dna.fr\/pour-sortir\/loisirs\/Concert-musique\/Chant-choral\/Alsace\/Bas-rhin\/Strasbourg\/2025\/08\/31\/javascript:history.back();\" rel=\"nofollow noopener\" class=\"backToSearch\" target=\"_blank\">Retour \u00e0 la recherche<\/a><\/p>\n<p class=\"media-desc\" itemprop=\"description\">&#13;<br \/>\n\t\t\t\t\tPour son dernier concert d&rsquo;\u00e9t\u00e9, l\u2019Ensemble Trecanum  se produira \u00e0 Strasbourg, \u00e0 l&rsquo;\u00e9glise Saint-Pierre-le-vieux qui r\u00e9sonnera de chants sacr\u00e9s interpr\u00e9t\u00e9s par six chanteurs a cappella et d\u00e9di\u00e9s \u00e0 la Vierge Marie, appel\u00e9e aussi Rosa Mystica. &#13;<br \/>\n\t\t\t\t\t\t\t\t\t\t\t&#13;<br \/>\n\t\t\t\t\t\t\t\t\t\tDe l&rsquo;art gr\u00e9gorien et d&rsquo;Hildegarde de Bingen jusqu&rsquo;\u00e0 la Renaissance : voyage sonore \u00e0 travers 800 ans de musique mystique europ\u00e9enne. \u00ab Rosa mystica \u00bb, rose symbolique sans \u00e9pine, d\u00e9signe Marie, m\u00e8re du Christ. Au c\u0153ur des rosaces de cath\u00e9drales, elle symbolise l&rsquo;amour,  l&rsquo;esp\u00e9rance et la perfection. L&rsquo;Ensemble Trecanum a \u00e9t\u00e9 fond\u00e9 \u00e0 Strasbourg en 1996 par son directeur Etienne Stoffel, qui a enseign\u00e9 aux Conservatoires de Metz, Colmar, Saarbr\u00fccken, et Strasbourg. Form\u00e9 aupr\u00e8s d&rsquo;\u00e9minents sp\u00e9cialistes du chant sacr\u00e9 m\u00e9di\u00e9val, l&rsquo;Ensemble Trecanum interpr\u00e8te la musique sacr\u00e9e m\u00e9di\u00e9vale monodique et polyphonique, du chant carolingien \u00e0 la Renaissance. Il chante dans toute l\u2019Europe (plus de 900 prestations publiques sont \u00e0 son actif ainsi que 3 CD). Les interpr\u00e8tes seront : Elsa Thouvenot, Juliette Ly, Marie-Reine Demolliere, Bernard Riwer, Fran\u00e7ois Siedel, et Etienne Stoffe.&#13;\n\t\t\t\t  <\/p>\n","protected":false},"excerpt":{"rendered":"Retour \u00e0 la recherche &#13; Pour son dernier concert d&rsquo;\u00e9t\u00e9, l\u2019Ensemble Trecanum se produira \u00e0 Strasbourg, \u00e0 l&rsquo;\u00e9glise&hellip;\n","protected":false},"author":2,"featured_media":339205,"comment_status":"","ping_status":"","sticky":false,"template":"","format":"standard","meta":{"footnotes":""},"categories":[2820],"tags":[1111,11,1777,674,1011,27,775,12,25,640],"class_list":{"0":"post-339204","1":"post","2":"type-post","3":"status-publish","4":"format-standard","5":"has-post-thumbnail","7":"category-strasbourg","8":"tag-actu","9":"tag-actualites","10":"tag-eu","11":"tag-europe","12":"tag-fr","13":"tag-france","14":"tag-grand-est","15":"tag-news","16":"tag-republique-francaise","17":"tag-strasbourg"},"share_on_mastodon":{"url":"https:\/\/pubeurope.com\/@fr\/115079892362774593","error":""},"_links":{"self":[{"href":"https:\/\/www.europesays.com\/fr\/wp-json\/wp\/v2\/posts\/339204","targetHints":{"allow":["GET"]}}],"collection":[{"href":"https:\/\/www.europesays.com\/fr\/wp-json\/wp\/v2\/posts"}],"about":[{"href":"https:\/\/www.europesays.com\/fr\/wp-json\/wp\/v2\/types\/post"}],"author":[{"embeddable":true,"href":"https:\/\/www.europesays.com\/fr\/wp-json\/wp\/v2\/users\/2"}],"replies":[{"embeddable":true,"href":"https:\/\/www.europesays.com\/fr\/wp-json\/wp\/v2\/comments?post=339204"}],"version-history":[{"count":0,"href":"https:\/\/www.europesays.com\/fr\/wp-json\/wp\/v2\/posts\/339204\/revisions"}],"wp:featuredmedia":[{"embeddable":true,"href":"https:\/\/www.europesays.com\/fr\/wp-json\/wp\/v2\/media\/339205"}],"wp:attachment":[{"href":"https:\/\/www.europesays.com\/fr\/wp-json\/wp\/v2\/media?parent=339204"}],"wp:term":[{"taxonomy":"category","embeddable":true,"href":"https:\/\/www.europesays.com\/fr\/wp-json\/wp\/v2\/categories?post=339204"},{"taxonomy":"post_tag","embeddable":true,"href":"https:\/\/www.europesays.com\/fr\/wp-json\/wp\/v2\/tags?post=339204"}],"curies":[{"name":"wp","href":"https:\/\/api.w.org\/{rel}","templated":true}]}}