{"id":339208,"date":"2025-08-23T20:10:17","date_gmt":"2025-08-23T20:10:17","guid":{"rendered":"https:\/\/www.europesays.com\/fr\/339208\/"},"modified":"2025-08-23T20:10:17","modified_gmt":"2025-08-23T20:10:17","slug":"football-deja-battu-a-trois-reprises-en-autant-de-rencontres-nice-veut-enfin-lancer-sa-saison","status":"publish","type":"post","link":"https:\/\/www.europesays.com\/fr\/339208\/","title":{"rendered":"Football. D\u00e9j\u00e0 battu \u00e0 trois reprises en autant de rencontres, Nice veut (enfin) lancer sa saison"},"content":{"rendered":"<p>L\u2019entra\u00eeneur du Gym a d\u00e9test\u00e9 la premi\u00e8re p\u00e9riode de ses joueurs face \u00e0 Toulouse en ouverture du championnat (<a href=\"https:\/\/www.ledauphine.com\/sport\/2025\/08\/16\/ligue-1-nice-se-fait-surprendre-en-fin-de-match-par-toulouse-et-inquiete\" target=\"_blank\" rel=\"noopener\">d\u00e9faite 1-0<\/a>). Il n\u2019a pas m\u00e2ch\u00e9 ses mots \u00e0 la pause mais cela n\u2019a pas suffi. Certes, les Aiglons ont ensuite \u00e9t\u00e9 meilleurs mais ils ont \u00ab\u00a0manqu\u00e9 d\u2019efficacit\u00e9 dans les deux surfaces, seule chose qui peut nous faire d\u00e9faut\u00a0\u00bb, assure le gardien Yehvann Diouf.<\/p>\n<p>Pourtant, son entra\u00eeneur a cibl\u00e9 d\u2019autres points de d\u00e9faillance, \u00e0 commencer par l\u2019attitude\u00a0: \u00ab\u00a0Ce que j\u2019attends, c\u2019est que mon \u00e9quipe soit combative d\u00e8s le d\u00e9part, qu\u2019elle montre beaucoup de courage, qu\u2019elle soit joueuse et ait envie de faire un football attractif. Je leur dis tous les jours.\u00a0\u00bb<\/p>\n<p>Clauss en instance de d\u00e9part<\/p>\n<p>\u00ab\u00a0Pour \u00e7a, il y a certains efforts \u00e0 faire, insiste le coach ni\u00e7ois. Depuis 23 ans que j\u2019entra\u00eene, mon message est identique, clair et souvent r\u00e9p\u00e9t\u00e9. Pour ceux qui l\u2019entendent moins, il y a le banc de touche, comme dans tout sport avec de la concurrence. Parfois, \u00e7a va jusqu\u2019\u00e0 la tribune. C\u2019est la vie des sportifs. Mes attentes, mon exigence ne changeront pas. J\u2019aime mes joueurs, les prot\u00e8ge, mais suis tr\u00e8s exigeant avec eux. Avec la concurrence, je fais des choix.\u00a0\u00bb<\/p>\n<p>Nice a recrut\u00e9 <a href=\"https:\/\/www.ledauphine.com\/sport\/2025\/07\/18\/mercato-le-point-sur-les-transferts-estivaux-en-ligue-1-club-par-club\" target=\"_blank\" rel=\"noopener\">le milieu Salis Abdul Samed<\/a> et l\u2019attaquant Kevin Carlos. Pablo Rosario, en instance de d\u00e9part, r\u00e9int\u00e8gre le groupe. Malgr\u00e9 neuf joueurs absents, Haise va pouvoir modifier sa formation face \u00e0 Auxerre. Car certains comme Badredine Bouanani, Isak Jansson, Tom Louchet ou <a href=\"https:\/\/www.ledauphine.com\/p\/jonathan-clauss\" target=\"_blank\" rel=\"noopener\">Jonathan Clauss<\/a> n\u2019ont pas \u00e9t\u00e9 au niveau.<\/p>\n<p>Ce dernier devrait \u00eatre absent en raison d\u2019une une cheville r\u00e9calcitrante. Le milieu souhaite \u00eatre transf\u00e9r\u00e9 au Bayer Leverkusen, ce qui \u00ab\u00a0peut expliquer en partie ses performances r\u00e9centes\u00a0\u00bb, selon son coach.<\/p>\n","protected":false},"excerpt":{"rendered":"L\u2019entra\u00eeneur du Gym a d\u00e9test\u00e9 la premi\u00e8re p\u00e9riode de ses joueurs face \u00e0 Toulouse en ouverture du championnat&hellip;\n","protected":false},"author":2,"featured_media":339209,"comment_status":"","ping_status":"","sticky":false,"template":"","format":"standard","meta":{"footnotes":""},"categories":[2819],"tags":[1111,11,1777,674,107,63,1011,27,7020,12,2401,882,25,517,1947],"class_list":{"0":"post-339208","1":"post","2":"type-post","3":"status-publish","4":"format-standard","5":"has-post-thumbnail","7":"category-nice","8":"tag-actu","9":"tag-actualites","10":"tag-eu","11":"tag-europe","12":"tag-fil-info","13":"tag-football","14":"tag-fr","15":"tag-france","16":"tag-ligue-1-football","17":"tag-news","18":"tag-nice","19":"tag-provence-alpes-cote-dazur","20":"tag-republique-francaise","21":"tag-sport","22":"tag-sport-national"},"share_on_mastodon":{"url":"https:\/\/pubeurope.com\/@fr\/115079900218863144","error":""},"_links":{"self":[{"href":"https:\/\/www.europesays.com\/fr\/wp-json\/wp\/v2\/posts\/339208","targetHints":{"allow":["GET"]}}],"collection":[{"href":"https:\/\/www.europesays.com\/fr\/wp-json\/wp\/v2\/posts"}],"about":[{"href":"https:\/\/www.europesays.com\/fr\/wp-json\/wp\/v2\/types\/post"}],"author":[{"embeddable":true,"href":"https:\/\/www.europesays.com\/fr\/wp-json\/wp\/v2\/users\/2"}],"replies":[{"embeddable":true,"href":"https:\/\/www.europesays.com\/fr\/wp-json\/wp\/v2\/comments?post=339208"}],"version-history":[{"count":0,"href":"https:\/\/www.europesays.com\/fr\/wp-json\/wp\/v2\/posts\/339208\/revisions"}],"wp:featuredmedia":[{"embeddable":true,"href":"https:\/\/www.europesays.com\/fr\/wp-json\/wp\/v2\/media\/339209"}],"wp:attachment":[{"href":"https:\/\/www.europesays.com\/fr\/wp-json\/wp\/v2\/media?parent=339208"}],"wp:term":[{"taxonomy":"category","embeddable":true,"href":"https:\/\/www.europesays.com\/fr\/wp-json\/wp\/v2\/categories?post=339208"},{"taxonomy":"post_tag","embeddable":true,"href":"https:\/\/www.europesays.com\/fr\/wp-json\/wp\/v2\/tags?post=339208"}],"curies":[{"name":"wp","href":"https:\/\/api.w.org\/{rel}","templated":true}]}}