{"id":339210,"date":"2025-08-23T20:11:25","date_gmt":"2025-08-23T20:11:25","guid":{"rendered":"https:\/\/www.europesays.com\/fr\/339210\/"},"modified":"2025-08-23T20:11:25","modified_gmt":"2025-08-23T20:11:25","slug":"nice-reagit-contre-auxerre-et-lance-enfin-sa-saison","status":"publish","type":"post","link":"https:\/\/www.europesays.com\/fr\/339210\/","title":{"rendered":"Nice r\u00e9agit contre Auxerre et lance enfin sa saison"},"content":{"rendered":"<p><strong>Nice\u00a0&#8211; Auxerre\u00a0: 3-1<\/strong><\/p>\n<p>Dans un match enlev\u00e9\u00a0mais techniquement tr\u00e8s imparfait, Nice s\u2019est offert une premi\u00e8re victoire cette saison (3-1), face \u00e0 Auxerre, apr\u00e8s avoir disput\u00e9 la deuxi\u00e8me p\u00e9riode en sup\u00e9riorit\u00e9 num\u00e9rique suite \u00e0 l\u2019exclusion du gardien de l\u2019AJA, Donovan L\u00e9on.<\/p>\n<p>Apr\u00e8s avoir rat\u00e9 ses d\u00e9buts europ\u00e9ens, logiquement \u00e9limin\u00e9 par Benfica (deux fois 2-0) en tour pr\u00e9liminaire de Ligue des champions, et manqu\u00e9 ses retrouvailles avec la L1 contre Toulouse (0-1) la semaine pass\u00e9e, Nice a enfin marqu\u00e9 des buts cette saison et inscrit ses premiers points.<\/p>\n<p>L\u00e9on exclu, un csc pour Akpa<\/p>\n<p>Pourtant, Auxerre, vainqueur de Lorient (1-0), aurait pu, avec plus de r\u00e9ussite et de ma\u00eetrise, pr\u00e9tendre \u00e0 mieux. Mais un but contre son camp de Cl\u00e9ment Akpa (2-1, 25e) et l\u2019exclusion de L\u00e9on, pour un vilain tacle hors de sa surface juste avant la pause (45e+\u00a01), ont scell\u00e9 la rencontre.<\/p>\n<p>Avec les premi\u00e8res titularisations\u00a0des recrues Salis Abdul Samed au milieu et Kevin Carlos devant, ainsi que celle de J\u00e9r\u00e9mie Boga, buteur et auteur d\u2019un bon match, Franck Haise avait d\u00e9cid\u00e9 de secouer Badredine Bouanani et Terem Moffi, rel\u00e9gu\u00e9s sur le banc.\u00a0Et cela a fonctionn\u00e9 puisque les deux hommes ont \u00e9t\u00e9 impliqu\u00e9s sur le troisi\u00e8me but ni\u00e7ois, celui de la t\u00eate du Nig\u00e9rian (3-1, 76e).<\/p>\n<p>Apr\u00e8s un bon d\u00e9part dans les intentions\u00a0offensives, les Ni\u00e7ois ont donc tr\u00e8s vite ouvert la marque. Antoine Mendy a remport\u00e9 son duel sur le c\u00f4t\u00e9 droit et Tom Louchet a parfaitement\u00a0centr\u00e9 sur Boga, qui s\u2019est\u00a0d\u00e9marqu\u00e9 pour planter du gauche (1-0, 3e).<\/p>\n<p>Diouf sauve les siens<\/p>\n<p>Les Aiglons semblaient s\u2019\u00eatre facilit\u00e9 le match, mais Auxerre a r\u00e9agi et Yehvann Diouf a d\u00fb sauver les siens trois fois\u00a0: devant Josu\u00e9 Casimir (13e), Kevin Danois (13e) et Lassine Sinayoko (20e). Nice, en souffrance, a rompu une minute plus tard\u00a0: sur le c\u00f4t\u00e9 gauche, Ibrahim Osman s\u2019est jou\u00e9 de Louchet \u2013successeur de Jonathan Clauss, non convoqu\u00e9 et en partance pour le Bayer Leverkusen \u2013 puis il a centr\u00e9 pour Sinayoko, surgissant pour inscrire son deuxi\u00e8me but en deux journ\u00e9es (1-1, 21e).<\/p>\n<p>M\u00eame abasourdis, les hommes de Haise sont parvenus \u00e0 reprendre l\u2019avantage rapidement, avec de la r\u00e9ussite.\u00a0Servi par Boga, Kevin Carlos a rat\u00e9 son contr\u00f4le plein axe, mais dans sa pr\u00e9cipitation pour d\u00e9fendre, Akpa a d\u00e9gag\u00e9 dans ses propres filets (2-1, 25e).<\/p>\n<p>Comme il \u00e9tait \u00e9crit que rien n\u2019allait tourner en faveur des Auxerrois, Diouf a d\u00e9vi\u00e9 la t\u00eate de Casimir sur son poteau, avant que Kojo Preprah Oppong ne d\u00e9gage sur sa ligne (36e).\u00a0Pire, juste avant la mi-temps, Donovan L\u00e9on, mis en difficult\u00e9 par un nouveau rat\u00e9 d\u2019Akpa, a \u00e9t\u00e9 logiquement exclu pour une faute grossi\u00e8re sur Isak Jansson (45e+\u00a01).<\/p>\n<p>Pourtant \u00e0 dix contre onze, Sinayoko et ses partenaires ont lanc\u00e9 de r\u00e9guli\u00e8res offensives en deuxi\u00e8me p\u00e9riode. L\u2019attaquant malien, sollicit\u00e9 par Nice\u00a0et Lens lors de ce mercato estival, a encore oblig\u00e9 Diouf \u00e0 une parade (56e), avant de rater de peu le cadre (59e). Puis, les Rouge et Noir ont repris le contr\u00f4le\u00a0pour l\u2019emporter.<\/p>\n","protected":false},"excerpt":{"rendered":"Nice\u00a0&#8211; Auxerre\u00a0: 3-1 Dans un match enlev\u00e9\u00a0mais techniquement tr\u00e8s imparfait, Nice s\u2019est offert une premi\u00e8re victoire cette saison&hellip;\n","protected":false},"author":2,"featured_media":339211,"comment_status":"","ping_status":"","sticky":false,"template":"","format":"standard","meta":{"footnotes":""},"categories":[2819],"tags":[1111,11,1777,674,63,1011,27,66,12,2401,882,25,60],"class_list":{"0":"post-339210","1":"post","2":"type-post","3":"status-publish","4":"format-standard","5":"has-post-thumbnail","7":"category-nice","8":"tag-actu","9":"tag-actualites","10":"tag-eu","11":"tag-europe","12":"tag-football","13":"tag-fr","14":"tag-france","15":"tag-ligue-1","16":"tag-news","17":"tag-nice","18":"tag-provence-alpes-cote-dazur","19":"tag-republique-francaise","20":"tag-sports"},"share_on_mastodon":{"url":"https:\/\/pubeurope.com\/@fr\/115079904192439365","error":""},"_links":{"self":[{"href":"https:\/\/www.europesays.com\/fr\/wp-json\/wp\/v2\/posts\/339210","targetHints":{"allow":["GET"]}}],"collection":[{"href":"https:\/\/www.europesays.com\/fr\/wp-json\/wp\/v2\/posts"}],"about":[{"href":"https:\/\/www.europesays.com\/fr\/wp-json\/wp\/v2\/types\/post"}],"author":[{"embeddable":true,"href":"https:\/\/www.europesays.com\/fr\/wp-json\/wp\/v2\/users\/2"}],"replies":[{"embeddable":true,"href":"https:\/\/www.europesays.com\/fr\/wp-json\/wp\/v2\/comments?post=339210"}],"version-history":[{"count":0,"href":"https:\/\/www.europesays.com\/fr\/wp-json\/wp\/v2\/posts\/339210\/revisions"}],"wp:featuredmedia":[{"embeddable":true,"href":"https:\/\/www.europesays.com\/fr\/wp-json\/wp\/v2\/media\/339211"}],"wp:attachment":[{"href":"https:\/\/www.europesays.com\/fr\/wp-json\/wp\/v2\/media?parent=339210"}],"wp:term":[{"taxonomy":"category","embeddable":true,"href":"https:\/\/www.europesays.com\/fr\/wp-json\/wp\/v2\/categories?post=339210"},{"taxonomy":"post_tag","embeddable":true,"href":"https:\/\/www.europesays.com\/fr\/wp-json\/wp\/v2\/tags?post=339210"}],"curies":[{"name":"wp","href":"https:\/\/api.w.org\/{rel}","templated":true}]}}