{"id":339212,"date":"2025-08-23T20:12:45","date_gmt":"2025-08-23T20:12:45","guid":{"rendered":"https:\/\/www.europesays.com\/fr\/339212\/"},"modified":"2025-08-23T20:12:45","modified_gmt":"2025-08-23T20:12:45","slug":"a-nantes-une-quarantaine-de-personnes-se-sont-mobilisees-pour-gaza-ce-mercredi","status":"publish","type":"post","link":"https:\/\/www.europesays.com\/fr\/339212\/","title":{"rendered":"\u00c0 Nantes, une quarantaine de personnes se sont mobilis\u00e9es pour Gaza ce mercredi"},"content":{"rendered":"<p>Place du Change, \u00e0 Nantes, ce mercredi 20\u00a0ao\u00fbt 2025, \u00e0 17\u00a0h, un rassemblement \u00e9tait organis\u00e9 en soutien \u00e0 Gaza par les associations France Palestine solidarit\u00e9 44 et France Palestine. Distribution de tracts, slogans, minute de silence\u2026 Ce mercredi une quarantaine de personnes y participaient. <strong>\u00ab\u00a0Trois personnes se sont inscrites \u00e0 la liste de diffusion et tous nos tracts ont \u00e9t\u00e9 distribu\u00e9s\u00a0\u00bb<\/strong>, r\u00e9v\u00e8le Fran\u00e7ois Leroux, membre de France Palestine solidarit\u00e9 44.<\/p>\n<p><strong>Lire aussi\u00a0:<\/strong> <a href=\"https:\/\/www.ouest-france.fr\/monde\/gaza\/\" target=\"_blank\" rel=\"noopener\">les derni\u00e8res actualit\u00e9s de Gaza<\/a><\/p>\n<p>Anne-Marie, 70\u00a0ans, venue pour la premi\u00e8re fois t\u00e9moigne\u00a0: <strong>\u00ab\u00a0Je suis sensibilis\u00e9e depuis longtemps, mais je me suis mobilis\u00e9e aujourd\u2019hui car c\u2019est devenu urgent.\u00a0\u00bb <\/strong>Hugo, 24\u00a0ans, est un habitu\u00e9. R\u00e9it\u00e9rer ce discours est primordial, selon lui\u00a0: <strong>\u00ab\u00a0On ne pourra pas faire comme si on ne savait pas\u00a0\u00bb<\/strong>. Quand certains passent leur chemin, d\u2019autres s\u2019arr\u00eatent, comme Nora, 24\u00a0ans\u00a0: <strong>\u00ab\u00a0\u00c7a me touche particuli\u00e8rement\u00a0\u00bb<\/strong> lance-t-elle, les larmes aux yeux.<\/p>\n<p>\u00a0<\/p>\n","protected":false},"excerpt":{"rendered":"Place du Change, \u00e0 Nantes, ce mercredi 20\u00a0ao\u00fbt 2025, \u00e0 17\u00a0h, un rassemblement \u00e9tait organis\u00e9 en soutien \u00e0&hellip;\n","protected":false},"author":2,"featured_media":339213,"comment_status":"","ping_status":"","sticky":false,"template":"","format":"standard","meta":{"footnotes":""},"categories":[2818],"tags":[1111,11,1777,674,1011,27,665,6774,30415,766,12,2636,3744,33203,25],"class_list":{"0":"post-339212","1":"post","2":"type-post","3":"status-publish","4":"format-standard","5":"has-post-thumbnail","7":"category-nantes","8":"tag-actu","9":"tag-actualites","10":"tag-eu","11":"tag-europe","12":"tag-fr","13":"tag-france","14":"tag-gaza","15":"tag-mercredi","16":"tag-mobilisees","17":"tag-nantes","18":"tag-news","19":"tag-pays-de-la-loire","20":"tag-personnes","21":"tag-quarantaine","22":"tag-republique-francaise"},"share_on_mastodon":{"url":"https:\/\/pubeurope.com\/@fr\/115079908113319633","error":""},"_links":{"self":[{"href":"https:\/\/www.europesays.com\/fr\/wp-json\/wp\/v2\/posts\/339212","targetHints":{"allow":["GET"]}}],"collection":[{"href":"https:\/\/www.europesays.com\/fr\/wp-json\/wp\/v2\/posts"}],"about":[{"href":"https:\/\/www.europesays.com\/fr\/wp-json\/wp\/v2\/types\/post"}],"author":[{"embeddable":true,"href":"https:\/\/www.europesays.com\/fr\/wp-json\/wp\/v2\/users\/2"}],"replies":[{"embeddable":true,"href":"https:\/\/www.europesays.com\/fr\/wp-json\/wp\/v2\/comments?post=339212"}],"version-history":[{"count":0,"href":"https:\/\/www.europesays.com\/fr\/wp-json\/wp\/v2\/posts\/339212\/revisions"}],"wp:featuredmedia":[{"embeddable":true,"href":"https:\/\/www.europesays.com\/fr\/wp-json\/wp\/v2\/media\/339213"}],"wp:attachment":[{"href":"https:\/\/www.europesays.com\/fr\/wp-json\/wp\/v2\/media?parent=339212"}],"wp:term":[{"taxonomy":"category","embeddable":true,"href":"https:\/\/www.europesays.com\/fr\/wp-json\/wp\/v2\/categories?post=339212"},{"taxonomy":"post_tag","embeddable":true,"href":"https:\/\/www.europesays.com\/fr\/wp-json\/wp\/v2\/tags?post=339212"}],"curies":[{"name":"wp","href":"https:\/\/api.w.org\/{rel}","templated":true}]}}