{"id":339214,"date":"2025-08-23T20:13:15","date_gmt":"2025-08-23T20:13:15","guid":{"rendered":"https:\/\/www.europesays.com\/fr\/339214\/"},"modified":"2025-08-23T20:13:15","modified_gmt":"2025-08-23T20:13:15","slug":"ligue-1-plein-zoom-sur-nantes-pour-le-racing","status":"publish","type":"post","link":"https:\/\/www.europesays.com\/fr\/339214\/","title":{"rendered":"Ligue 1. Plein zoom sur Nantes pour le Racing"},"content":{"rendered":"<p>Entre deux \u00e9ch\u00e9ances contre Brondby qui doivent lui permettre de se forger le destin europ\u00e9en auquel il aspire depuis son rachat par le consortium am\u00e9ricain BlueCo en juin\u00a02023, le Racing retrouvera donc ce dimanche (17h15) \u00e0 la Meinau le train-train quotidien de la Ligue 1.<\/p>\n<p>Un train-train qui vient tout juste de se mettre en route et que les Bleus ont eu le bon go\u00fbt de placer sur les bons rails avec leur victoire de dimanche dernier \u00e0 Metz dans le derby d\u2019ouverture (1-0).<\/p>\n<p>Depuis, les hommes de Liam Rosenior ont encha\u00een\u00e9 un deuxi\u00e8me clean-sheet pour leurs tout premiers pas dans leur stade \u2013 en partie \u2013 r\u00e9nov\u00e9 et d\u00e9sormais dot\u00e9 d\u2019une tribune Sud de 11\u00a0000 places.<\/p>\n<p>Strasbourg ne veut pas \u00eatre priv\u00e9 d\u2019Europe<\/p>\n<p>Mais leur nul vierge de jeudi face aux Danois en barrage aller de la Ligue Conf\u00e9rence ne leur garantit pas de pouvoir monter dans le tourniquet de la&#8230;<\/p>\n","protected":false},"excerpt":{"rendered":"Entre deux \u00e9ch\u00e9ances contre Brondby qui doivent lui permettre de se forger le destin europ\u00e9en auquel il aspire&hellip;\n","protected":false},"author":2,"featured_media":339215,"comment_status":"","ping_status":"","sticky":false,"template":"","format":"standard","meta":{"footnotes":""},"categories":[2818],"tags":[1111,11,1777,674,107,63,1011,27,766,12,2636,41281,25,517],"class_list":{"0":"post-339214","1":"post","2":"type-post","3":"status-publish","4":"format-standard","5":"has-post-thumbnail","7":"category-nantes","8":"tag-actu","9":"tag-actualites","10":"tag-eu","11":"tag-europe","12":"tag-fil-info","13":"tag-football","14":"tag-fr","15":"tag-france","16":"tag-nantes","17":"tag-news","18":"tag-pays-de-la-loire","19":"tag-racing-club-strasbourg-masculin","20":"tag-republique-francaise","21":"tag-sport"},"share_on_mastodon":{"url":"https:\/\/pubeurope.com\/@fr\/115079912007250490","error":""},"_links":{"self":[{"href":"https:\/\/www.europesays.com\/fr\/wp-json\/wp\/v2\/posts\/339214","targetHints":{"allow":["GET"]}}],"collection":[{"href":"https:\/\/www.europesays.com\/fr\/wp-json\/wp\/v2\/posts"}],"about":[{"href":"https:\/\/www.europesays.com\/fr\/wp-json\/wp\/v2\/types\/post"}],"author":[{"embeddable":true,"href":"https:\/\/www.europesays.com\/fr\/wp-json\/wp\/v2\/users\/2"}],"replies":[{"embeddable":true,"href":"https:\/\/www.europesays.com\/fr\/wp-json\/wp\/v2\/comments?post=339214"}],"version-history":[{"count":0,"href":"https:\/\/www.europesays.com\/fr\/wp-json\/wp\/v2\/posts\/339214\/revisions"}],"wp:featuredmedia":[{"embeddable":true,"href":"https:\/\/www.europesays.com\/fr\/wp-json\/wp\/v2\/media\/339215"}],"wp:attachment":[{"href":"https:\/\/www.europesays.com\/fr\/wp-json\/wp\/v2\/media?parent=339214"}],"wp:term":[{"taxonomy":"category","embeddable":true,"href":"https:\/\/www.europesays.com\/fr\/wp-json\/wp\/v2\/categories?post=339214"},{"taxonomy":"post_tag","embeddable":true,"href":"https:\/\/www.europesays.com\/fr\/wp-json\/wp\/v2\/tags?post=339214"}],"curies":[{"name":"wp","href":"https:\/\/api.w.org\/{rel}","templated":true}]}}