{"id":339216,"date":"2025-08-23T20:15:11","date_gmt":"2025-08-23T20:15:11","guid":{"rendered":"https:\/\/www.europesays.com\/fr\/339216\/"},"modified":"2025-08-23T20:15:11","modified_gmt":"2025-08-23T20:15:11","slug":"bordeaux-sincline-encore-contre-granville","status":"publish","type":"post","link":"https:\/\/www.europesays.com\/fr\/339216\/","title":{"rendered":"Bordeaux s\u2019incline encore contre Granville"},"content":{"rendered":"<p>Le d\u00e9but de saison bordelais, toujours coinc\u00e9 en <a href=\"https:\/\/www.footmercato.net\/france\/national-2\/\" rel=\"nofollow noopener\" target=\"_blank\">National 2<\/a>, est loin d\u2019\u00eatre \u00e0 la hauteur des ambitions annonc\u00e9es. Apr\u00e8s avoir conc\u00e9d\u00e9 le nul lors de la premi\u00e8re journ\u00e9e face \u00e0 Avranches (0-0), <a href=\"https:\/\/www.footmercato.net\/club\/fc-girondins-de-bordeaux\/\" rel=\"nofollow noopener\" target=\"_blank\">Bordeaux<\/a> s\u2019est inclin\u00e9 \u00e0 domicile contre <a href=\"https:\/\/www.footmercato.net\/club\/us-granvillaise\/\" rel=\"nofollow noopener\" target=\"_blank\">Granville<\/a> (0-1) ce samedi \u00e0 18h, pour le compte de la 2e journ\u00e9e du groupe A. Malgr\u00e9 le retour du capitaine, <a href=\"https:\/\/www.footmercato.net\/joueur\/jean-grillot\/\" rel=\"nofollow noopener\" target=\"_blank\">Jean Grillot<\/a>, en d\u00e9fense centrale, suspendu lors du premier match, et un passage du 3-4-3 au 4-3-3 avec Abou Ba en sentinelle, les Girondins n\u2019ont pas trouv\u00e9 la solution.<\/p>\n<p>            La suite apr\u00e8s cette publicit\u00e9<\/p>\n<p>Avec un seul point pris en deux rencontres et une attaque toujours muette, Bordeaux r\u00e9alise un d\u00e9but de saison poussif. Les ambitions de mont\u00e9e affich\u00e9es par le club contrastent avec la r\u00e9alit\u00e9 du terrain, o\u00f9 la formation girondine manque encore de liant et d\u2019efficacit\u00e9. Provisoirement 12e de leur groupe, les Bordelais devront rapidement r\u00e9agir s\u2019ils veulent rester au contact des \u00e9quipes de t\u00eate et \u00e9viter de laisser s\u2019installer le doute.<\/p>\n<p>\n    Pub. le 23\/08\/2025 21:59<br \/>\n            &#8211; MAJ le 23\/08\/2025 22:03\n    <\/p>\n","protected":false},"excerpt":{"rendered":"Le d\u00e9but de saison bordelais, toujours coinc\u00e9 en National 2, est loin d\u2019\u00eatre \u00e0 la hauteur des ambitions&hellip;\n","protected":false},"author":2,"featured_media":230993,"comment_status":"","ping_status":"","sticky":false,"template":"","format":"standard","meta":{"footnotes":""},"categories":[2817],"tags":[1111,11,1997,1777,674,1011,27,12,2219,25],"class_list":{"0":"post-339216","1":"post","2":"type-post","3":"status-publish","4":"format-standard","5":"has-post-thumbnail","7":"category-bordeaux","8":"tag-actu","9":"tag-actualites","10":"tag-bordeaux","11":"tag-eu","12":"tag-europe","13":"tag-fr","14":"tag-france","15":"tag-news","16":"tag-nouvelle-aquitaine","17":"tag-republique-francaise"},"share_on_mastodon":{"url":"https:\/\/pubeurope.com\/@fr\/115079919984259094","error":""},"_links":{"self":[{"href":"https:\/\/www.europesays.com\/fr\/wp-json\/wp\/v2\/posts\/339216","targetHints":{"allow":["GET"]}}],"collection":[{"href":"https:\/\/www.europesays.com\/fr\/wp-json\/wp\/v2\/posts"}],"about":[{"href":"https:\/\/www.europesays.com\/fr\/wp-json\/wp\/v2\/types\/post"}],"author":[{"embeddable":true,"href":"https:\/\/www.europesays.com\/fr\/wp-json\/wp\/v2\/users\/2"}],"replies":[{"embeddable":true,"href":"https:\/\/www.europesays.com\/fr\/wp-json\/wp\/v2\/comments?post=339216"}],"version-history":[{"count":0,"href":"https:\/\/www.europesays.com\/fr\/wp-json\/wp\/v2\/posts\/339216\/revisions"}],"wp:featuredmedia":[{"embeddable":true,"href":"https:\/\/www.europesays.com\/fr\/wp-json\/wp\/v2\/media\/230993"}],"wp:attachment":[{"href":"https:\/\/www.europesays.com\/fr\/wp-json\/wp\/v2\/media?parent=339216"}],"wp:term":[{"taxonomy":"category","embeddable":true,"href":"https:\/\/www.europesays.com\/fr\/wp-json\/wp\/v2\/categories?post=339216"},{"taxonomy":"post_tag","embeddable":true,"href":"https:\/\/www.europesays.com\/fr\/wp-json\/wp\/v2\/tags?post=339216"}],"curies":[{"name":"wp","href":"https:\/\/api.w.org\/{rel}","templated":true}]}}