{"id":339217,"date":"2025-08-23T20:16:11","date_gmt":"2025-08-23T20:16:11","guid":{"rendered":"https:\/\/www.europesays.com\/fr\/339217\/"},"modified":"2025-08-23T20:16:11","modified_gmt":"2025-08-23T20:16:11","slug":"a-toulouse-lexpo-photo-le-ciel-des-femmes-rend-hommage-aux-femmes-de-laeronautique","status":"publish","type":"post","link":"https:\/\/www.europesays.com\/fr\/339217\/","title":{"rendered":"\u00c0 Toulouse, l\u2019expo photo \u00ab\u00a0Le ciel des femmes\u00a0\u00bb rend hommage aux femmes de l\u2019a\u00e9ronautique"},"content":{"rendered":"<p>\u00c0 l\u2019occasion de ses 10 ans, le mus\u00e9e aeroscopia a d\u00e9voil\u00e9 une\u00a0exposition photographique in\u00e9dite le mois dernier. Nomm\u00e9e \u00ab\u00a0Le ciel des femmes\u00a0\u00bb, cette exhibition temporaire <strong>rend hommage aux femmes de l\u2019a\u00e9ronautique<\/strong>\u00a0:\u00a0pilotes, m\u00e9caniciennes, techniciennes, h\u00f4tesses\u2026 Le tout imagin\u00e9 avec la complicit\u00e9 du photojournaliste Reza et de la commissaire d\u2019exposition Rachel Deghati.<\/p>\n<p>Des femmes des quatre coins du monde<\/p>\n<p>Gr\u00e2ce au travail de Reza, les visiteurs peuvent admirer des portraits monumentaux suspendus, une fresque visuelle, ainsi qu\u2019une s\u00e9rie in\u00e9dite r\u00e9alis\u00e9e \u00e0 <a href=\"https:\/\/lopinion.com\/articles\/actualite\/actualites-haute-garonne\" rel=\"noopener noreferrer nofollow\" target=\"_blank\">Toulouse<\/a>. Ce portrait pluriel des femmes du ciel rassemble <strong>plus d\u2019une centaine de photographies<\/strong>. \u00ab\u00a0\u00c0 travers cette travers\u00e9e sensible entre les continents et les univers, des femmes photographi\u00e9es \u00e0 Kaboul ou en Chine c\u00f4toient les h\u00e9ro\u00efnes anonymes de l\u2019a\u00e9ronautique, au c\u0153ur des usines toulousaines ou dans l\u2019arm\u00e9e de l\u2019air. Chaque image r\u00e9v\u00e8le une \u00e9motion, une dignit\u00e9, une force int\u00e9rieure\u00a0\u00bb, d\u00e9taille le mus\u00e9e aeroscopia.<\/p>\n<p>Une forte dimension humaine<\/p>\n<p>De plus, les clich\u00e9s expos\u00e9s sont enrichis par des<strong> t\u00e9moignages recueillis par Rachel Deghati<\/strong>, afin d\u2019offrir un autre regard sur celles qui font vivre l\u2019a\u00e9ronautique, entre travail et vie personnelle. \u00ab\u00a0J&rsquo;ai connu des gens qui m&rsquo;ont dit que puisque j&rsquo;avais pris ce poste de travail, il y avait un homme \u00e0 la maison qui n&rsquo;avait pas de travail\u00a0\u00bb, a notamment confi\u00e9 Monica, ing\u00e9nieure chez ATR. Les int\u00e9ress\u00e9s ont <strong>jusqu\u2019au 30 novembre 2025<\/strong> pour parcourir l\u2019exposition.<\/p>\n<p>&gt;&gt; \u00c0 LIRE AUSSI : <a href=\"https:\/\/lopinion.com\/articles\/culture\/29884_toulouse-lenvol-des-pionniers-voyage-retro\" rel=\"noopener noreferrer nofollow\" target=\"_blank\">Toulouse : L\u2019Envol des Pionniers invite (gratuitement) au voyage dans une ambiance r\u00e9tro<\/a><\/p>\n","protected":false},"excerpt":{"rendered":"\u00c0 l\u2019occasion de ses 10 ans, le mus\u00e9e aeroscopia a d\u00e9voil\u00e9 une\u00a0exposition photographique in\u00e9dite le mois dernier. Nomm\u00e9e&hellip;\n","protected":false},"author":2,"featured_media":339218,"comment_status":"","ping_status":"","sticky":false,"template":"","format":"standard","meta":{"footnotes":""},"categories":[2816],"tags":[1111,11,1777,674,1011,27,12,2680,25,2312],"class_list":{"0":"post-339217","1":"post","2":"type-post","3":"status-publish","4":"format-standard","5":"has-post-thumbnail","7":"category-toulouse","8":"tag-actu","9":"tag-actualites","10":"tag-eu","11":"tag-europe","12":"tag-fr","13":"tag-france","14":"tag-news","15":"tag-occitanie","16":"tag-republique-francaise","17":"tag-toulouse"},"share_on_mastodon":{"url":"https:\/\/pubeurope.com\/@fr\/115079923923220681","error":""},"_links":{"self":[{"href":"https:\/\/www.europesays.com\/fr\/wp-json\/wp\/v2\/posts\/339217","targetHints":{"allow":["GET"]}}],"collection":[{"href":"https:\/\/www.europesays.com\/fr\/wp-json\/wp\/v2\/posts"}],"about":[{"href":"https:\/\/www.europesays.com\/fr\/wp-json\/wp\/v2\/types\/post"}],"author":[{"embeddable":true,"href":"https:\/\/www.europesays.com\/fr\/wp-json\/wp\/v2\/users\/2"}],"replies":[{"embeddable":true,"href":"https:\/\/www.europesays.com\/fr\/wp-json\/wp\/v2\/comments?post=339217"}],"version-history":[{"count":0,"href":"https:\/\/www.europesays.com\/fr\/wp-json\/wp\/v2\/posts\/339217\/revisions"}],"wp:featuredmedia":[{"embeddable":true,"href":"https:\/\/www.europesays.com\/fr\/wp-json\/wp\/v2\/media\/339218"}],"wp:attachment":[{"href":"https:\/\/www.europesays.com\/fr\/wp-json\/wp\/v2\/media?parent=339217"}],"wp:term":[{"taxonomy":"category","embeddable":true,"href":"https:\/\/www.europesays.com\/fr\/wp-json\/wp\/v2\/categories?post=339217"},{"taxonomy":"post_tag","embeddable":true,"href":"https:\/\/www.europesays.com\/fr\/wp-json\/wp\/v2\/tags?post=339217"}],"curies":[{"name":"wp","href":"https:\/\/api.w.org\/{rel}","templated":true}]}}