{"id":339219,"date":"2025-08-23T20:17:14","date_gmt":"2025-08-23T20:17:14","guid":{"rendered":"https:\/\/www.europesays.com\/fr\/339219\/"},"modified":"2025-08-23T20:17:14","modified_gmt":"2025-08-23T20:17:14","slug":"toulouse-brest-on-a-un-deal-ce-queric-roy-attend-de-mama-balde-cette-saison-au-stade-brestois","status":"publish","type":"post","link":"https:\/\/www.europesays.com\/fr\/339219\/","title":{"rendered":"Toulouse &#8211; Brest\u00a0: \u00ab\u00a0On a un deal\u00a0\u00bb, ce qu\u2019\u00c9ric Roy attend de Mama Bald\u00e9 cette saison au Stade Brestois"},"content":{"rendered":"<p>Ligue 1 (2e journ\u00e9e)\u00a0: Toulouse &#8211; Stade Brestois, ce dimanche (17\u00a0h\u00a015)<\/p>\n<p>Quand on arrive au Stade Brestois sous forme de transfert payant (4,5 M\u20ac), le retour sur investissement est in\u00e9vitablement surveill\u00e9 de pr\u00e8s. Cette attente accompagne <a href=\"https:\/\/www.letelegramme.fr\/fiches\/foot\/stade-brestois-29\/foot\/mama-balde-6759fbd4bb250e59750acd44.php\" target=\"_blank\" rel=\"noopener\">Mama Bald\u00e9<\/a> depuis l\u2019\u00e9t\u00e9 2024. Arriv\u00e9 de Lyon le dernier jour du mercato, l\u2019attaquant bissau-guin\u00e9en s\u2019est montr\u00e9 assez irr\u00e9gulier dans ses prestations (quatre passes et seulement deux buts en 42 matchs, dont le dernier en octobre 2024) jusqu\u2019en mai 2025. <a href=\"https:\/\/www.letelegramme.fr\/sports\/football\/stade-brestois\/prets-fin-de-contrat-profils-recherches-comment-le-stade-brestois-prepare-la-saison-prochaine-6808569.php\" target=\"_blank\" rel=\"noopener\">\u00c0 tel point qu\u2019un d\u00e9part a \u00e9t\u00e9 envisag\u00e9 d\u00e8s le printemps<\/a>, malgr\u00e9 ses trois ann\u00e9es de contrat. Pourtant, en cette fin ao\u00fbt, il est toujours l\u00e0, et bien l\u00e0.<\/p>\n<p><a href=\"https:\/\/www.letelegramme.fr\/sports\/football\/stade-brestois\/brest-lille-le-resume-dun-match-nul-completement-fou-marque-par-la-premiere-polemique-de-la-saison-6872558.php\" target=\"_blank\" rel=\"noopener\">Sa prestation aboutie \u00e0 Le Bl\u00e9<\/a>, dimanche dernier en ouverture de la Ligue 1, a en tout cas plu \u00e0 son entra\u00eeneur, qui compte sur lui pour lancer la machine brestoise en championnat, avec un niveau d\u2019exigence relev\u00e9. \u00ab\u00a0Oui j\u2019en attends forc\u00e9ment plus, confirme \u00c9ric Roy. J\u2019ai fait un bilan avec lui, on a un deal. J\u2019attends de lui plus de constance, qu\u2019il soit capable de r\u00e9p\u00e9ter les performances comme celle du match contre Lille, o\u00f9 je l\u2019ai trouv\u00e9 tr\u00e8s bon.\u00a0\u00bb<\/p>\n<p>Locko-Bald\u00e9, paire en devenir \u00e0 gauche<\/p>\n<p>Virevoltant sur l\u2019aile gauche, Mama Bald\u00e9 a contribu\u00e9 \u00e0 la r\u00e9ussite offensive de son \u00e9quipe, d\u00e9livrant m\u00eame une passe d\u00e9cisive \u00e0 Kamory Doumbia. Ses tentatives directes vers le but adverse ont connu moins de succ\u00e8s, mais il a souvent d\u00e9stabilis\u00e9 la d\u00e9fense nordiste par ses dribbles, ses acc\u00e9l\u00e9rations. \u00ab\u00a0C\u2019est le joueur que j\u2019ai envie de voir, celui qui nous am\u00e8nera \u00e0 avoir une \u00e9quipe plus forte, poursuit son coach. Il fait partie des trois attaquants (avec Ludovic Ajorque et Romain Del Castillo) \u00e0 avoir un peu d\u2019exp\u00e9rience, donc je compte sur lui, \u00e9videmment.\u00a0\u00bb<\/p>\n<p>En attendant de probables renforts offensifs en fin de mercato estival, \u00c9ric Roy veut installer son feu follet sur l\u2019aile gauche, et ainsi renforcer sa compl\u00e9mentarit\u00e9 avec Bradley Locko. \u00ab\u00a0Sur les c\u00f4t\u00e9s, on a besoin d\u2019avoir des associations fortes, explique le technicien finist\u00e9rien. Les deux se d\u00e9couvrent un peu, mais quand ils auront l\u2019habitude de jouer ensemble, ce sera efficace et performant.\u00a0\u00bb Un nouvel aper\u00e7u est pr\u00e9vu ce dimanche apr\u00e8s-midi <a href=\"https:\/\/www.letelegramme.fr\/sports\/football\/joueur-a-suivre-intersaison-mouvementee-resultats-ou-en-est-toulouse-deuxieme-adversaire-du-stade-brestois-en-ligue-1-6873813.php\" target=\"_blank\" rel=\"noopener\">\u00e0 Toulouse<\/a>.<\/p>\n","protected":false},"excerpt":{"rendered":"Ligue 1 (2e journ\u00e9e)\u00a0: Toulouse &#8211; Stade Brestois, ce dimanche (17\u00a0h\u00a015) Quand on arrive au Stade Brestois sous&hellip;\n","protected":false},"author":2,"featured_media":339220,"comment_status":"","ping_status":"","sticky":false,"template":"","format":"standard","meta":{"footnotes":""},"categories":[2816],"tags":[1111,11,3450,1777,674,63,1011,27,66,12,2680,25,60,4449,2312],"class_list":{"0":"post-339219","1":"post","2":"type-post","3":"status-publish","4":"format-standard","5":"has-post-thumbnail","7":"category-toulouse","8":"tag-actu","9":"tag-actualites","10":"tag-brest","11":"tag-eu","12":"tag-europe","13":"tag-football","14":"tag-fr","15":"tag-france","16":"tag-ligue-1","17":"tag-news","18":"tag-occitanie","19":"tag-republique-francaise","20":"tag-sports","21":"tag-stade-brestois","22":"tag-toulouse"},"share_on_mastodon":{"url":"https:\/\/pubeurope.com\/@fr\/115079927723128877","error":""},"_links":{"self":[{"href":"https:\/\/www.europesays.com\/fr\/wp-json\/wp\/v2\/posts\/339219","targetHints":{"allow":["GET"]}}],"collection":[{"href":"https:\/\/www.europesays.com\/fr\/wp-json\/wp\/v2\/posts"}],"about":[{"href":"https:\/\/www.europesays.com\/fr\/wp-json\/wp\/v2\/types\/post"}],"author":[{"embeddable":true,"href":"https:\/\/www.europesays.com\/fr\/wp-json\/wp\/v2\/users\/2"}],"replies":[{"embeddable":true,"href":"https:\/\/www.europesays.com\/fr\/wp-json\/wp\/v2\/comments?post=339219"}],"version-history":[{"count":0,"href":"https:\/\/www.europesays.com\/fr\/wp-json\/wp\/v2\/posts\/339219\/revisions"}],"wp:featuredmedia":[{"embeddable":true,"href":"https:\/\/www.europesays.com\/fr\/wp-json\/wp\/v2\/media\/339220"}],"wp:attachment":[{"href":"https:\/\/www.europesays.com\/fr\/wp-json\/wp\/v2\/media?parent=339219"}],"wp:term":[{"taxonomy":"category","embeddable":true,"href":"https:\/\/www.europesays.com\/fr\/wp-json\/wp\/v2\/categories?post=339219"},{"taxonomy":"post_tag","embeddable":true,"href":"https:\/\/www.europesays.com\/fr\/wp-json\/wp\/v2\/tags?post=339219"}],"curies":[{"name":"wp","href":"https:\/\/api.w.org\/{rel}","templated":true}]}}