{"id":339224,"date":"2025-08-23T20:21:15","date_gmt":"2025-08-23T20:21:15","guid":{"rendered":"https:\/\/www.europesays.com\/fr\/339224\/"},"modified":"2025-08-23T20:21:15","modified_gmt":"2025-08-23T20:21:15","slug":"adrien-rabiot-pourrait-finalement-rester-a-marseille","status":"publish","type":"post","link":"https:\/\/www.europesays.com\/fr\/339224\/","title":{"rendered":"Adrien Rabiot pourrait finalement rester \u00e0 Marseille"},"content":{"rendered":"<p style=\"text-align: justify;\"><strong>TRANSFERTS OM \u2013 En conf\u00e9rence de presse, Roberto De Zerbi a tendu la main \u00e0 Adrien Rabiot pour une r\u00e9int\u00e9gration dans le groupe.<br \/><\/strong><\/p>\n<p style=\"text-align: justify;\">Tout n\u2019a pas \u00e9t\u00e9 parfait mais l\u2019<strong>Olympique de Marseille<\/strong> a lanc\u00e9 sa saison samedi apr\u00e8s-midi <a title=\"Ligue 1 2025\/2026 (J2) : Un OM \u00e0 deux visages, mais trois points qui font du bien\" href=\"https:\/\/dicodusport.fr\/blog\/ligue-1-2025-2026-j2-un-om-a-deux-visages-mais-trois-points-qui-font-du-bien\/\" rel=\"noopener\" target=\"_blank\">en venant \u00e0 bout du <strong>Paris<\/strong> <strong>FC<\/strong> sur le score de 5 buts \u00e0 2<\/a>. Les Olympiens se sont fait peur, mais les trois points sont l\u00e0 et c\u2019est bien le principal apr\u00e8s une semaine compliqu\u00e9e qui a vu le d\u00e9part de <strong>Jonathan<\/strong> <strong>Rowe,<\/strong> alors qu\u2019<strong>Adrien Rabiot<\/strong> est sur la liste des transferts.<\/p>\n<p>Et si Adrien Rabiot restait \u00e0 l\u2019OM ?<\/p>\n<p style=\"text-align: justify;\">La surprise de l\u2019apr\u00e8s-midi est venu de la conf\u00e9rence de presse d\u2019apr\u00e8s match. <strong>Roberto De Zerbi<\/strong>, pourtant plut\u00f4t ferme sur le sort r\u00e9serv\u00e9 \u00e0 <strong>Adrien<\/strong> <strong>Rabiot<\/strong> au milieu de la semaine, a ouvert la porte \u00e0 son retour. Il a d\u2019abord expliqu\u00e9 :<\/p>\n<blockquote>\n<p style=\"text-align: justify;\">En ce qui concerne Rabiot, je n\u2019ai encore parl\u00e9 \u00e0 Pablo Longoria et Medhi Benatia mais l\u2019espoir que j\u2019ai, et c\u2019est pas seulement par rapport \u00e0 la valeur du joueur, mais par rapport \u00e0 la personne qu\u2019il est. Mais m\u00eame s\u2019il a fait une erreur, j\u2019esp\u00e8re qu\u2019il y a la possibilit\u00e9 de repenser la chose, que les choses se remettent.<\/p>\n<\/blockquote>\n<p style=\"text-align: justify;\">L\u2019entra\u00eeneur italien a donc \u00e9t\u00e9 relanc\u00e9 sur ses intentions par rapport \u00e0 l\u2019international fran\u00e7ais. <strong>Roberto<\/strong> <strong>De<\/strong> <strong>Zerbi<\/strong> veut-il poursuivre l\u2019aventure avec <strong>Adrien Rabiot<\/strong> ? Sa r\u00e9ponse semble plut\u00f4t claire :<\/p>\n<blockquote>\n<p style=\"text-align: justify;\">Je pense \u00eatre quelqu\u2019un de bien aussi, j\u2019essaie de tendre la main. Je ne mets jamais de croix sur les personnes. Si je peux aider \u00e0 r\u00e9soudre ce probl\u00e8me, je suis pr\u00eat \u00e0 tout. Pas pour le joueur mais pour la personne qu\u2019il est. Je pense que c\u2019est important, pour le bien de tous, pas seulement footballistique mais aussi humain.<\/p>\n<\/blockquote>\n<p style=\"text-align: justify;\">Reste maintenant \u00e0 conna\u00eetre la position des dirigeants olympiens quant \u00e0 cette possibilit\u00e9, mais aussi celle d\u2019<strong>Adrien Rabiot<\/strong>. Le milieu fran\u00e7ais est-il pr\u00eat \u00e0 rejouer pour l\u2019OM apr\u00e8s les diverses d\u00e9clarations faites dans la presse ?<\/p>\n<p>\u00c0 ce sujet<br \/>\n<a href=\"https:\/\/dicodusport.fr\/blog\/mercato-om-2025-2026-le-tableau-complet-des-transferts-arrivees-et-departs\/\" class=\"vlp-link\" title=\"Mercato OM 2025-2026 : Le tableau complet des transferts, arriv\u00e9es et d\u00e9parts\" target=\"_blank\" rel=\"noopener\"><img loading=\"lazy\" decoding=\"async\" style=\"max-width: 792px;\" width=\"792\" height=\"445\" class=\"attachment-800x445 size-800x445 perfmatters-lazy\" alt=\"Mercato OM 2025-2026 Le tableau complet des transferts, arriv\u00e9es et d\u00e9parts\" src=\"https:\/\/www.europesays.com\/fr\/wp-content\/uploads\/2025\/08\/Mercato-OM-2025-2026-Le-tableau-complet-des-transferts-arrivees-et-departs.png\"  data-\/><\/p>\n<p>Mercato OM 2025-2026 : Le tableau complet des transferts, arriv\u00e9es et d\u00e9parts<\/p>\n<p>TRANSFERTS OM &#8211; Retrouvez tous les mouvements de l&rsquo;Olympique de Marseille pour l&rsquo;intersaison 2025 en Ligue 1. Arriv\u00e9es, d\u00e9part, pr\u00eats, transferts d\u00e9finitifs, ne ratez rien du mercato estival.\u00a0<\/p>\n<p>Lire l&rsquo;article<\/p>\n<p>dicodusport.fr<\/p>\n","protected":false},"excerpt":{"rendered":"TRANSFERTS OM \u2013 En conf\u00e9rence de presse, Roberto De Zerbi a tendu la main \u00e0 Adrien Rabiot pour&hellip;\n","protected":false},"author":2,"featured_media":339225,"comment_status":"","ping_status":"","sticky":false,"template":"","format":"standard","meta":{"footnotes":""},"categories":[2814],"tags":[1111,11,2113,1777,674,1011,27,66,884,47134,12,882,25],"class_list":{"0":"post-339224","1":"post","2":"type-post","3":"status-publish","4":"format-standard","5":"has-post-thumbnail","7":"category-marseille","8":"tag-actu","9":"tag-actualites","10":"tag-breve","11":"tag-eu","12":"tag-europe","13":"tag-fr","14":"tag-france","15":"tag-ligue-1","16":"tag-marseille","17":"tag-mercato-om","18":"tag-news","19":"tag-provence-alpes-cote-dazur","20":"tag-republique-francaise"},"share_on_mastodon":{"url":"https:\/\/pubeurope.com\/@fr\/115079943894867961","error":""},"_links":{"self":[{"href":"https:\/\/www.europesays.com\/fr\/wp-json\/wp\/v2\/posts\/339224","targetHints":{"allow":["GET"]}}],"collection":[{"href":"https:\/\/www.europesays.com\/fr\/wp-json\/wp\/v2\/posts"}],"about":[{"href":"https:\/\/www.europesays.com\/fr\/wp-json\/wp\/v2\/types\/post"}],"author":[{"embeddable":true,"href":"https:\/\/www.europesays.com\/fr\/wp-json\/wp\/v2\/users\/2"}],"replies":[{"embeddable":true,"href":"https:\/\/www.europesays.com\/fr\/wp-json\/wp\/v2\/comments?post=339224"}],"version-history":[{"count":0,"href":"https:\/\/www.europesays.com\/fr\/wp-json\/wp\/v2\/posts\/339224\/revisions"}],"wp:featuredmedia":[{"embeddable":true,"href":"https:\/\/www.europesays.com\/fr\/wp-json\/wp\/v2\/media\/339225"}],"wp:attachment":[{"href":"https:\/\/www.europesays.com\/fr\/wp-json\/wp\/v2\/media?parent=339224"}],"wp:term":[{"taxonomy":"category","embeddable":true,"href":"https:\/\/www.europesays.com\/fr\/wp-json\/wp\/v2\/categories?post=339224"},{"taxonomy":"post_tag","embeddable":true,"href":"https:\/\/www.europesays.com\/fr\/wp-json\/wp\/v2\/tags?post=339224"}],"curies":[{"name":"wp","href":"https:\/\/api.w.org\/{rel}","templated":true}]}}