{"id":339228,"date":"2025-08-23T20:23:10","date_gmt":"2025-08-23T20:23:10","guid":{"rendered":"https:\/\/www.europesays.com\/fr\/339228\/"},"modified":"2025-08-23T20:23:10","modified_gmt":"2025-08-23T20:23:10","slug":"des-gones-seduisants-font-la-course-en-tete","status":"publish","type":"post","link":"https:\/\/www.europesays.com\/fr\/339228\/","title":{"rendered":"des Gones s\u00e9duisants font la course en t\u00eate"},"content":{"rendered":"<p>La banderole hostile envers John Textor<\/p>\n<p>\u00ab\u00a0John Textor est l\u2019escroc d\u2019un syst\u00e8me sans garde-fou. Non \u00e0 la multipropri\u00e9t\u00e9.\u00a0\u00bb<\/p>\n<p>Celui qui a quitt\u00e9 le poste de pr\u00e9sident de l&rsquo;OL en prend pour son grade.<\/p>\n<p>Le petit pont magnifique de Fofana<\/p>\n<p>Le Belge continue de nous r\u00e9galer et nous gratifie d&rsquo;un petit pont \u00ab\u00a0semelle\u00a0\u00bb sur San\u00e9. Le d\u00e9fenseur messin est \u00e0 la faute pour l&#8217;emp\u00eacher de continuer sa course.<\/p>\n<p>C&rsquo;est reparti !<\/p>\n<p>Ce sont les Messins qui engagent cette deuxi\u00e8me p\u00e9riode dans laquelle ils devront \u00eatre plus ambitieux pour esp\u00e9rer revenir au score !<\/p>\n<p>Des Gones s\u00e9duisants et en t\u00eate \u00e0 la pause (2-0) !<\/p>\n<p>Gr\u00e2ce \u00e0 des buts de Fofana et Tolisso, l&rsquo;OL fait la course en t\u00eate \u00e0 la pause gr\u00e2ce \u00e0 une \u00e9quipe messine qui a souffert sur ce premier acte !<\/p>\n<p>Les Gones s\u00e9duisent pour leur premi\u00e8re de la saison \u00e0 domicile.<\/p>\n<p>Abner solide en d\u00e9fense<\/p>\n<p>Le Br\u00e9silien gagne \u00e0 la course alors que Kouao va aussi tr\u00e8s vite.<\/p>\n<p>3 minutes de temps additionnel<\/p>\n<p>On vient d&rsquo;entrer dans le temps additionnel avec trois minutes en plus dans ce premier acte qui r\u00e9gale le public du Groupama Stadium.<\/p>\n<p>Kouao s&rsquo;excuse aupr\u00e8s de Fofana<\/p>\n<p>Accrochage entre les deux joueurs sur l&rsquo;aile et tout de suite, le lat\u00e9ral messin s&rsquo;excuse aupr\u00e8s du Belge, d\u00e9j\u00e0 strapp\u00e9 sur une cheville droite fragilis\u00e9e derni\u00e8rement.<\/p>\n<p>Un premier changement pr\u00e9cipit\u00e9 c\u00f4t\u00e9 messin<\/p>\n<p>Mboula, semble-t-il g\u00ean\u00e9 musculairement \u00e0 la cuisse gauche, est remplac\u00e9 par Alpha Tour\u00e9.<\/p>\n<p>Hein g\u00e2che une munition pour Metz<\/p>\n<p>Alors qu&rsquo;il avait fait la diff\u00e9rence en s&rsquo;ouvrant le c\u00f4t\u00e9 gauche, le capitaine messin se pr\u00e9cipite un peu trop pour servir le jeune Madjo dans l&rsquo;axe. Mata \u00e9tait entre les deux joueurs et le ballon lui arrive finalement dessus.<\/p>\n<p>Metz a pris un coup de massue<\/p>\n<p>Forc\u00e9ment, les deux buts coup sur coup de l&rsquo;OL font tr\u00e8s mal \u00e0 cette \u00e9quipe messine. On se demande bien comment la troupe de Stephane Le Mignan va sonner sa r\u00e9volte.<\/p>\n<p>Une \u00e9quipe lyonnaise tr\u00e8s s\u00e9duisante<\/p>\n<p>Les Lyonnais attaquent dans tous les sens. Un coup par Fofana \u00e0 gauche, puis avec Tolisso entre les lignes dans l&rsquo;axe et Sulc \u00e0 droite. Cela va trop vite pour Metz.<\/p>\n<p>L&rsquo;ouverture du score de Fofana en vid\u00e9o<\/p>\n<p>L&rsquo;ailier belge a parfaitement lanc\u00e9 les siens gr\u00e2ce \u00e0 un coup de g\u00e9nie.<\/p>\n<p>TOLISSO FAIT LE BREAK ET ASSOMME METZ !!!<\/p>\n<p>L&rsquo;OL poursuit sa d\u00e9monstration ! Sur une magnifique passe cach\u00e9e de Morton, Mata d\u00e9borde c\u00f4t\u00e9 droit. Derri\u00e8re, le Belge centre au point de p\u00e9nalty pour Tolisso qui crucifie Fischer, 2-0 pour les Gones !<\/p>\n<p>Sulc d\u00e9j\u00e0 d\u00e9cisif<\/p>\n<p>Premi\u00e8re titularisation et premi\u00e8re implication d\u00e9cisive pour Pavel Sulc, le nouveau num\u00e9ro 10 de l&rsquo;OL. Le Tch\u00e8que de 24 ans, d\u00e9barqu\u00e9 en provenance du Viktoria Pizen cet \u00e9t\u00e9, donne le ton et sera clairement l&rsquo;un des acteurs \u00e0 surveiller cette saison.<\/p>\n<p>FOFANA OUVRE LE SCORE POUR L&rsquo;OL, 1-0 !!!!<\/p>\n<p>Il fallait un g\u00e9nie pour d\u00e9livrer l&rsquo;OL, le voil\u00e0 ! Sulc contr\u00f4le le ballon \u00e0 l&rsquo;entr\u00e9e de la surface et remise sur Fofana. Le Belge feinte la d\u00e9fense messine avant de frapper et fait mouche devant Fischer !<\/p>\n<p>Sulc \u00e9chappe au carton<\/p>\n<p>Le nouveau num\u00e9ro 10 lyonnais est en retard et laisse tra\u00eener le bout de son crampon sur Mboula. Le Tch\u00e8que est rappel\u00e9 \u00e0 l&rsquo;ordre.<\/p>\n<p>Mata fait bloc devant Madjo !<\/p>\n<p>Alors que la d\u00e9fense de l&rsquo;OL est \u00e0 l&rsquo;arr\u00eat et croit d\u00e9j\u00e0 voir le ballon sorti, Kouao s&rsquo;arrache sur le c\u00f4t\u00e9 et parvient \u00e0 centrer vers Madjo. L&rsquo;attaquant de 16 ans encha\u00eene avec une frappe s\u00e8che contr\u00e9e par Mata.<\/p>\n<p>Cheikh Sabaly, grand absent de Metz<\/p>\n<p>Le S\u00e9n\u00e9galais de 26 ans est en gr\u00e8ve, rapportent plusieurs sources concordantes.<\/p>\n<p>Le meilleur buteur messin de la saison derni\u00e8re en Ligue 2 souhaite ainsi forcer son d\u00e9part et rejoindre le club anglais de Middlesbrough.<\/p>\n<p>Le tr\u00e8s jeune Madjo, curiosit\u00e9 de l&rsquo;attaque messine<\/p>\n<p>L&rsquo;attaquant luxembourgeois de 16 ans honore sa premi\u00e8re titularisation en Ligue 1 avec Metz et vient d&rsquo;\u00eatre trouv\u00e9 pour la premi\u00e8re fois dans la surface. Ce premier centre \u00e9tait toutefois difficile \u00e0 n\u00e9gocier.<\/p>\n<p>Metz inqui\u00e9t\u00e9 sur ce premier quart d&rsquo;heure<\/p>\n<p>Au vu des facilit\u00e9s de l&rsquo;OL entrevues en attaque, le banc messin proc\u00e8de \u00e0 ses premiers ajustements.<\/p>\n<p>L&rsquo;hommage du public lyonnais \u00e0 Bernard Lacombe<\/p>\n<p>Tout le Groupama Stadium rend un bel hommage \u00e0 Bernard Lacombe, v\u00e9ritable l\u00e9gende des Gones et troisi\u00e8me meilleur buteur de l&rsquo;OL avec 149 buts.<\/p>\n<p>La tentative audacieuse de Mikautadze<\/p>\n<p>L&rsquo;ancien Messin voit Fischer dans une position avanc\u00e9e et tente un lob un peu pr\u00e9somptueux depuis la ligne m\u00e9diane. C&rsquo;est \u00e0 c\u00f4t\u00e9.<\/p>\n<p>La t\u00eate de Sulc passe au-dessus<\/p>\n<p>L&rsquo;OL continue de se projeter en attaque, avec un mouvement encore orchestr\u00e9 par Fofana. Le Belge centre et trouve Sulc dans la surface mais le Tch\u00e8que ne parvient pas \u00e0 rabattre correctement le ballon de la t\u00eate.<\/p>\n<p>LE PREMIER COUP DE CHAUD POUR METZ !!<\/p>\n<p>Magnifique mouvement \u00e0 trois de Tolisso, Fofana et Mikautadze. Le Belge sert l&rsquo;attaquant g\u00e9orgien dans la surface, lequel frappe en premi\u00e8re intention mais Fischer repousse en corner avec une magnifique claquette !<\/p>\n<p>Le coup tactique de Metz<\/p>\n<p>Sur ces premi\u00e8res minutes de jeu, c&rsquo;est plut\u00f4t un 4-2-3-1 que l&rsquo;on a c\u00f4t\u00e9 Metz. Avec donc une d\u00e9fense \u00e0 quatre que Kouao, San\u00e9, Gbamin et Mboula composent.<\/p>\n<p>La premi\u00e8re intervention de Kouao<\/p>\n<p>L&rsquo;Ivoirien est bien inspir\u00e9e pour couper la trajectoire d&rsquo;un ballon qui fusait vers Malick Fofana sur le c\u00f4t\u00e9 gauche.<\/p>\n<p>C&rsquo;est parti !<\/p>\n<p>Le coup d&rsquo;envoi est donn\u00e9 au Groupama Stadium ! Dans une chaude ambiance, ce sont les Lyonnais qui engagent ce duel face \u00e0 Metz avec l&rsquo;objectif d&rsquo;aller d\u00e9crocher une deuxi\u00e8me victoire cons\u00e9cutive en Ligue 1.<\/p>\n<p>Un coup d&rsquo;envoi l\u00e9g\u00e8rement retard\u00e9<\/p>\n<p>Les 22 joueurs font leur entr\u00e9e sur la pelouse et il faut donc s&rsquo;attendre \u00e0 ce que cette rencontre, qui doit initialement d\u00e9buter \u00e0 21:05, d\u00e9marre quelques minutes plus tard.<\/p>\n<p>La compo de Metz, avec Hein et Abuashvili<\/p>\n<p>Cons\u00e9quence de l&rsquo;absence de Cheick Sabaly (qui a demand\u00e9 son transfert), le G\u00e9orgien Giorgi Abuashvili est lanc\u00e9 dans le grand bain.<\/p>\n<p>Le capitaine Gauthier Hein signe, lui, son retour.<\/p>\n<p><strong>Le onze de d\u00e9part messin :<\/strong> Fischer &#8211; S. San\u00e9, Gbamin, Mboula &#8211; Kouao, Traor\u00e9, Stambouli, Tsitaichvili &#8211; Hein (c) &#8211; Madjo, Abuashvili.<\/p>\n<p>La compo de l&rsquo;OL, avec Tolisso et la recrue \u0160ulc<\/p>\n<p>Pas de grand changement pour Paulo Fonseca apr\u00e8s la victoire d\u00e9croch\u00e9e la semaine pass\u00e9e face \u00e0 Lens. Mais soir de premi\u00e8re pour la recrue, Pavel \u0160ulc.<\/p>\n<p><strong>Le onze de d\u00e9part de l&rsquo;OL :<\/strong> Descamps &#8211; Maitland-Niles, Mata, Niakhat\u00e9, Abner &#8211; Tessmann, Morton &#8211; \u0160ulc, Tolisso, Fofana &#8211; Mikautadze.<\/p>\n<p>\u00ab\u00a0J&rsquo;aime voir Netflix\u00a0\u00bb, Fonseca ouvert pour montrer les coulisses des clubs<\/p>\n<p>En conf\u00e9rence de presse ce jeudi, Paulo Fonseca a donn\u00e9 sa position quant au souhait de Ligue 1+, le diffuseur du championnat fran\u00e7ais, de d\u00e9voiler le plus possible les coulisses des clubs. L&rsquo;entra\u00eeneur de l&rsquo;Olympique lyonnais semble s\u00e9duit par le projet.<\/p>\n<p>&gt;&gt; <a href=\"https:\/\/rmcsport.bfmtv.com\/football\/ligue-1\/ligue-1-fonseca-ouvert-pour-devoiler-les-coulisses-de-l-ol-a-ligue-1-luis-enrique-assure-que-le-psg-montre-deja-tout_AV-202508210388.html\" title=\"Ligue 1: Fonseca ouvert pour d\u00e9voiler les coulisses de l&#039;OL \u00e0 Ligue 1+, Luis Enrique assure que le PSG montre &quot;d\u00e9j\u00e0 tout&quot;\" class=\"internal_link\" rel=\"nofollow noopener\" target=\"_blank\">La position du coach de l&rsquo;OL, qui veut \u00ab\u00a0\u00eatre plus ouvert\u00a0\u00bb<\/a><\/p>\n<p>Bonjour \u00e0 toutes et \u00e0 tous !<\/p>\n<p>Et bienvenue dans ce live pour suivre en direct comment\u00e9 la rencontre entre l&rsquo;Olympique lyonnais (5e, 3 points) et le FC Metz (15e, 0 point), match de la 2e journ\u00e9e de Ligue 1. Coup d&rsquo;envoi pr\u00e9vu \u00e0 21h05, \u00e0 suivre dans ce direct comment\u00e9 sur l&rsquo;app et le site RMC Sport !<\/p>\n","protected":false},"excerpt":{"rendered":"La banderole hostile envers John Textor \u00ab\u00a0John Textor est l\u2019escroc d\u2019un syst\u00e8me sans garde-fou. Non \u00e0 la multipropri\u00e9t\u00e9.\u00a0\u00bb&hellip;\n","protected":false},"author":2,"featured_media":339229,"comment_status":"","ping_status":"","sticky":false,"template":"","format":"standard","meta":{"footnotes":""},"categories":[1889],"tags":[1111,11,2430,1777,674,1011,27,2428,12,25],"class_list":{"0":"post-339228","1":"post","2":"type-post","3":"status-publish","4":"format-standard","5":"has-post-thumbnail","7":"category-lyon","8":"tag-actu","9":"tag-actualites","10":"tag-auvergne-rhone-alpes","11":"tag-eu","12":"tag-europe","13":"tag-fr","14":"tag-france","15":"tag-lyon","16":"tag-news","17":"tag-republique-francaise"},"share_on_mastodon":{"url":"https:\/\/pubeurope.com\/@fr\/115079951352153067","error":""},"_links":{"self":[{"href":"https:\/\/www.europesays.com\/fr\/wp-json\/wp\/v2\/posts\/339228","targetHints":{"allow":["GET"]}}],"collection":[{"href":"https:\/\/www.europesays.com\/fr\/wp-json\/wp\/v2\/posts"}],"about":[{"href":"https:\/\/www.europesays.com\/fr\/wp-json\/wp\/v2\/types\/post"}],"author":[{"embeddable":true,"href":"https:\/\/www.europesays.com\/fr\/wp-json\/wp\/v2\/users\/2"}],"replies":[{"embeddable":true,"href":"https:\/\/www.europesays.com\/fr\/wp-json\/wp\/v2\/comments?post=339228"}],"version-history":[{"count":0,"href":"https:\/\/www.europesays.com\/fr\/wp-json\/wp\/v2\/posts\/339228\/revisions"}],"wp:featuredmedia":[{"embeddable":true,"href":"https:\/\/www.europesays.com\/fr\/wp-json\/wp\/v2\/media\/339229"}],"wp:attachment":[{"href":"https:\/\/www.europesays.com\/fr\/wp-json\/wp\/v2\/media?parent=339228"}],"wp:term":[{"taxonomy":"category","embeddable":true,"href":"https:\/\/www.europesays.com\/fr\/wp-json\/wp\/v2\/categories?post=339228"},{"taxonomy":"post_tag","embeddable":true,"href":"https:\/\/www.europesays.com\/fr\/wp-json\/wp\/v2\/tags?post=339228"}],"curies":[{"name":"wp","href":"https:\/\/api.w.org\/{rel}","templated":true}]}}