{"id":339240,"date":"2025-08-23T20:32:09","date_gmt":"2025-08-23T20:32:09","guid":{"rendered":"https:\/\/www.europesays.com\/fr\/339240\/"},"modified":"2025-08-23T20:32:09","modified_gmt":"2025-08-23T20:32:09","slug":"ukraine-paris-convoque-lambassadrice-ditalie-apres-une-attaque-de-salvini-contre-macron","status":"publish","type":"post","link":"https:\/\/www.europesays.com\/fr\/339240\/","title":{"rendered":"Ukraine : Paris convoque l\u2019ambassadrice d\u2019Italie apr\u00e8s une attaque de Salvini contre Macron"},"content":{"rendered":"<p>          <img decoding=\"async\" class=\"c-ad__placeholder__logo\" src=\"https:\/\/static.euronews.com\/website\/images\/logos\/logo-euronews-stacked-outlined-72x72-grey-9.svg\" width=\"72\" height=\"72\" alt=\"\" loading=\"lazy\"\/><br \/>\n          PUBLICIT\u00c9<\/p>\n<p>Une nouvelle attaque en r\u00e8gle. Le Quai d&rsquo;Orsay a convoqu\u00e9 l&rsquo;ambassadrice italienne \u00e0 Paris, Emanuela D&rsquo;Alessandro, \u00e0 la suite des propos \u00ab\u00a0inacceptables\u00a0\u00bb tenus par le num\u00e9ro deux du gouvernement italien, Matteo Salvini, \u00e0 l&rsquo;encontre d&rsquo;Emmanuel Macron, en lien avec la position du pr\u00e9sident fran\u00e7ais sur l&rsquo;hypoth\u00e9tique envoi de troupes europ\u00e9ennes en Ukraine.<\/p>\n<p>La convocation du minist\u00e8re fran\u00e7ais des Affaires \u00e9trang\u00e8res, rapport\u00e9e par l&rsquo;AFP et France Inter, est intervenue quelques heures seulement apr\u00e8s que le leader de la Ligue, jeudi dernier, a invit\u00e9 le pr\u00e9sident fran\u00e7ais, en employant un dialecte milanais fleuri, \u00e0 combattre en Ukraine en personne. <\/p>\n<p>\u00ab\u00a0Tu mets ton casque, ta veste, ton fusil et tu vas en Ukraine\u00a0\u00bb, avait d\u00e9clar\u00e9 Salvini en marge d&rsquo;une visite \u00e0 Milan, commentant les garanties de s\u00e9curit\u00e9 pour Kyiv discut\u00e9es  des deux c\u00f4t\u00e9s de l&rsquo;Atlantique.<\/p>\n<p>Salvini avait \u00e9galement salu\u00e9 la politique de Donald Trump qui, \u00ab\u00a0avec ses mani\u00e8res qui peuvent parfois sembler brusques ou irr\u00e9guli\u00e8res\u00a0\u00bb, selon lui, \u00ab\u00a0r\u00e9ussit l\u00e0 o\u00f9 tous ont \u00e9chou\u00e9\u00a0\u00bb. Le leader d&rsquo;extr\u00eame droite a \u00e9galement fustig\u00e9 des projets attribu\u00e9s \u00e0 Macron, qui pr\u00e9voient \u00ab\u00a0des arm\u00e9es europ\u00e9ennes, des r\u00e9armements europ\u00e9ens, des dettes communes europ\u00e9ennes pour acheter des missiles\u00a0\u00bb.<\/p>\n<p>Lors de la convocation de l&rsquo;ambassadrice au Quai d&rsquo;Orsay, selon les m\u00e9dias fran\u00e7ais, il lui a \u00e9t\u00e9 rappel\u00e9 \u00e0 la diplomate que \u00ab\u00a0ces propos allaient \u00e0 l&rsquo;encontre du climat de confiance et de la relation historique entre nos deux pays\u00a0\u00bb . Les remarques de Salvini mettent \u00e0 mal \u00ab\u00a0les r\u00e9cents d\u00e9veloppements bilat\u00e9raux\u00a0\u00bb qui ont mis en \u00e9vidence des \u00ab\u00a0convergences fortes\u00a0\u00bb entre Rome et Paris, \u00ab\u00a0notamment s&rsquo;agissant du soutien sans faille \u00e0 l&rsquo;Ukraine\u00a0\u00bb. <\/p>\n<p>Paris a ainsi insist\u00e9 sur la nouvelle dynamique insuffl\u00e9e \u00e0 la relation bilat\u00e9rale par la <a href=\"https:\/\/fr.euronews.com\/my-europe\/2025\/06\/03\/giorgia-meloni-recoit-emmanuel-macron-a-rome-lukraine-au-coeur-des-discussions\" rel=\"nofollow noopener\" target=\"_blank\">visite officielle d&rsquo;Emmanuel Macron \u00e0 Rome<\/a> en juin dernier, apr\u00e8s des mois de tensions et de malentendus.<\/p>\n<p>Un long historique d&rsquo;insultes<\/p>\n<p>Les deux hommes <a href=\"https:\/\/it.euronews.com\/video\/2018\/08\/29\/macron-io-avversario-di-orban-e-salvini-\" rel=\"nofollow noopener\" target=\"_blank\">se sont souvent affront\u00e9s<\/a> \u00e0 distance ces derni\u00e8res ann\u00e9es, Salvini occupant des postes minist\u00e9riels depuis 2018 et Macron \u00e9tant pr\u00e9sident depuis 2017.<\/p>\n<p>Le Fran\u00e7ais a d\u00e9j\u00e0 \u00e9t\u00e9 qualifi\u00e9 par l&rsquo;Italien, qui incarne l&rsquo;aile la plus souverainiste de l&rsquo;extr\u00eame droite italienne, \u00ab\u00a0<a href=\"https:\/\/fr.euronews.com\/2024\/03\/24\/matteo-salvini-a-rassemble-ses-allies-populistes-a-rome-avant-les-elections-europeennes\" rel=\"nofollow noopener\" target=\"_blank\">belliciste<\/a>\u00ab\u00a0, \u00ab\u00a0poseur de bombes\u00a0\u00bb, \u00ab\u00a0hypocrite\u00a0\u00bb, \u00ab\u00a0bavard\u00a0\u00bb, \u00ab\u00a0jeune homme bien \u00e9lev\u00e9 qui abuse du champagne\u00a0\u00bb.<\/p>\n<p>En mars dernier, Salvini s&rsquo;\u00e9tait r\u00e9f\u00e9r\u00e9 au chef de l&rsquo;Elys\u00e9e, qui s&rsquo;\u00e9tait alors \u00e9galement montr\u00e9 ouvert \u00e0 une d\u00e9fense europ\u00e9enne commune, en d\u00e9clarant qu&rsquo;il n&rsquo;y aurait jamais \u00ab\u00a0d&rsquo;arm\u00e9e europ\u00e9enne command\u00e9e par ce fou de Macron qui parle de guerre nucl\u00e9aire\u00a0\u00bb.<\/p>\n<p>Le vice-Premier ministre avait rench\u00e9ri en ajoutant que Macron \u00ab\u00a0a d\u00e9sesp\u00e9r\u00e9ment besoin de donner un sens\u00a0\u00bb \u00e0 son mandat. Il ne doit pas le faire \u00ab\u00a0\u00e0 nos d\u00e9pens\u00a0\u00bb, avait-il conclu, rejetant l&rsquo;id\u00e9e de <a href=\"https:\/\/fr.euronews.com\/my-europe\/2025\/03\/07\/la-dissuasion-nucleaire-francaise-peut-elle-defendre-lue\" rel=\"nofollow noopener\" target=\"_blank\">l&rsquo;extension du parapluie nucl\u00e9aire fran\u00e7ais aux partenaires de l\u2019UE<\/a>.<\/p>\n<p>En juin dernier, Salvini a apostroph\u00e9 Macron en des termes similaires \u00e0 ceux utilis\u00e9s cette semaine, lui disant : \u00ab\u00a0Mets ton casque, va te battre et arr\u00eate de nous les casser\u00a0\u00bb. <\/p>\n","protected":false},"excerpt":{"rendered":"PUBLICIT\u00c9 Une nouvelle attaque en r\u00e8gle. Le Quai d&rsquo;Orsay a convoqu\u00e9 l&rsquo;ambassadrice italienne \u00e0 Paris, Emanuela D&rsquo;Alessandro, \u00e0&hellip;\n","protected":false},"author":2,"featured_media":339241,"comment_status":"","ping_status":"","sticky":false,"template":"","format":"standard","meta":{"footnotes":""},"categories":[1590],"tags":[11,1073,1777,674,27,452,12,220],"class_list":{"0":"post-339240","1":"post","2":"type-post","3":"status-publish","4":"format-standard","5":"has-post-thumbnail","7":"category-ukraine","8":"tag-actualites","9":"tag-emmanuel-macron","10":"tag-eu","11":"tag-europe","12":"tag-france","13":"tag-italie","14":"tag-news","15":"tag-ukraine"},"share_on_mastodon":{"url":"https:\/\/pubeurope.com\/@fr\/115079987404597969","error":""},"_links":{"self":[{"href":"https:\/\/www.europesays.com\/fr\/wp-json\/wp\/v2\/posts\/339240","targetHints":{"allow":["GET"]}}],"collection":[{"href":"https:\/\/www.europesays.com\/fr\/wp-json\/wp\/v2\/posts"}],"about":[{"href":"https:\/\/www.europesays.com\/fr\/wp-json\/wp\/v2\/types\/post"}],"author":[{"embeddable":true,"href":"https:\/\/www.europesays.com\/fr\/wp-json\/wp\/v2\/users\/2"}],"replies":[{"embeddable":true,"href":"https:\/\/www.europesays.com\/fr\/wp-json\/wp\/v2\/comments?post=339240"}],"version-history":[{"count":0,"href":"https:\/\/www.europesays.com\/fr\/wp-json\/wp\/v2\/posts\/339240\/revisions"}],"wp:featuredmedia":[{"embeddable":true,"href":"https:\/\/www.europesays.com\/fr\/wp-json\/wp\/v2\/media\/339241"}],"wp:attachment":[{"href":"https:\/\/www.europesays.com\/fr\/wp-json\/wp\/v2\/media?parent=339240"}],"wp:term":[{"taxonomy":"category","embeddable":true,"href":"https:\/\/www.europesays.com\/fr\/wp-json\/wp\/v2\/categories?post=339240"},{"taxonomy":"post_tag","embeddable":true,"href":"https:\/\/www.europesays.com\/fr\/wp-json\/wp\/v2\/tags?post=339240"}],"curies":[{"name":"wp","href":"https:\/\/api.w.org\/{rel}","templated":true}]}}