{"id":339242,"date":"2025-08-23T20:33:31","date_gmt":"2025-08-23T20:33:31","guid":{"rendered":"https:\/\/www.europesays.com\/fr\/339242\/"},"modified":"2025-08-23T20:33:31","modified_gmt":"2025-08-23T20:33:31","slug":"bedous-lusa-fiesta-fait-le-plein-de-convivialite-avant-la-reprise","status":"publish","type":"post","link":"https:\/\/www.europesays.com\/fr\/339242\/","title":{"rendered":"Bedous\u00a0: L\u2019USA Fiesta fait le plein de convivialit\u00e9 avant la reprise"},"content":{"rendered":"<p>Le cru 2025 des f\u00eates de l\u2019USA a \u00e9t\u00e9 \u00e0 l\u2019image de la belle saison parcourue par le club. Avant d\u2019attaquer la reprise, l\u2019heure \u00e9tait \u00e0 la d\u00e9tente dans une fraternelle et interg\u00e9n\u00e9rationnelle fiesta. Les anciens \u00e9taient l\u00e0 pour savourer le moment, les joueurs aussi, aux c\u00f4t\u00e9s des supporters et sponsors qui donnent de la voix et des couleurs aux matchs. Thibault Lassalle a pr\u00e9sent\u00e9 joueurs et entra\u00eeneurs avec le petit mot pr\u00e9cis pour chacun, suivi d\u2019un ap\u00e9ritif puis d\u2019un repas au profit de l\u2019\u00e9cole de rugby. Puis la soir\u00e9e musicale a s\u2019est d\u00e9roul\u00e9e avec deux concerts live d\u2019Acoustic Sofness et The French Madmoiselle, appr\u00e9ci\u00e9 par les jeunes g\u00e9n\u00e9rations.<\/p>\n<p>La veille, le concert de Pagalhos et Los Amics de la Chuqueta a fait \u00e9glise pleine avec plus de 220\u00a0personnes venues vibrer avec ces joyeux lurons. La soir\u00e9e cant\u00e8re s\u2019est prolong\u00e9e tard, tr\u00e8s tard dans la nuit sous le chapiteau.<\/p>\n","protected":false},"excerpt":{"rendered":"Le cru 2025 des f\u00eates de l\u2019USA a \u00e9t\u00e9 \u00e0 l\u2019image de la belle saison parcourue par le&hellip;\n","protected":false},"author":2,"featured_media":339243,"comment_status":"","ping_status":"","sticky":false,"template":"","format":"standard","meta":{"footnotes":""},"categories":[1589],"tags":[11,73,1866,12,1864,1865,1863,308],"class_list":{"0":"post-339242","1":"post","2":"type-post","3":"status-publish","4":"format-standard","5":"has-post-thumbnail","7":"category-etats-unis","8":"tag-actualites","9":"tag-etats-unis","10":"tag-etats-unis-damerique","11":"tag-news","12":"tag-united-states","13":"tag-united-states-of-america","14":"tag-us","15":"tag-usa"},"share_on_mastodon":{"url":"https:\/\/pubeurope.com\/@fr\/115079990926864802","error":""},"_links":{"self":[{"href":"https:\/\/www.europesays.com\/fr\/wp-json\/wp\/v2\/posts\/339242","targetHints":{"allow":["GET"]}}],"collection":[{"href":"https:\/\/www.europesays.com\/fr\/wp-json\/wp\/v2\/posts"}],"about":[{"href":"https:\/\/www.europesays.com\/fr\/wp-json\/wp\/v2\/types\/post"}],"author":[{"embeddable":true,"href":"https:\/\/www.europesays.com\/fr\/wp-json\/wp\/v2\/users\/2"}],"replies":[{"embeddable":true,"href":"https:\/\/www.europesays.com\/fr\/wp-json\/wp\/v2\/comments?post=339242"}],"version-history":[{"count":0,"href":"https:\/\/www.europesays.com\/fr\/wp-json\/wp\/v2\/posts\/339242\/revisions"}],"wp:featuredmedia":[{"embeddable":true,"href":"https:\/\/www.europesays.com\/fr\/wp-json\/wp\/v2\/media\/339243"}],"wp:attachment":[{"href":"https:\/\/www.europesays.com\/fr\/wp-json\/wp\/v2\/media?parent=339242"}],"wp:term":[{"taxonomy":"category","embeddable":true,"href":"https:\/\/www.europesays.com\/fr\/wp-json\/wp\/v2\/categories?post=339242"},{"taxonomy":"post_tag","embeddable":true,"href":"https:\/\/www.europesays.com\/fr\/wp-json\/wp\/v2\/tags?post=339242"}],"curies":[{"name":"wp","href":"https:\/\/api.w.org\/{rel}","templated":true}]}}