{"id":339257,"date":"2025-08-23T20:48:11","date_gmt":"2025-08-23T20:48:11","guid":{"rendered":"https:\/\/www.europesays.com\/fr\/339257\/"},"modified":"2025-08-23T20:48:11","modified_gmt":"2025-08-23T20:48:11","slug":"video-christophe-urios-savoure-la-premiere-victoire-de-lasm-en-amical","status":"publish","type":"post","link":"https:\/\/www.europesays.com\/fr\/339257\/","title":{"rendered":"VIDEO : Christophe Urios savoure la premi\u00e8re victoire de l&rsquo;ASM en amical"},"content":{"rendered":"<p>Le manager de Clermont, Christophe Urios s\u2019est confi\u00e9 via Midi Olympique suite \u00e0 la victoire remport\u00e9e par son \u00e9quipe contre Brive, ce vendredi soir, en match amical de pr\u00e9saison (35-21).<\/p>\n<p>Ce- dernier a exprim\u00e9 sa satisfaction.<\/p>\n<p><strong>Il analyse la victoire des siens. Extrait :<\/strong><\/p>\n<p>\u00ab\u00a0C\u2019est un bon premier match pour nous. On savait que Brive avait d\u00e9j\u00e0 fait un match. Ils voulaient \u00e9videmment bien pr\u00e9parer ce match pour bien lancer leur championnat donc on est tomb\u00e9 sur une \u00e9quipe en premi\u00e8re mi-temps qui \u00e9tait compl\u00e8te. Nous, on a fait le choix de faire deux \u00e9quipes mixtes.\u00a0<\/p>\n<p>Ce qui nous satisfait, c\u2019est la victoire, l\u2019engagement, l\u2019\u00e9tat d\u2019esprit, ce qu\u2019on a montr\u00e9 par moments. C\u2019est une bonne base de travail. On a quatre semaines d\u2019entra\u00eenement donc on a encore beaucoup de choses \u00e0 travailler. Mais \u00e7a fait partie du jeu, c\u2019est normal.<\/p>\n<p>La conqu\u00eate en touche a \u00e9t\u00e9 tr\u00e8s bonne. D\u00e9fensivement il y a eu des approximations mais je trouve qu\u2019on a \u00e9t\u00e9 plut\u00f4t bien dans ce qu\u2019on a voulu faire. En premi\u00e8re mi-temps on a l\u00e2ch\u00e9 des plaquages, en deuxi\u00e8me mi-temps moins, mais Brive \u00e9tait moins costaud. On n\u2019a pas l\u00e2ch\u00e9 et c\u2019\u00e9tait important pour valider ces semaines de boulot.\u00a0\u00bb<\/p>\n<blockquote class=\"twitter-tweet\" data-width=\"550\" data-dnt=\"true\">\n<p lang=\"fr\" dir=\"ltr\">Le manager clermontois Christophe Urios avait le sourire suite \u00e0 la prestation solide de son \u00e9quipe face \u00e0 Brive (35-21). \u00c0 l\u2019issue de ce premier match de pr\u00e9paration, le tacticien est notamment revenu sur la belle premi\u00e8re de Lucas Zamora. <a href=\"https:\/\/t.co\/zsSBjhjwZJ\" rel=\"nofollow\">pic.twitter.com\/zsSBjhjwZJ<\/a><\/p>\n<p>\u2014 RUGBYRAMA (@RugbyramaFR) <a href=\"https:\/\/twitter.com\/RugbyramaFR\/status\/1959161548926058543?ref_src=twsrc%5Etfw\" rel=\"nofollow noopener\" target=\"_blank\">August 23, 2025<\/a><\/p>\n<\/blockquote>\n<p><script async src=\"https:\/\/platform.twitter.com\/widgets.js\" charset=\"utf-8\"><\/script><\/p>\n","protected":false},"excerpt":{"rendered":"Le manager de Clermont, Christophe Urios s\u2019est confi\u00e9 via Midi Olympique suite \u00e0 la victoire remport\u00e9e par son&hellip;\n","protected":false},"author":2,"featured_media":308119,"comment_status":"","ping_status":"","sticky":false,"template":"","format":"standard","meta":{"footnotes":""},"categories":[1416],"tags":[1011,27,479,1468,60],"class_list":{"0":"post-339257","1":"post","2":"type-post","3":"status-publish","4":"format-standard","5":"has-post-thumbnail","7":"category-rugby","8":"tag-fr","9":"tag-france","10":"tag-rugby","11":"tag-rugby-football","12":"tag-sports"},"share_on_mastodon":{"url":"https:\/\/pubeurope.com\/@fr\/115080049631526142","error":""},"_links":{"self":[{"href":"https:\/\/www.europesays.com\/fr\/wp-json\/wp\/v2\/posts\/339257","targetHints":{"allow":["GET"]}}],"collection":[{"href":"https:\/\/www.europesays.com\/fr\/wp-json\/wp\/v2\/posts"}],"about":[{"href":"https:\/\/www.europesays.com\/fr\/wp-json\/wp\/v2\/types\/post"}],"author":[{"embeddable":true,"href":"https:\/\/www.europesays.com\/fr\/wp-json\/wp\/v2\/users\/2"}],"replies":[{"embeddable":true,"href":"https:\/\/www.europesays.com\/fr\/wp-json\/wp\/v2\/comments?post=339257"}],"version-history":[{"count":0,"href":"https:\/\/www.europesays.com\/fr\/wp-json\/wp\/v2\/posts\/339257\/revisions"}],"wp:featuredmedia":[{"embeddable":true,"href":"https:\/\/www.europesays.com\/fr\/wp-json\/wp\/v2\/media\/308119"}],"wp:attachment":[{"href":"https:\/\/www.europesays.com\/fr\/wp-json\/wp\/v2\/media?parent=339257"}],"wp:term":[{"taxonomy":"category","embeddable":true,"href":"https:\/\/www.europesays.com\/fr\/wp-json\/wp\/v2\/categories?post=339257"},{"taxonomy":"post_tag","embeddable":true,"href":"https:\/\/www.europesays.com\/fr\/wp-json\/wp\/v2\/tags?post=339257"}],"curies":[{"name":"wp","href":"https:\/\/api.w.org\/{rel}","templated":true}]}}