{"id":339258,"date":"2025-08-23T20:49:12","date_gmt":"2025-08-23T20:49:12","guid":{"rendered":"https:\/\/www.europesays.com\/fr\/339258\/"},"modified":"2025-08-23T20:49:12","modified_gmt":"2025-08-23T20:49:12","slug":"lois-boisson-se-separe-de-son-entraineur-on-avait-un-peu-du-mal-a-se-comprendre-lequipe","status":"publish","type":"post","link":"https:\/\/www.europesays.com\/fr\/339258\/","title":{"rendered":"Lo\u00efs Boisson se s\u00e9pare de son entra\u00eeneur : \u00ab On avait un peu du mal \u00e0 se comprendre \u00bb &#8211; L&#039;\u00c9quipe"},"content":{"rendered":"<ol>\n<li><a href=\"https:\/\/news.google.com\/rss\/articles\/CBMivAFBVV95cUxNVG5QRm1aYlNFQ2hkbEdsVjdNSFdQSTFBTmpmaWRrLWpVeWRmelBneDdiLXlidmYyekk3bDhkTXhnV29BVXdhbTZiWlVNMC1pS0J3UENtYTBKRnhYZFh0M3FRellmekhpLS1SUUl6T3ZoRjJfTXFSNEFYaXQ5ajd6OVpHNGJydmZGOU90Rm1aNy10YjRuR1ZIV3JEOHBUSUYxMEhCNEREVWNETEh6ZGF3eWYxSjAwdDNLUlZYVQ?oc=5\" target=\"_blank\" rel=\"nofollow noopener\">Lo\u00efs Boisson se s\u00e9pare de son entra\u00eeneur : \u00ab On avait un peu du mal \u00e0 se comprendre \u00bb<\/a>&nbsp;&nbsp;L&rsquo;\u00c9quipe<\/li>\n<li><a href=\"https:\/\/news.google.com\/rss\/articles\/CBMi5wFBVV95cUxPSGZ5V1Nxc2FkZ1hvb1dmWXBXWWFUTXFQRlBJS1pCTmRxQ1RJb3cxR0JEWlRROUhxcVc4N0FwSTBJSkJEYzIyVDVpcHBTN2drODdrRFFGY0tmbF84U2UwWDZOYTJNTjAxNjhBZjZjTFNramhWVFpGUTZadV9HSnBjRGRxeXFBbUJicUEwMzY4dVR1VFpleldqS3M3TFdITURUMHUxLWF1dEVhelhOZWJXdWRIZGR6cFBaSktET3h3LU0tQ010eEJCVnljRnBMMmdGb1puT3hxZlNWWUxUZ1RkQklHcEpIQ2c?oc=5\" target=\"_blank\" rel=\"nofollow noopener\">Tennis : Lo\u00efs Boisson met un terme \u00e0 la collaboration avec son entra\u00eeneur Florian Reynet<\/a>&nbsp;&nbsp;France Info<\/li>\n<li><a href=\"https:\/\/news.google.com\/rss\/articles\/CBMitgJBVV95cUxQc2JtZDB6WjhmcUtibEtWYzlPMFVSV3BUZmRtRG55NU1HQUZPSTZXZVV5UGdJYzdRb2dZVmFLQ09TZjYyNVpPU1Fhb0thaHVyWVR1d3B1bWFtWTU4ZVRmbko0RGpwNWlTWUl1anE5dHFsWE9qUVpVNVQyYnFnUnNZTjVEWFNpWUpDSy1mQjdhdnZ4U09xYVBOeEQtRHE4RWhlYnl2S3BlNXhWOUdHNzFRb2M3RXVkVDN5NV9HdE9HUG5RSFFObXE3aUZsazlIUjFrZHRDc2VsbjhockxCWGNwelZyUXpiYXFxUllPdlZrNXk4SExkTzQ0dUM4ZzBOYU5vVmdyc3JrSXhWcU1PMmZuckpqRkxTamRadDlBalY5RWxQXzNDRlladC1FdlBPbWVtTk9Da1Nn?oc=5\" target=\"_blank\" rel=\"nofollow noopener\">Boisson se s\u00e9pare de son coach : \u00ab\u00a0On avait un peu de mal \u00e0 se comprendre\u00a0\u00bb<\/a>&nbsp;&nbsp;Eurosport<\/li>\n<li><a href=\"https:\/\/news.google.com\/rss\/articles\/CBMigAJBVV95cUxPbE1GUEh5YV9oQ0VFSk8zN0ZEX2ZlM21rNldER3ljcUtjTHFRbDZCdXhrakNIa1ZMSEc5aEdEejZRaE5WZTBEU0psS2hxR2ZLRlRBTHYwMklEUWFHMnc2SURRZER2ZWt6aFFWOUE3SXZpdVhBcU5JbndtNUU5TDJEV2ZyY0NKYnJwLWplZ3c0em54SHlNaDJQaVlKQndFcDlvRXVCaU5pQW9OdVd3OXhhek0teEZtV0FQTHFfVFdiR1FvMUgxN19jNmNHUFExNTRneVBBa0dIa2RieVhMb3lmZm5SdDBycnBCZm9uSjZZWnhhbW5GRmo5elN1YjNuVXFN?oc=5\" target=\"_blank\" rel=\"nofollow noopener\">\u00ab Je le remercie pour tout \u00bb : \u00e0 la veille de l\u2019US Open, Lo\u00efs Boisson se s\u00e9pare de son entra\u00eeneur<\/a>&nbsp;&nbsp;Le Parisien<\/li>\n<li><a href=\"https:\/\/news.google.com\/rss\/articles\/CBMizgFBVV95cUxNcU5qZFNFS0VCUzN4ZHlGV1FiWVJDYUVINnppTFVUY0wyQnVtandhMEJfU2kyZjFkUDE2SUVmQk9NeS1SRnhaUjAxQ01ESXg0bmpNTFhNSGtFQUVRSU1lMVpOTVVObWJndE1lMm9BNGItWWx1MzVaNkd2ZjVUTGdEeGh0RHE3cWk4VHNvZDhjUHJ5SW82am9MbG9RYXZYenBaVE91akk0Y1dDN0ZQTXM5cnRtQXFSWnFQRkQ0QW1vUWFxYkl3NlI5M2txb2M2UQ?oc=5\" target=\"_blank\" rel=\"nofollow noopener\">Tennis : \u00abOn avait un peu de mal \u00e0 se comprendre\u00bb, Lo\u00efs Boisson se s\u00e9pare de son entra\u00eeneur<\/a>&nbsp;&nbsp;Le Figaro<\/li>\n<\/ol>\n","protected":false},"excerpt":{"rendered":"Lo\u00efs Boisson se s\u00e9pare de son entra\u00eeneur : \u00ab On avait un peu du mal \u00e0 se comprendre&hellip;\n","protected":false},"author":2,"featured_media":339259,"comment_status":"","ping_status":"","sticky":false,"template":"","format":"standard","meta":{"footnotes":""},"categories":[1415],"tags":[1011,27,60,1467],"class_list":{"0":"post-339258","1":"post","2":"type-post","3":"status-publish","4":"format-standard","5":"has-post-thumbnail","7":"category-tennis","8":"tag-fr","9":"tag-france","10":"tag-sports","11":"tag-tennis"},"share_on_mastodon":{"url":"https:\/\/pubeurope.com\/@fr\/115080053584625550","error":""},"_links":{"self":[{"href":"https:\/\/www.europesays.com\/fr\/wp-json\/wp\/v2\/posts\/339258","targetHints":{"allow":["GET"]}}],"collection":[{"href":"https:\/\/www.europesays.com\/fr\/wp-json\/wp\/v2\/posts"}],"about":[{"href":"https:\/\/www.europesays.com\/fr\/wp-json\/wp\/v2\/types\/post"}],"author":[{"embeddable":true,"href":"https:\/\/www.europesays.com\/fr\/wp-json\/wp\/v2\/users\/2"}],"replies":[{"embeddable":true,"href":"https:\/\/www.europesays.com\/fr\/wp-json\/wp\/v2\/comments?post=339258"}],"version-history":[{"count":0,"href":"https:\/\/www.europesays.com\/fr\/wp-json\/wp\/v2\/posts\/339258\/revisions"}],"wp:featuredmedia":[{"embeddable":true,"href":"https:\/\/www.europesays.com\/fr\/wp-json\/wp\/v2\/media\/339259"}],"wp:attachment":[{"href":"https:\/\/www.europesays.com\/fr\/wp-json\/wp\/v2\/media?parent=339258"}],"wp:term":[{"taxonomy":"category","embeddable":true,"href":"https:\/\/www.europesays.com\/fr\/wp-json\/wp\/v2\/categories?post=339258"},{"taxonomy":"post_tag","embeddable":true,"href":"https:\/\/www.europesays.com\/fr\/wp-json\/wp\/v2\/tags?post=339258"}],"curies":[{"name":"wp","href":"https:\/\/api.w.org\/{rel}","templated":true}]}}