{"id":339260,"date":"2025-08-23T20:51:11","date_gmt":"2025-08-23T20:51:11","guid":{"rendered":"https:\/\/www.europesays.com\/fr\/339260\/"},"modified":"2025-08-23T20:51:11","modified_gmt":"2025-08-23T20:51:11","slug":"quel-avenir-pour-johann-zarco-victime-dune-baisse-de-regime-qui-tombe-mal","status":"publish","type":"post","link":"https:\/\/www.europesays.com\/fr\/339260\/","title":{"rendered":"quel avenir pour\u00a0Johann Zarco, victime d&rsquo;une baisse de r\u00e9gime qui tombe mal\u00a0?"},"content":{"rendered":"\n<p>\u00ab\u00a0Le statut de pilote num\u00e9ro\u00a01, je veux l&rsquo;avoir\u00a0\u00bb\u00a0: quel avenir pour\u00a0Johann Zarco, victime d&rsquo;une baisse de r\u00e9gime qui tombe mal\u00a0?<\/p>\n<p>Emport\u00e9 dans une chute au premier tour du sprint du GP de Hongrie, Johann Zarco, le Fran\u00e7ais de LCR, a assist\u00e9 depuis les stands \u00e0 la course r\u00e9ussie des autres pilotes Honda, sur fond de sourde bataille pour un guidon dans l&rsquo;\u00e9quipe officielle.<\/p>\n","protected":false},"excerpt":{"rendered":"\u00ab\u00a0Le statut de pilote num\u00e9ro\u00a01, je veux l&rsquo;avoir\u00a0\u00bb\u00a0: quel avenir pour\u00a0Johann Zarco, victime d&rsquo;une baisse de r\u00e9gime qui&hellip;\n","protected":false},"author":2,"featured_media":339261,"comment_status":"","ping_status":"","sticky":false,"template":"","format":"standard","meta":{"footnotes":""},"categories":[1413],"tags":[1011,27,1457,1456,60],"class_list":{"0":"post-339260","1":"post","2":"type-post","3":"status-publish","4":"format-standard","5":"has-post-thumbnail","7":"category-moto","8":"tag-fr","9":"tag-france","10":"tag-moto","11":"tag-motocycle","12":"tag-sports"},"share_on_mastodon":{"url":"https:\/\/pubeurope.com\/@fr\/115080061496877077","error":""},"_links":{"self":[{"href":"https:\/\/www.europesays.com\/fr\/wp-json\/wp\/v2\/posts\/339260","targetHints":{"allow":["GET"]}}],"collection":[{"href":"https:\/\/www.europesays.com\/fr\/wp-json\/wp\/v2\/posts"}],"about":[{"href":"https:\/\/www.europesays.com\/fr\/wp-json\/wp\/v2\/types\/post"}],"author":[{"embeddable":true,"href":"https:\/\/www.europesays.com\/fr\/wp-json\/wp\/v2\/users\/2"}],"replies":[{"embeddable":true,"href":"https:\/\/www.europesays.com\/fr\/wp-json\/wp\/v2\/comments?post=339260"}],"version-history":[{"count":0,"href":"https:\/\/www.europesays.com\/fr\/wp-json\/wp\/v2\/posts\/339260\/revisions"}],"wp:featuredmedia":[{"embeddable":true,"href":"https:\/\/www.europesays.com\/fr\/wp-json\/wp\/v2\/media\/339261"}],"wp:attachment":[{"href":"https:\/\/www.europesays.com\/fr\/wp-json\/wp\/v2\/media?parent=339260"}],"wp:term":[{"taxonomy":"category","embeddable":true,"href":"https:\/\/www.europesays.com\/fr\/wp-json\/wp\/v2\/categories?post=339260"},{"taxonomy":"post_tag","embeddable":true,"href":"https:\/\/www.europesays.com\/fr\/wp-json\/wp\/v2\/tags?post=339260"}],"curies":[{"name":"wp","href":"https:\/\/api.w.org\/{rel}","templated":true}]}}