{"id":339266,"date":"2025-08-23T20:54:09","date_gmt":"2025-08-23T20:54:09","guid":{"rendered":"https:\/\/www.europesays.com\/fr\/339266\/"},"modified":"2025-08-23T20:54:09","modified_gmt":"2025-08-23T20:54:09","slug":"mercato-par-peur-il-dit-oui-au-psg","status":"publish","type":"post","link":"https:\/\/www.europesays.com\/fr\/339266\/","title":{"rendered":"Mercato : \u00abPar peur\u00bb, il dit oui au PSG ! \u00a0"},"content":{"rendered":"<p>                    Thibault Morlain<br \/>\n                        &#8211;<\/p>\n<p>Journaliste<\/p>\n<p>Apr\u00e8s s\u2019\u00eatre essay\u00e9 \u00e0 diff\u00e9rents sports, Thibault se tourne vers une carri\u00e8re de footballeur amateur. Au moment de faire un choix entre devenir footballeur professionnel et journaliste, les qualit\u00e9s ont fait pencher la balance d\u2019un c\u00f4t\u00e9. Le voil\u00e0 d\u00e9sormais au sein de la r\u00e9daction du 10 Sport, apr\u00e8s un dipl\u00f4me obtenu \u00e0 l\u2019Institut International de Communication de Paris.<\/p>\n<p class=\"heading\">Form\u00e9 en tant que joueur au Havre, Didier Digard a ensuite rejoint le PSG. Ayant sign\u00e9 en 2007 avec le club de la capitale, l\u2019ex-milieu de terrain ne sera rest\u00e9 qu\u2019une saison \u00e0 Paris. Prendre cette d\u00e9cision n\u2019\u00e9tait donc peut-\u00eatre pas la bonne pour Digard. Pourquoi alors avoir sign\u00e9 au PSG ? Le principal int\u00e9ress\u00e9 a alors mis en avant des questions familiales et une certaine peur de s\u2019\u00e9loigner de ses proches.\n<\/p>\n<p>Avec seulement 19 petits matchs au compteur au <a href=\"https:\/\/le10sport.com\/football\/mercato\/mercato-le-coup-de-gueule-du-clan-donnarumma-contre-le-psg-755313\" rel=\"nofollow noopener\" target=\"_blank\">PSG<\/a>, <strong>Didier Digard<\/strong> ne sera rest\u00e9 qu\u2019une saison au sein du club de la capitale. Recrut\u00e9 en 2007 du <strong>Havre<\/strong> et parti en 2008 pour <strong>Middlesbrough<\/strong>, l\u2019actuel entra\u00eeneur du <strong>HAC<\/strong> reconnu aupr\u00e8s des m\u00e9dias du club normand \u00e0 propos de cette signature \u00e0 <strong>Paris<\/strong> : \u00ab\u00a0Signer \u00e0 Paris, c\u2019est quelque chose qui change ta vie \u00e0 tout jamais, parce que jouer dans un club comme \u00e7a, c\u2019est incroyable\u00a0\u00bb. <\/p>\n<p>                                            \u00ab\u00a0Je le fais parce que c\u2019est \u00e0 c\u00f4t\u00e9 de chez moi\u00a0\u00bb<\/p>\n<p><strong>Didier Digard<\/strong> en a par la suite dit plus sur les raisons de son choix de signer au <strong>PSG<\/strong>. C\u2019est alors que celui qui a \u00e9t\u00e9 form\u00e9 au <strong>Havre<\/strong> a expliqu\u00e9 : \u00ab Apr\u00e8s, je pense que je le fais un petit peu par peur ! Je le fais parce que c\u2019est \u00e0 c\u00f4t\u00e9 de chez moi, j\u2019ai l\u2019impression de me rapprocher de chez moi. J\u2019ai l\u2019impression que je n\u2019ai rien v\u00e9cu avec ma famille : je pars de chez moi \u00e0 12 ans, ma relation avec mes parents, encore aujourd\u2019hui, elle n\u2019est pas comme celle d\u2019un enfant normal. Mon p\u00e8re est supporter de Paris, je me rapproche de la maison\u2026 J\u2019ai envie de dire que je choisis la facilit\u00e9 ! C\u2019est certainement l\u2019un des \u00e9t\u00e9s o\u00f9 j\u2019ai eu le plus d\u2019opportunit\u00e9s, le plus de propositions. Je pense que, m\u00eame si c\u2019est un tr\u00e8s bon choix pour moi, avant tout, je choisis la facilit\u00e9\u00a0\u00bb. <\/p>\n<p>                                            \u00ab\u00a0Je n\u2019ai pas r\u00e9ellement tout pes\u00e9 pour faire un choix\u00a0\u00bb<\/p>\n<p>\u00ab\u00a0A cette \u00e9poque, des \u00e9quipes jouant la coupe d\u2019Europe me font des propositions, aussi des \u00e9quipes anglaises, le r\u00eave de tout le monde. On est sur un Paris avec ce c\u00f4t\u00e9 historique, mais on n\u2019est pas sur les grandes ann\u00e9es de Paris. M\u00eame si, chaque ann\u00e9e \u00e0 Paris, tu te dis que cette ann\u00e9e sera la bonne. Bien \u00e9videmment, il y a ce c\u00f4t\u00e9 sportif, mais je pense que je n\u2019ai pas r\u00e9ellement tout pes\u00e9 pour faire un choix et que je me suis surtout dit qu\u2019en fait, oui, je me rapprochais de la maison. Je n\u2019\u00e9tais pas loin du Havre, aussi, je pense que je venais une fois par semaine ou une fois toutes les deux semaines ! Je continuais \u00e0 venir aux matches ici, et j\u2019ai eu du mal \u00e0 couper. C\u2019\u00e9tait dur, \u00e7a faisait neuf ans que j\u2019\u00e9tais ici ! Tout s\u2019\u00e9tait pass\u00e9 ici, je n\u2019avais connu que \u00e7a. Je gardais donc tous mes potes, tous mes rep\u00e8res, j\u2019\u00e9tais \u00e0 la fois proche de chez mes parents, proche d\u2019ici. C\u2019\u00e9tait un choix facile, au final !\u00a0\u00bb, a poursuivi <strong>Didier Digard<\/strong>. <\/p>\n","protected":false},"excerpt":{"rendered":"Thibault Morlain &#8211; Journaliste Apr\u00e8s s\u2019\u00eatre essay\u00e9 \u00e0 diff\u00e9rents sports, Thibault se tourne vers une carri\u00e8re de footballeur&hellip;\n","protected":false},"author":2,"featured_media":339267,"comment_status":"","ping_status":"","sticky":false,"template":"","format":"standard","meta":{"footnotes":""},"categories":[1410],"tags":[63,1011,27,60],"class_list":{"0":"post-339266","1":"post","2":"type-post","3":"status-publish","4":"format-standard","5":"has-post-thumbnail","7":"category-football","8":"tag-football","9":"tag-fr","10":"tag-france","11":"tag-sports"},"share_on_mastodon":{"url":"https:\/\/pubeurope.com\/@fr\/115080073678858377","error":""},"_links":{"self":[{"href":"https:\/\/www.europesays.com\/fr\/wp-json\/wp\/v2\/posts\/339266","targetHints":{"allow":["GET"]}}],"collection":[{"href":"https:\/\/www.europesays.com\/fr\/wp-json\/wp\/v2\/posts"}],"about":[{"href":"https:\/\/www.europesays.com\/fr\/wp-json\/wp\/v2\/types\/post"}],"author":[{"embeddable":true,"href":"https:\/\/www.europesays.com\/fr\/wp-json\/wp\/v2\/users\/2"}],"replies":[{"embeddable":true,"href":"https:\/\/www.europesays.com\/fr\/wp-json\/wp\/v2\/comments?post=339266"}],"version-history":[{"count":0,"href":"https:\/\/www.europesays.com\/fr\/wp-json\/wp\/v2\/posts\/339266\/revisions"}],"wp:featuredmedia":[{"embeddable":true,"href":"https:\/\/www.europesays.com\/fr\/wp-json\/wp\/v2\/media\/339267"}],"wp:attachment":[{"href":"https:\/\/www.europesays.com\/fr\/wp-json\/wp\/v2\/media?parent=339266"}],"wp:term":[{"taxonomy":"category","embeddable":true,"href":"https:\/\/www.europesays.com\/fr\/wp-json\/wp\/v2\/categories?post=339266"},{"taxonomy":"post_tag","embeddable":true,"href":"https:\/\/www.europesays.com\/fr\/wp-json\/wp\/v2\/tags?post=339266"}],"curies":[{"name":"wp","href":"https:\/\/api.w.org\/{rel}","templated":true}]}}