{"id":339268,"date":"2025-08-23T20:55:16","date_gmt":"2025-08-23T20:55:16","guid":{"rendered":"https:\/\/www.europesays.com\/fr\/339268\/"},"modified":"2025-08-23T20:55:16","modified_gmt":"2025-08-23T20:55:16","slug":"la-premonition-de-la-princesse-ragnhild-concernant-marius-borg-hoiby-et-son-hostilite-envers-la-princesse-heritiere-mette-marit","status":"publish","type":"post","link":"https:\/\/www.europesays.com\/fr\/339268\/","title":{"rendered":"La pr\u00e9monition de la princesse Ragnhild concernant Marius Borg H\u00f8iby et son hostilit\u00e9 envers la princesse h\u00e9riti\u00e8re Mette-Marit"},"content":{"rendered":"<p>Dans une interview pol\u00e9mique accord\u00e9e \u00e0 la t\u00e9l\u00e9vision norv\u00e9gienne en 2004, la princesse Ragnhild, s\u0153ur a\u00een\u00e9e du roi Harald V, avait tenu des propos tr\u00e8s durs \u00e0 l\u2019encontre de Mette-Marit, l\u2019\u00e9pouse de son neveu, le prince h\u00e9ritier Haakon. La princesse conservatrice esp\u00e9rait mourir avant son fr\u00e8re afin de ne pas voir Mette-Marit devenir reine. Au passage, la princesse avait tenu des propos pr\u00e9monitoires concernant Marius Borg H\u00f8iby, le fils de la princesse Mette-Marit, aujourd\u2019hui accus\u00e9 d\u2019une trentaine d\u2019infractions dont quatre viols.<\/p>\n<p><strong>Lire aussi : <a href=\"https:\/\/histoiresroyales.fr\/princesse-ingrid-alexandra-partage-nouvelle-vie-sydney\/\" target=\"_blank\" rel=\"noopener\">La princesse Ingrid Alexandra partage les premiers instants de sa nouvelle vie \u00e0 Sydney<\/a><\/strong><\/p>\n<p>La s\u0153ur du roi Harald V avait vivement critiqu\u00e9 les choix sentimentaux du prince h\u00e9ritier Haakon et de la princesse M\u00e4rtha Louise<\/p>\n<p>La princesse Ragnhild de Norv\u00e8ge est d\u00e9c\u00e9d\u00e9e \u00e0 Rio de Janeiro en septembre 2012, \u00e0 l\u2019\u00e2ge de 82 ans. La fille a\u00een\u00e9e du roi Olav V a vu son fr\u00e8re, le roi Harald V, mont\u00e9 sur le tr\u00f4ne en 1991. Autrefois une figure importante de la famille royale, la princesse Ragnhild a quitt\u00e9 son pays apr\u00e8s son mariage avec l\u2019homme d\u2019affaires Erling Lorentzen. La princesse avait difficilement dig\u00e9r\u00e9 sa mise \u00e0 l\u2019\u00e9cart et avait cultiv\u00e9 une ranc\u0153ur vis-\u00e0-vis de la Norv\u00e8ge et m\u00eame de certains membres de sa famille.<\/p>\n<p><img fetchpriority=\"high\" decoding=\"async\" width=\"1300\" height=\"1083\" src=\"https:\/\/www.europesays.com\/fr\/wp-content\/uploads\/2025\/08\/princesse-ragnhild-princesse-astrid-80-ans-polemiques.jpg\" alt=\"\" class=\"wp-image-216685 lazyload\" data-  \/>Le roi Harald V avec ses deux s\u0153urs, la princesse Ragnhild et la princesse Astrid, en 2012. La fratrie pose \u00e0 l\u2019occasion des 80 ans de la princesse Astrid et quelques mois avant la mort de la princesse Ragnhild (Photo : Stella Pictures\/ABACAPRESS.COM)<\/p>\n<p><strong>Lire aussi : <a href=\"https:\/\/histoiresroyales.fr\/princesse-martha-louise-accompagne-fille-maud-angelica-behn-pride-coming-out-famille-royale-de-norvege\/\" target=\"_blank\" rel=\"noopener\">La princesse M\u00e4rtha Louise accompagne sa fille \u00e0 la Pride\u00a0: coming out dans la famille royale de Norv\u00e8ge<\/a><\/strong><\/p>\n<p>En octobre 2003, le roi Harald V et la reine Sonja furent invit\u00e9s \u00e0 effectuer une visite d\u2019\u00c9tat au Br\u00e9sil. La t\u00e9l\u00e9vision norv\u00e9gienne eut alors l\u2019id\u00e9e de r\u00e9aliser un documentaire sur la s\u0153ur a\u00een\u00e9e du souverain, d\u00e9sign\u00e9e comme ambassadrice non officielle de la Norv\u00e8ge au Br\u00e9sil, pays o\u00f9 elle avait \u00e9lu domicile depuis pr\u00e8s de cinq d\u00e9cennies. Mais les propos tenus par la princesse ont surpris les journalistes. Selon <a href=\"https:\/\/www.bt.dk\/royale\/ballade-i-den-norske-kongefamilie\" target=\"_blank\" rel=\"noreferrer noopener nofollow\">BT,<\/a> Erling Lorentzen tentera \u00e9galement de faire interdire la diffusion de l\u2019interview ou, au moins, de couper certains propos de son \u00e9pouse. Finalement, la cha\u00eene TV2 retardera la diffusion, pr\u00e9f\u00e9rant attendre la fin de la visite d\u2019\u00c9tat, et la diffusera en f\u00e9vrier 2004, sous le titre \u00ab\u00a0Princesse en exil\u00a0\u00bb.<\/p>\n<p><strong>Lire aussi : <a href=\"https:\/\/histoiresroyales.fr\/princesse-ingrid-alexandra-tres-elegante-vivienne-westwood-diner-gala-emmanuel-macron\/\" target=\"_blank\" rel=\"noopener\">La princesse Ingrid Alexandra tr\u00e8s \u00e9l\u00e9gante en Vivienne Westwood pour son d\u00eener de gala avec Emmanuel Macron<\/a><\/strong><\/p>\n<p>La princesse Ragnhild ne voulait pas voir Mette-Marit devenir Reine et s\u2019inqui\u00e9tait de l\u2019avenir de Marius Borg<\/p>\n<p>Interrog\u00e9e si elle s\u2019inqui\u00e9tait de l\u2019avenir de la monarchie, la princesse Ragnhild avait r\u00e9pondu par l\u2019affirmative. \u00ab Je ne m\u2019inqui\u00e8te pas pour moi, mais pour la Norv\u00e8ge, oui \u00bb. L\u2019id\u00e9e de voir son neveu Haakon monter sur le tr\u00f4ne ne l\u2019enchantait gu\u00e8re. \u00ab\u00a0J\u2019esp\u00e8re mourir avant que cela n\u2019arrive. Je l\u2019esp\u00e8re vraiment\u00a0\u00bb, avait-elle d\u00e9clar\u00e9. Le probl\u00e8me, selon elle, \u00e9tait surtout l\u2019\u00e9pouse du prince h\u00e9ritier Haakon, Mette-Marit. Les propos concernant l\u2019artiste Ari Behn, l\u2019\u00e9poux de sa ni\u00e8ce, la princesse M\u00e4rtha Louise, n\u2019\u00e9taient gu\u00e8re plus \u00e9logieux. \u00ab Je ne suis pas ravie de savoir avec qui ces deux enfants se sont mari\u00e9s, mais cela ne me regarde pas \u00bb, avait-elle admis devant la cam\u00e9ra.<\/p>\n<p><img loading=\"lazy\" decoding=\"async\" width=\"883\" height=\"1400\" src=\"https:\/\/www.europesays.com\/fr\/wp-content\/uploads\/2025\/08\/princesse-ragnhild-polemiques-883x1400.jpg\" alt=\"\" class=\"wp-image-216691 lazyload\" data-  \/>En 2004, la princesse Ragnhild avait fait pol\u00e9mique en tenant des propos virulents \u00e0 l\u2019encontre de la jeune g\u00e9n\u00e9ration de la famille royale. Ici, la princesse Ragnhild et son \u00e9poux photographi\u00e9s lors d\u2019un gala \u00e0 Oslo en 2006 (Photo : Marius Gulliksrud\/Stella Pictures\/ABACAPRESS.COM)<\/p>\n<p><strong>Lire aussi : <a href=\"https:\/\/histoiresroyales.fr\/malediction-reines-princesses-consorts-norvegiennes\/\" target=\"_blank\" rel=\"noopener\">La mal\u00e9diction des consorts norv\u00e9giennes de la reine Maud \u00e0 la princesse h\u00e9riti\u00e8re Mette-Marit<\/a><\/strong><\/p>\n<p>Selon Ragnhild, Haakon et M\u00e4rtha Louise avaient tous deux eu \u00ab\u00a0de mauvais conseillers \u00bb. Elle avait ajout\u00e9 : \u00ab Si mon p\u00e8re avait v\u00e9cu un peu plus longtemps, tout aurait \u00e9t\u00e9 tr\u00e8s diff\u00e9rent \u00bb, ajoutant qu\u2019elle ne pensait pas que son p\u00e8re, le roi Olav, aurait autoris\u00e9 ces mariages. Rappelons que le roi Harald lui-m\u00eame avait finalement pu \u00e9pouser une roturi\u00e8re, Sonja, en 1968, apr\u00e8s avoir menac\u00e9 son p\u00e8re de ne jamais se marier s\u2019il ne pouvait s\u2019unir \u00e0 Sonja.<\/p>\n<p>La princesse Ragnhild avait surtout fait part de ses inqui\u00e9tudes concernant Marius Borg H\u00f8iby, le fils de la princesse h\u00e9riti\u00e8re Mette-Marit, n\u00e9 avant son mariage avec Haakon. Ragnhild avait d\u00e9clar\u00e9 qu\u2019elle ressentait \u00ab \u00e9norm\u00e9ment de peine \u00bb\u00a0pour Marius. \u00ab\u00a0Apr\u00e8s la naissance de leur nouvel enfant, un h\u00e9ritier royal, le pauvre Marius ne sera plus rien. Il a six ans, mais il comprendra qu\u2019il y a une diff\u00e9rence. \u00bb La princesse Ragnhild a-t-elle eu une pr\u00e9monition ? \u00ab\u00a0Et cela leur posera des probl\u00e8mes. J\u2019esp\u00e8re qu\u2019ils y ont r\u00e9fl\u00e9chi. \u00bb La princesse Ingrid Alexandra, premi\u00e8re enfant du couple h\u00e9ritier, est n\u00e9e en janvier 2004, peu de temps avant la diffusion de l\u2019interview enregistr\u00e9e quelques mois plus t\u00f4t.<\/p>\n<p><img loading=\"lazy\" decoding=\"async\" width=\"1400\" height=\"1630\" src=\"https:\/\/www.europesays.com\/fr\/wp-content\/uploads\/2025\/08\/princesse-ragnhild-ingrid-alexandra-premonition.jpg\" alt=\"\" class=\"wp-image-216683 lazyload\" data-  \/>La famille royale r\u00e9unie \u00e0 Oslo en 2006 pour le bapt\u00eame de la princesse Ingrid Alexandra, deux ans apr\u00e8s les propos pol\u00e9miques tenus par la princesse Ragnhild \u00e0 l\u2019encontre de Mette-Marit, Marius et Ari Behn. De gauche \u00e0 droite au premier rang : la princesse h\u00e9riti\u00e8re Mette-Marit, Marius Borg H\u00f8iby qui tient la princesse Ingrid Alexandra sur ses genoux, la reine Sonja et la princesse Ragnhild. De gauche \u00e0 droite derri\u00e8re : le roi Harald V, le prince h\u00e9ritier Haakon, (la princesse h\u00e9riti\u00e8re Victoria de Su\u00e8de), la princesse M\u00e4rtha Louise avec un chapeau qui tient sa deuxi\u00e8me fille Leah Isadora Behn dans les bras et Ari Behn avec leur premi\u00e8re fille Maud Angelica Behn dans les bras (Photo : NTB SCANPIX\/SIPA)<\/p>\n<p>La princesse Ingrid Alexandra est aujourd\u2019hui deuxi\u00e8me dans l\u2019ordre de succession au tr\u00f4ne derri\u00e8re son p\u00e8re, le prince h\u00e9ritier Haakon. Marius Borg H\u00f8iby, fils de Mette-Marit, n\u2019a aucun titre et n\u2019a aucune fonction au sein de la famille royale. Il a toutefois grandi au sein de la famille h\u00e9riti\u00e8re et Haakon l\u2019a toujours trait\u00e9 comme son propre fils. Marius, \u00e2g\u00e9 aujourd\u2019hui de 28 ans, est <a href=\"https:\/\/histoiresroyales.fr\/marius-borg-hoiby-risque-10-ans-prison-quatre-viols-la-famille-royale-reagit-32-charges-retenues-marius\/\" target=\"_blank\" rel=\"noopener\">accus\u00e9 de quatre viols et d\u2019une trentaine d\u2019infractions<\/a>. Toujours pr\u00e9sum\u00e9 innocent, le procureur a confirm\u00e9 les charges \u00e0 son encontre au d\u00e9but de la semaine. Son proc\u00e8s, qui sera tr\u00e8s m\u00e9diatis\u00e9, devrait avoir lieu en janvier 2026. Il risque jusqu\u2019\u00e0 dix ans de prison pour les faits de violence et les viols pr\u00e9sum\u00e9s. Quant \u00e0 Ari Behn et la princesse M\u00e4rtha Louise, ils ont eu trois filles avant de divorcer en 2017. Ari Behn a mis fin \u00e0 ses jours le jour de No\u00ebl 2019. Le remariage de la princesse M\u00e4rtha Louise en 2024 avec un chaman am\u00e9ricain \u00e9tait \u00e9galement accompagn\u00e9 de son lot de pol\u00e9miques. Le <a href=\"https:\/\/histoiresroyales.fr\/date-de-sortie-documentaire-princesse-martha-louise-mariage-durek-verrett-netflix\/\" target=\"_blank\" rel=\"noopener\">mariage fera l\u2019objet d\u2019une s\u00e9rie documentaire diffus\u00e9e sur Netflix<\/a> \u00e0 partir du 16 septembre.<\/p>\n<p><strong>Lire aussi : <a href=\"https:\/\/histoiresroyales.fr\/mystere-plane-toujours-disparition-prince-wenzel-prince-constantin-de-liechtenstein\/\" target=\"_blank\" rel=\"noopener\">Le myst\u00e8re plane toujours autour de la disparition de deux princes dans la famille princi\u00e8re de Liechtenstein<\/a><\/strong><\/p>\n<p>Les propos pol\u00e9miques avaient \u00e9t\u00e9 mis sur le compte de l\u2019amertume de la princesse Ragnhild<\/p>\n<p>Au lendemain de la diffusion, la classe politique avait vivement critiqu\u00e9 l\u2019interview. \u00ab\u00a0Je ne pense pas que les d\u00e9clarations \u00e9taient sages \u00bb, avait d\u00e9clar\u00e9 la cheffe du comit\u00e9 de contr\u00f4le et constitutionnel du parlement, \u00c5got Valle, \u00e0 <a href=\"https:\/\/www.journalisten.no\/reaksjoner-pa-tv-2-dokumentar\/226762\" target=\"_blank\" rel=\"noreferrer noopener nofollow\">Journalisten<\/a>. Un autre vice-pr\u00e9sident de cette m\u00eame constitution, Kjell Engebretsen, avait estim\u00e9 que la princesse Ragnhild \u00ab\u00a0aurait d\u00fb garder ses opinions pour elle \u00bb. \u00ab\u00a0Je pense que l\u2019\u00e9mission dans son ensemble et ses d\u00e9clarations montrent qu\u2019elle est am\u00e8re et porte en elle beaucoup de choses qu\u2019elle n\u2019a manifestement pas encore mises de c\u00f4t\u00e9 \u00bb, avait d\u00e9clar\u00e9 le politicien \u00e0 <a href=\"https:\/\/www.nrk.no\/kultur\/politikere-reagerer-pa-ragnhild-1.536130\" target=\"_blank\" rel=\"noopener\">NRK<\/a>. Quant au palais, il jugeait \u00ab inappropri\u00e9 de commenter ces propos \u00bb, rapportait <a href=\"https:\/\/www.nettavisen.no\/princess-outburst-causes-turmoil\/s\/12-95-184547\" target=\"_blank\" rel=\"noreferrer noopener nofollow\">Nettavisen<\/a>. <\/p>\n<p><img loading=\"lazy\" decoding=\"async\" width=\"1400\" height=\"2247\" src=\"https:\/\/www.europesays.com\/fr\/wp-content\/uploads\/2025\/08\/princesse-ragnhild-mariage-polemique-marius.jpg\" alt=\"\" class=\"wp-image-216687 lazyload\" data-  \/>En 1953, la princesse Ragnild perdait son pr\u00e9dicat d\u2019Altesse Royale lors de son mariage avec l\u2019armateur Erling Lorentzen. Les mari\u00e9s posent ici avec la princesse Astrid, demoiselle d\u2019honneur du mariage de sa s\u0153ur (Photo : Keystone USA\/Zuma\/ABACA)<\/p>\n<p>L\u2019int\u00e9gration des roturiers au sein des familles royales peut \u00eatre parfois compliqu\u00e9e. L\u2019\u00e9quation \u00e9tait encore plus complexe du fait que Mette-Marit \u00e9tait d\u00e9j\u00e0 m\u00e8re solo. Rappelons aussi que la princesse Ragnhild avait une certaine amertume concernant sa propre situation. Elle avait pris la d\u00e9cision de s\u2019\u00e9loigner de son pays pour se marier avec un roturier en 1953, sentant que c\u2019\u00e9tait pour elle la seule solution. Dans cette interview pol\u00e9mique, le journaliste avait rappel\u00e9 \u00e0 la princesse que son \u00e9poux \u00e9tait aussi un roturier mais elle avait refus\u00e9 de le comparer \u00e0 Ari Behn et Mette-Marit, les beaux-enfants du roi Harald. \u00ab\u00a0Il est d\u2019une cat\u00e9gorie l\u00e9g\u00e8rement diff\u00e9rente des deux autres \u00bb, avait r\u00e9torqu\u00e9 la princesse en d\u00e9fendant son \u00e9poux. \u00ab\u00a0Il a un v\u00e9ritable emploi, et eux\u2026 non\u00a0!\u00a0\u00bb<\/p>\n<p>Sa relation avec l\u2019h\u00e9ritier et armateur Erling Lorentzen avait \u00e9t\u00e9 critiqu\u00e9e car jamais encore un roturier n\u2019avait int\u00e9gr\u00e9 la famille royale. L\u2019embarras concernait aussi la d\u00e9cision de lui accorder ou non un statut officiel et un titre. Pour ne pas attirer l\u2019attention, le couple avait pris la direction du Br\u00e9sil. Ils devaient y vivre tranquillement leurs premi\u00e8res ann\u00e9es de mariage. La princesse Ragnhild perdit son pr\u00e9dicat d\u2019Altesse Royale et le jour de son anniversaire fut retir\u00e9 du calendrier des c\u00e9l\u00e9brations nationales. Ils resteront finalement au Br\u00e9sil tout le reste de leur vie. L\u2019adaptation avait \u00e9t\u00e9 compliqu\u00e9e pour Ragnhild, elle qui fut autrefois un membre de premier plan de la famille royale. Son grand-p\u00e8re et son p\u00e8re ont tous les deux r\u00e9gn\u00e9 \u00e9tant veufs, obligeant Ragnhild d\u2019abord, puis sa s\u0153ur Astrid ensuite, d\u2019endosser un r\u00f4le de premi\u00e8re dame de substitution. De plus, elle ne parlait pas le portugais et ne connaissait personne sur place. Ragnhild et Erling ont eu trois enfants, dont le fils a\u00een\u00e9 porte le pr\u00e9nom de Haakon, tous n\u00e9s au Br\u00e9sil. La princesse Ragnhild avait six petits-enfants et un arri\u00e8re-petit-enfant est n\u00e9 en 2016.<\/p>\n<p>\t\t\t\t<img loading=\"lazy\" alt=\"Avatar photo\" src=\"https:\/\/www.europesays.com\/fr\/wp-content\/uploads\/2025\/04\/1516945716303-164x164.jpeg\"  class=\"avatar avatar-164 photo lazyload\" height=\"164\" width=\"164\" decoding=\"async\"\/><br \/>\n\t\t<a href=\"https:\/\/histoiresroyales.fr\/author\/royaliste123\/\" target=\"_blank\" rel=\"noopener\">Nicolas Fontaine<\/a><br \/>\n\t\t\t\t\tR\u00e9dacteur en chef<\/p>\n<p>Nicolas Fontaine a \u00e9t\u00e9 concepteur-r\u00e9dacteur et auteur pour de nombreuses marques et m\u00e9dias belges et fran\u00e7ais. Sp\u00e9cialiste de l&rsquo;actualit\u00e9 des familles royales, Nicolas a fond\u00e9 le site Histoires royales dont il est le r\u00e9dacteur en chef.&#13;<br \/>\n&#13;<br \/>\nnicolas@histoiresroyales.fr<\/p>\n<p>\t\t\t\t\t\t\t<a href=\"https:\/\/twitter.com\/ActusRoyales\" class=\"boxed-icon fill twitter\" target=\"_blank\" rel=\"noopener\"><\/a><br \/>\n\t\t\t\t\t\t\t\t\t<a href=\"https:\/\/www.instagram.com\/histoiresroyales.fr\/\" class=\"boxed-icon fill instagram\" target=\"_blank\" rel=\"noopener\"><\/a><\/p>\n<p>\t\t\t\t\t\t\t\t\t\t\t\t\t<script async src=\"https:\/\/platform.twitter.com\/widgets.js\" charset=\"utf-8\"><\/script><script async src=\"\/\/www.instagram.com\/embed.js\"><\/script><\/p>\n","protected":false},"excerpt":{"rendered":"Dans une interview pol\u00e9mique accord\u00e9e \u00e0 la t\u00e9l\u00e9vision norv\u00e9gienne en 2004, la princesse Ragnhild, s\u0153ur a\u00een\u00e9e du roi&hellip;\n","protected":false},"author":2,"featured_media":339269,"comment_status":"","ping_status":"","sticky":false,"template":"","format":"standard","meta":{"footnotes":""},"categories":[1359],"tags":[58,59,1011,27,47535,5836,973,25332,47536],"class_list":{"0":"post-339268","1":"post","2":"type-post","3":"status-publish","4":"format-standard","5":"has-post-thumbnail","7":"category-people","8":"tag-divertissement","9":"tag-entertainment","10":"tag-fr","11":"tag-france","12":"tag-marius-borg","13":"tag-mette-marit-de-norvu00e8ge","14":"tag-people","15":"tag-polu00e9mique","16":"tag-ragnhild-de-norvu00e8ge"},"share_on_mastodon":{"url":"https:\/\/pubeurope.com\/@fr\/115080077543478843","error":""},"_links":{"self":[{"href":"https:\/\/www.europesays.com\/fr\/wp-json\/wp\/v2\/posts\/339268","targetHints":{"allow":["GET"]}}],"collection":[{"href":"https:\/\/www.europesays.com\/fr\/wp-json\/wp\/v2\/posts"}],"about":[{"href":"https:\/\/www.europesays.com\/fr\/wp-json\/wp\/v2\/types\/post"}],"author":[{"embeddable":true,"href":"https:\/\/www.europesays.com\/fr\/wp-json\/wp\/v2\/users\/2"}],"replies":[{"embeddable":true,"href":"https:\/\/www.europesays.com\/fr\/wp-json\/wp\/v2\/comments?post=339268"}],"version-history":[{"count":0,"href":"https:\/\/www.europesays.com\/fr\/wp-json\/wp\/v2\/posts\/339268\/revisions"}],"wp:featuredmedia":[{"embeddable":true,"href":"https:\/\/www.europesays.com\/fr\/wp-json\/wp\/v2\/media\/339269"}],"wp:attachment":[{"href":"https:\/\/www.europesays.com\/fr\/wp-json\/wp\/v2\/media?parent=339268"}],"wp:term":[{"taxonomy":"category","embeddable":true,"href":"https:\/\/www.europesays.com\/fr\/wp-json\/wp\/v2\/categories?post=339268"},{"taxonomy":"post_tag","embeddable":true,"href":"https:\/\/www.europesays.com\/fr\/wp-json\/wp\/v2\/tags?post=339268"}],"curies":[{"name":"wp","href":"https:\/\/api.w.org\/{rel}","templated":true}]}}