{"id":339270,"date":"2025-08-23T20:57:11","date_gmt":"2025-08-23T20:57:11","guid":{"rendered":"https:\/\/www.europesays.com\/fr\/339270\/"},"modified":"2025-08-23T20:57:11","modified_gmt":"2025-08-23T20:57:11","slug":"la-maison-vide-fresque-lumineuse-de-laurent-mauvignier","status":"publish","type":"post","link":"https:\/\/www.europesays.com\/fr\/339270\/","title":{"rendered":"\u00ab\u00a0La Maison vide\u00a0\u00bb, fresque lumineuse de Laurent Mauvignier"},"content":{"rendered":"<p>Emma Bovary a une petite s\u0153ur, Marie-Ernestine. Et la fille de celle-ci, Marguerite, peut tendre la main \u00e0 Nana. Oh, tout de suite, les r\u00e9f\u00e9rences\u2026 Mais osons, car voici un livre qui rend tout son \u00e9clat \u00e0 la litt\u00e9rature fran\u00e7aise, en unissant les fleurons de son histoire et l&rsquo;audace de sa modernit\u00e9.<\/p>\n<p>La newsletter culture<\/p>\n<p class=\"period\">Tous les mercredis \u00e0 16h<\/p>\n<p>Recevez l\u2019actualit\u00e9 culturelle de la semaine \u00e0 ne pas manquer ainsi que les Enqu\u00eates, d\u00e9cryptages, portraits, tendances\u2026<\/p>\n<p>Merci !<br \/>Votre inscription a bien \u00e9t\u00e9 prise en compte avec l&rsquo;adresse email :<\/p>\n<p>Pour d\u00e9couvrir toutes nos autres newsletters, rendez-vous ici : <a href=\"https:\/\/moncompte.lepoint.fr\/\" title=\"\" target=\"_blank\" rel=\"noopener\">MonCompte<\/a><\/p>\n<p>En vous inscrivant, vous acceptez les <a href=\"https:\/\/www.lepoint.fr\/html\/cgu\/\" title=\"Conditions g\u00e9n\u00e9rales d&#039;utilisation\" target=\"_blank\" rel=\"noopener\">conditions g\u00e9n\u00e9rales d\u2019utilisations<\/a> et notre <a href=\"https:\/\/www.lepoint.fr\/html\/politique-de-protection-donnees-personnelles\/\" title=\"Politique de confidentialit\u00e9\" target=\"_blank\" rel=\"noopener\">politique de confidentialit\u00e9<\/a>.<\/p>\n<p>La Maison vide, demeure familiale hant\u00e9e par les silences, l&rsquo;\u00e9crivain et narrateur ne la d\u00e9couvre qu&rsquo;\u00e0 l&rsquo;\u00e2ge de 9\u00a0ans, quand son p\u00e8re d\u00e9cide, en 1976, d&rsquo;y retourner. Y\u00a0tr\u00f4nent le piano de son arri\u00e8re-grand-m\u00e8re (ce piano qui fut, tout au long de sa vie, sa forteresse), et puis quelques objets inventori\u00e9s par Laurent Mauvignier pour ouvrir cet immense roman \u2013 et pas seulement par ses 750\u00a0pages \u2013 qui couvre le XXe\u00a0si\u00e8cle et ses deux guerres, une histoire familiale imagin\u00e9e, faute de sources, ou reconstitu\u00e9e \u00e0 partir de sources d\u00e9truites\u00a0: pourquoi ces photos, d\u00e9coup\u00e9es ou crayonn\u00e9es, pour en faire dispara\u00eetre sa grand-m\u00e8re, d&rsquo;o\u00f9 vient cette \u00ab\u00a0b\u00e9ance que laisse Marguerite\u00a0\u00bb, fille unique de Marie-Ernestine Proust et de Jules Chichery\u00a0?<\/p>\n<p>Faire basculer le cours de sa vie<\/p>\n<p>On imagine que l&rsquo;auteur porte depuis longtemps ce livre, en ce qu&rsquo;il interroge le suicide de son p\u00e8re, et suit le dessin sinueux des cicatrices transmises d&rsquo;une g\u00e9n\u00e9ration \u00e0 l&rsquo;autre. Pas d&rsquo;\u00e9tonnement sur le lieu\u00a0: un hameau proche d&rsquo;une petite ville, La Bass\u00e9e, r\u00e9currente dans les romans de l&rsquo;auteur de Des Hommes ou encore d&rsquo;<a class=\"Link\" href=\"https:\/\/www.lepoint.fr\/culture\/roman-laurent-mauvignier-jusqu-au-bout-de-la-nuit-15-10-2020-2396573_3.php\" title=\"\" data-gtm=\"click:capsule\" data-capsule=\"Lien\" target=\"_blank\" rel=\"noopener\">Histoires de la nuit<\/a>, le double g\u00e9ographique et social de la commune d&rsquo;Indre-et-Loire o\u00f9 l&rsquo;\u00e9crivain a grandi.<\/p>\n<p>L\u00e0 prosp\u00e8rent le propri\u00e9taire terrien Firmin et son \u00e9pouse \u2013 r\u00e9duite au sort de \u00ab\u00a0pr\u00e9pos\u00e9e aux confitures et aux chaussettes \u00e0 repriser\u00a0\u00bb. Ils ont trois enfants, mais le p\u00e8re n&rsquo;a d&rsquo;yeux que pour sa \u00ab\u00a0petite Boule d&rsquo;Or\u00a0\u00bb, Marie-Ernestine. On l&rsquo;envoie au meilleur couvent pour \u00e9tudier, et, si ses origines campagnardes l&rsquo;ostracisent, ses facilit\u00e9s en classe font taire les \u00ab\u00a0demoiselles\u00a0\u00bb. Sa d\u00e9couverte du piano, elle, pourrait faire basculer le cours de sa vie.<\/p>\n<p>Gloire \u00e0 la fiction<\/p>\n<p>De retour \u00e0 la maison, l&rsquo;adolescente prend des le\u00e7ons avec un professeur entra\u00eenant son \u00e9l\u00e8ve si dou\u00e9e (candidate possible au concours du conservatoire\u00a0?) dans son r\u00eave d&rsquo;une carri\u00e8re parisienne\u00a0: une vie loin de l&rsquo;avenir tout trac\u00e9\u00a0? On y croit. Mais seul le piano, que Firmin fera installer dans la maison pour que sa fille ne la quitte plus, t\u00e9moigne de ce qui aurait pu \u00eatre\u2026<\/p>\n<p>Pour le futur des affaires familiales, Marie-Ernestine \u00e9pousera Jules, le 17\u00a0juin 1905. Qui lui \u00ab\u00a0donnera\u00a0\u00bb une fille, Marguerite. Avec puissance, l&rsquo;\u00e9crivain fait voir, tout du long, ce que lui-m\u00eame n&rsquo;a pas vu, puisant dans sa famille paternelle des histoires qu&rsquo;il remplit magnifiquement, soignant les ambiances selon les \u00e9poques.<\/p>\n<p>Voici un livre o\u00f9 le plaisir est constant, \u00e0 peine ralenti sur les quelques pages d\u00e9crivant les tranch\u00e9es tant nous sommes avides du sort des personnages, impatients de les retrouver, de savoir ce qui se cache derri\u00e8re l&rsquo;apparition de la blonde Paulette \u2013 n\u00e9faste, avertit l&rsquo;auteur \u2013, et du si bouleversant Andr\u00e9.<\/p>\n<p>\n\u00c0 D\u00e9couvrir<br \/>\n<strong class=\"discover-kangourou__line\"><br \/>\n<img decoding=\"async\" class=\"discover-kangourou__img\" src=\"https:\/\/static.lpnt.fr\/static\/img\/kangourou\/kangourou_filled.svg\"\/><br \/>\n<strong class=\"discover-kangourou__txt\"><br \/>\n<strong>Le Kangourou du jour<\/strong><br \/>\n<a href=\"https:\/\/kangourou.lepoint.fr\" title=\"kangourou\" data-gtm-cta=\"kangourou_article\" class=\"discover-kangourou__lnk\" target=\"_blank\" rel=\"noopener\"><br \/>\nR\u00e9pondre<br \/>\n<\/a><br \/>\n<\/strong><br \/>\n<\/strong><br \/>\nAu-del\u00e0 de la fresque familiale, ce roman retrace, pour ainsi dire de l&rsquo;int\u00e9rieur, l&rsquo;histoire de la condition des femmes. Tout en rendant gloire \u00e0 la fiction, car Mauvignier y est pr\u00e9sent, \u00ab\u00a0invente\u00a0\u00bb, \u00ab\u00a0suppose\u00a0\u00bb, fait surgir des sc\u00e8nes qu&rsquo;il commente (\u00ab\u00a0ce vaudeville qui est un d\u00e9sastre\u00a0\u00bb), voit lui r\u00e9sister certaines, mais pas celle o\u00f9 Marguerite colle son oreille contre le parquet de sa chambre pour \u00e9couter sa m\u00e8re jouer du piano, ce qu&rsquo;elle lui a toujours refus\u00e9, et voil\u00e0 ou \u00e7a vous m\u00e8ne. Quel exploit\u00a0! Jusqu&rsquo;aux couleurs d&rsquo;un petit foulard jaune sur des dossiers gris\u2026 Et le cerisier du d\u00e9but, sur lequel se referme ce tr\u00e8s grand livre.<\/p>\n<p>\u00ab\u00a0La Maison vide\u00a0\u00bb, de Laurent Mauvignier (\u00c9d. de Minuit, 752\u00a0p., 25\u00a0\u20ac). En librairie le 28\u00a0ao\u00fbt 2025.<\/p>\n<p>Toute l\u2019actualit\u00e9 \u00e0 1\u20ac le premier mois<\/p>\n<p><a href=\"https:\/\/abo.lepoint.fr\/?provenance=21EDI020098\" class=\"btn\" title=\"S&#039;abonner\" data-gtm=\"click:abo|display:abo\" data-campaign=\"paywall_maison\" target=\"_blank\" rel=\"noopener\">S&rsquo;abonner<\/a><\/p>\n<p>ou<\/p>\n","protected":false},"excerpt":{"rendered":"Emma Bovary a une petite s\u0153ur, Marie-Ernestine. Et la fille de celle-ci, Marguerite, peut tendre la main \u00e0&hellip;\n","protected":false},"author":2,"featured_media":339271,"comment_status":"","ping_status":"","sticky":false,"template":"","format":"standard","meta":{"footnotes":""},"categories":[1357],"tags":[1379,58,4660,59,1011,27,47537,1380,37338],"class_list":{"0":"post-339270","1":"post","2":"type-post","3":"status-publish","4":"format-standard","5":"has-post-thumbnail","7":"category-livres","8":"tag-books","9":"tag-divertissement","10":"tag-edition","11":"tag-entertainment","12":"tag-fr","13":"tag-france","14":"tag-laurent-mauvignier","15":"tag-livres","16":"tag-rentree-litteraire"},"share_on_mastodon":{"url":"https:\/\/pubeurope.com\/@fr\/115080085192164425","error":""},"_links":{"self":[{"href":"https:\/\/www.europesays.com\/fr\/wp-json\/wp\/v2\/posts\/339270","targetHints":{"allow":["GET"]}}],"collection":[{"href":"https:\/\/www.europesays.com\/fr\/wp-json\/wp\/v2\/posts"}],"about":[{"href":"https:\/\/www.europesays.com\/fr\/wp-json\/wp\/v2\/types\/post"}],"author":[{"embeddable":true,"href":"https:\/\/www.europesays.com\/fr\/wp-json\/wp\/v2\/users\/2"}],"replies":[{"embeddable":true,"href":"https:\/\/www.europesays.com\/fr\/wp-json\/wp\/v2\/comments?post=339270"}],"version-history":[{"count":0,"href":"https:\/\/www.europesays.com\/fr\/wp-json\/wp\/v2\/posts\/339270\/revisions"}],"wp:featuredmedia":[{"embeddable":true,"href":"https:\/\/www.europesays.com\/fr\/wp-json\/wp\/v2\/media\/339271"}],"wp:attachment":[{"href":"https:\/\/www.europesays.com\/fr\/wp-json\/wp\/v2\/media?parent=339270"}],"wp:term":[{"taxonomy":"category","embeddable":true,"href":"https:\/\/www.europesays.com\/fr\/wp-json\/wp\/v2\/categories?post=339270"},{"taxonomy":"post_tag","embeddable":true,"href":"https:\/\/www.europesays.com\/fr\/wp-json\/wp\/v2\/tags?post=339270"}],"curies":[{"name":"wp","href":"https:\/\/api.w.org\/{rel}","templated":true}]}}